{"id":8358,"date":"2020-10-28T13:06:00","date_gmt":"2020-10-28T19:06:00","guid":{"rendered":"http:\/\/tvalaire.com\/?p=8358"},"modified":"2020-11-02T13:06:55","modified_gmt":"2020-11-02T19:06:55","slug":"ofreceran-un-taller-de-cine-y-video","status":"publish","type":"post","link":"http:\/\/tvalaire.com\/?p=8358","title":{"rendered":"OFRECER\u00c1N UN TALLER DE CINE Y VIDEO"},"content":{"rendered":"\n<p><\/p>\n\n\n\n<ul class=\"wp-block-list\"><li><strong>Sin\ncosto y se desarrollar\u00e1 el 17 de noviembre en la Escuela de Artes<\/strong><\/li><li><strong>Lo\nimpartir\u00e1 Fernando G. Sandoval fundador de MIAX<\/strong><\/li><\/ul>\n\n\n\n<p>La direcci\u00f3n de Cultura a\ntrav\u00e9s de la Escuela de Artes participa tambi\u00e9n dentro del programa del\nFestival de Cine MIAX, con la promoci\u00f3n de un taller de cine y video sobre\nlenguaje audiovisual que ser\u00e1 abierto y gratuito a los amantes de este arte.<\/p>\n\n\n\n<p>Los asistentes podr\u00e1n\naprender sobre planos, \u00e1ngulos, movimientos de c\u00e1maras, transiciones, teor\u00eda\ndel montaje y composici\u00f3n audiovisual.<\/p>\n\n\n\n<p>El taller se tiene previsto\npara el martes 17 de noviembre en las instalaciones de la Escuela de Artes La\nPiedad y ser\u00e1 impartido por el fundador de la Muestra Independiente Audiovisual\nde Xalisco (MIAX), Fernando G. Sandoval.<\/p>\n\n\n\n<p>Este \u00faltimo es egresado de\nla Licenciatura en Gesti\u00f3n Cultural por la Universidad de Guadalajara con\nformaci\u00f3n independiente en m\u00fasica y producci\u00f3n audiovisual; dentro de su labor\nprofesional cuenta con reconocimientos a nivel nacional e internacional, adem\u00e1s\nde una amplia experiencia en el dise\u00f1o, planeaci\u00f3n, organizaci\u00f3n y direcci\u00f3n de\nproyectos art\u00edsticos culturales.<\/p>\n\n\n\n<p>El horario se desarrollar\u00e1\nde las 11:00 a las 14:00 horas, no tendr\u00e1 ning\u00fan costo y el \u00fanico requisito que\nse pedir\u00e1 a los participantes es llevar una c\u00e1mara profesional o incluso,\npodr\u00e1n utilizar su tel\u00e9fono celular.<\/p>\n\n\n\n<p>Para ello, el director de\ncultura Guillermo Rico, invit\u00f3 a los interesados a no dejar pasar esta\noportunidad e inscribirse en este taller, ya que el cupo ser\u00e1 limitado.<\/p>\n\n\n\n<p>Explic\u00f3 que para garantizar\nla seguridad sanitaria de los asistentes, se establecer\u00e1n las medidas de sana\ndistancia y se obligar\u00e1 a los participantes portar cubrebocas.<\/p>\n","protected":false},"excerpt":{"rendered":"<p>Sin costo y se desarrollar\u00e1 el 17 de noviembre en la Escuela de Artes Lo&#8230;<\/p>\n","protected":false},"author":1,"featured_media":8359,"comment_status":"open","ping_status":"open","sticky":false,"template":"","format":"standard","meta":{"jetpack_post_was_ever_published":false,"_jetpack_newsletter_access":"","_jetpack_dont_email_post_to_subs":false,"_jetpack_newsletter_tier_id":0,"_jetpack_memberships_contains_paywalled_content":false,"_jetpack_memberships_contains_paid_content":false,"footnotes":"","jetpack_publicize_message":"","jetpack_publicize_feature_enabled":true,"jetpack_social_post_already_shared":true,"jetpack_social_options":{"image_generator_settings":{"template":"highway","enabled":false},"version":2}},"categories":[1],"tags":[15],"class_list":["post-8358","post","type-post","status-publish","format-standard","has-post-thumbnail","hentry","category-la-piedad","tag-la-piedad"],"jetpack_publicize_connections":[],"jetpack_sharing_enabled":true,"featured_image_urls":{"full":["http:\/\/tvalaire.com\/wp-content\/uploads\/2020\/11\/1.jpg",720,960,false],"thumbnail":["http:\/\/tvalaire.com\/wp-content\/uploads\/2020\/11\/1-150x150.jpg",150,150,true],"medium":["http:\/\/tvalaire.com\/wp-content\/uploads\/2020\/11\/1-225x300.jpg",225,300,true],"medium_large":["http:\/\/tvalaire.com\/wp-content\/uploads\/2020\/11\/1.jpg",640,853,false],"large":["http:\/\/tvalaire.com\/wp-content\/uploads\/2020\/11\/1.jpg",640,853,false],"post-slider-thumb-size":["http:\/\/tvalaire.com\/wp-content\/uploads\/2020\/11\/1-330x190.jpg",330,190,true],"post-category-slider-size":["http:\/\/tvalaire.com\/wp-content\/uploads\/2020\/11\/1.jpg",263,350,false],"1536x1536":["http:\/\/tvalaire.com\/wp-content\/uploads\/2020\/11\/1.jpg",720,960,false],"2048x2048":["http:\/\/tvalaire.com\/wp-content\/uploads\/2020\/11\/1.jpg",720,960,false],"newsium-slider-full":["http:\/\/tvalaire.com\/wp-content\/uploads\/2020\/11\/1-720x845.jpg",720,845,true],"newsium-featured":["http:\/\/tvalaire.com\/wp-content\/uploads\/2020\/11\/1.jpg",720,960,false],"newsium-medium":["http:\/\/tvalaire.com\/wp-content\/uploads\/2020\/11\/1-720x475.jpg",720,475,true]},"author_info":{"info":["tvalairenoti"]},"category_info":"<a href=\"http:\/\/tvalaire.com\/?cat=1\" rel=\"category\">La Piedad<\/a>","tag_info":"La Piedad","comment_count":"0","jetpack_featured_media_url":"http:\/\/tvalaire.com\/wp-content\/uploads\/2020\/11\/1.jpg","_links":{"self":[{"href":"http:\/\/tvalaire.com\/index.php?rest_route=\/wp\/v2\/posts\/8358"}],"collection":[{"href":"http:\/\/tvalaire.com\/index.php?rest_route=\/wp\/v2\/posts"}],"about":[{"href":"http:\/\/tvalaire.com\/index.php?rest_route=\/wp\/v2\/types\/post"}],"author":[{"embeddable":true,"href":"http:\/\/tvalaire.com\/index.php?rest_route=\/wp\/v2\/users\/1"}],"replies":[{"embeddable":true,"href":"http:\/\/tvalaire.com\/index.php?rest_route=%2Fwp%2Fv2%2Fcomments&post=8358"}],"version-history":[{"count":1,"href":"http:\/\/tvalaire.com\/index.php?rest_route=\/wp\/v2\/posts\/8358\/revisions"}],"predecessor-version":[{"id":8360,"href":"http:\/\/tvalaire.com\/index.php?rest_route=\/wp\/v2\/posts\/8358\/revisions\/8360"}],"wp:featuredmedia":[{"embeddable":true,"href":"http:\/\/tvalaire.com\/index.php?rest_route=\/wp\/v2\/media\/8359"}],"wp:attachment":[{"href":"http:\/\/tvalaire.com\/index.php?rest_route=%2Fwp%2Fv2%2Fmedia&parent=8358"}],"wp:term":[{"taxonomy":"category","embeddable":true,"href":"http:\/\/tvalaire.com\/index.php?rest_route=%2Fwp%2Fv2%2Fcategories&post=8358"},{"taxonomy":"post_tag","embeddable":true,"href":"http:\/\/tvalaire.com\/index.php?rest_route=%2Fwp%2Fv2%2Ftags&post=8358"}],"curies":[{"name":"wp","href":"https:\/\/api.w.org\/{rel}","templated":true}]}}