{"id":8349,"date":"2020-10-27T13:01:00","date_gmt":"2020-10-27T19:01:00","guid":{"rendered":"http:\/\/tvalaire.com\/?p=8349"},"modified":"2020-11-02T13:03:17","modified_gmt":"2020-11-02T19:03:17","slug":"promueve-direccion-de-cultura-el-festival-de-dia-de-muertos-en-linea","status":"publish","type":"post","link":"http:\/\/tvalaire.com\/?p=8349","title":{"rendered":"PROMUEVE DIRECCI\u00d3N DE CULTURA EL FESTIVAL DE D\u00cdA DE MUERTOS EN L\u00cdNEA"},"content":{"rendered":"\n<p><\/p>\n\n\n\n<ul class=\"wp-block-list\"><li><strong>Cultura,\ncaracterizaci\u00f3n de catrina, leyendas, cortometrajes de terror<\/strong><\/li><li><strong>Especialistas\ndar\u00e1n a conocer el significado del altar <\/strong><\/li><\/ul>\n\n\n\n<p>Con el fin de no dejar pasar\nuna de nuestras tradiciones aun en \u00e9pocas de pandemia, el Gobierno Municipal a\ntrav\u00e9s de la direcci\u00f3n de Cultura llevar\u00e1 a cabo un Festival de D\u00eda de Muertos\n2020 en l\u00ednea.<\/p>\n\n\n\n<p>Para ello cuenta con un\nprograma que tiene incluidos m\u00e1s de 10 eventos los cuales podr\u00e1n ser\ndisfrutados a trav\u00e9s de la p\u00e1gina de Facebook de la Escuela de Artes.Guillermo\nRico director de la dependencia dio a conocer el programa que incluir\u00e1 los d\u00edas\n1 y 2 de noviembre.<\/p>\n\n\n\n<p>Para el primer evento\nprogramado ser\u00e1 a las 10:00 horas con una pl\u00e1tica dirigida por la doctora en\nantropolog\u00eda Magdalena Garc\u00eda sobre \u201c\u00bfQu\u00e9 es el D\u00eda de Muertos? Tradici\u00f3n y\ncultura\u201d.<\/p>\n\n\n\n<p>A las 13:00 horas se\nproyectar\u00e1 una caracterizaci\u00f3n de catrina por la maquillista Fernanda Mendoza;\na las 15:00 horas se dar\u00e1 a conocer la primera de las leyendas piedadenses del\nlibro \u201cLeyendas y Tradiciones de mi pueblo\u201d por el escritor Ramiro M\u00e9ndez.<\/p>\n\n\n\n<p>Por la tarde&nbsp; a las 18:00 horas se proyectar\u00e1 el\ncortometraje de terror por parte de Michel y Bryan Romero y cerrar\u00e1n las\nactividades virtuales a las 20:00 horas con la presentaci\u00f3n de un baile por\nparte de UniverseAcademy.<\/p>\n\n\n\n<p>Para el 2 de noviembre la\nprogramaci\u00f3n iniciar\u00e1 de nueva cuenta en los mismos horarios, primero con el \u201cSignificado\ndel altar de D\u00eda de Muertos en la tradici\u00f3n mexicana\u201d; habr\u00e1 dos leyendas m\u00e1s\nuna a las 13:00 horas y otra las 15:00 horas.<\/p>\n\n\n\n<p>Por la tarde a las 18:00\nhoras proyectar\u00e1 una exposici\u00f3n de calaveritas de las dependencias municipales\ny se cerrar\u00e1 con la interpretaci\u00f3n de La Llorona a cargo de Paola Rodr\u00edguez.<\/p>\n\n\n\n<p>Las actividades dijo, fueron\nplaneadas pensando en todos los piedadenses por lo que invit\u00f3 a la poblaci\u00f3n a\ndisfrutar de cada uno de los eventos.<\/p>\n","protected":false},"excerpt":{"rendered":"<p>Cultura, caracterizaci\u00f3n de catrina, leyendas, cortometrajes de terror Especialistas dar\u00e1n a conocer el significado del&#8230;<\/p>\n","protected":false},"author":1,"featured_media":8350,"comment_status":"open","ping_status":"open","sticky":false,"template":"","format":"standard","meta":{"jetpack_post_was_ever_published":false,"_jetpack_newsletter_access":"","_jetpack_dont_email_post_to_subs":false,"_jetpack_newsletter_tier_id":0,"_jetpack_memberships_contains_paywalled_content":false,"_jetpack_memberships_contains_paid_content":false,"footnotes":"","jetpack_publicize_message":"","jetpack_publicize_feature_enabled":true,"jetpack_social_post_already_shared":true,"jetpack_social_options":{"image_generator_settings":{"template":"highway","enabled":false},"version":2}},"categories":[1],"tags":[15],"class_list":["post-8349","post","type-post","status-publish","format-standard","has-post-thumbnail","hentry","category-la-piedad","tag-la-piedad"],"jetpack_publicize_connections":[],"jetpack_sharing_enabled":true,"featured_image_urls":{"full":["http:\/\/tvalaire.com\/wp-content\/uploads\/2020\/11\/1-2.jpeg",1280,1280,false],"thumbnail":["http:\/\/tvalaire.com\/wp-content\/uploads\/2020\/11\/1-2-150x150.jpeg",150,150,true],"medium":["http:\/\/tvalaire.com\/wp-content\/uploads\/2020\/11\/1-2-300x300.jpeg",300,300,true],"medium_large":["http:\/\/tvalaire.com\/wp-content\/uploads\/2020\/11\/1-2-768x768.jpeg",640,640,true],"large":["http:\/\/tvalaire.com\/wp-content\/uploads\/2020\/11\/1-2-1024x1024.jpeg",640,640,true],"post-slider-thumb-size":["http:\/\/tvalaire.com\/wp-content\/uploads\/2020\/11\/1-2-330x190.jpeg",330,190,true],"post-category-slider-size":["http:\/\/tvalaire.com\/wp-content\/uploads\/2020\/11\/1-2.jpeg",330,330,false],"1536x1536":["http:\/\/tvalaire.com\/wp-content\/uploads\/2020\/11\/1-2.jpeg",1280,1280,false],"2048x2048":["http:\/\/tvalaire.com\/wp-content\/uploads\/2020\/11\/1-2.jpeg",1280,1280,false],"newsium-slider-full":["http:\/\/tvalaire.com\/wp-content\/uploads\/2020\/11\/1-2-1280x845.jpeg",1280,845,true],"newsium-featured":["http:\/\/tvalaire.com\/wp-content\/uploads\/2020\/11\/1-2-1024x1024.jpeg",1024,1024,true],"newsium-medium":["http:\/\/tvalaire.com\/wp-content\/uploads\/2020\/11\/1-2-720x475.jpeg",720,475,true]},"author_info":{"info":["tvalairenoti"]},"category_info":"<a href=\"http:\/\/tvalaire.com\/?cat=1\" rel=\"category\">La Piedad<\/a>","tag_info":"La Piedad","comment_count":"0","jetpack_featured_media_url":"http:\/\/tvalaire.com\/wp-content\/uploads\/2020\/11\/1-2.jpeg","_links":{"self":[{"href":"http:\/\/tvalaire.com\/index.php?rest_route=\/wp\/v2\/posts\/8349"}],"collection":[{"href":"http:\/\/tvalaire.com\/index.php?rest_route=\/wp\/v2\/posts"}],"about":[{"href":"http:\/\/tvalaire.com\/index.php?rest_route=\/wp\/v2\/types\/post"}],"author":[{"embeddable":true,"href":"http:\/\/tvalaire.com\/index.php?rest_route=\/wp\/v2\/users\/1"}],"replies":[{"embeddable":true,"href":"http:\/\/tvalaire.com\/index.php?rest_route=%2Fwp%2Fv2%2Fcomments&post=8349"}],"version-history":[{"count":1,"href":"http:\/\/tvalaire.com\/index.php?rest_route=\/wp\/v2\/posts\/8349\/revisions"}],"predecessor-version":[{"id":8351,"href":"http:\/\/tvalaire.com\/index.php?rest_route=\/wp\/v2\/posts\/8349\/revisions\/8351"}],"wp:featuredmedia":[{"embeddable":true,"href":"http:\/\/tvalaire.com\/index.php?rest_route=\/wp\/v2\/media\/8350"}],"wp:attachment":[{"href":"http:\/\/tvalaire.com\/index.php?rest_route=%2Fwp%2Fv2%2Fmedia&parent=8349"}],"wp:term":[{"taxonomy":"category","embeddable":true,"href":"http:\/\/tvalaire.com\/index.php?rest_route=%2Fwp%2Fv2%2Fcategories&post=8349"},{"taxonomy":"post_tag","embeddable":true,"href":"http:\/\/tvalaire.com\/index.php?rest_route=%2Fwp%2Fv2%2Ftags&post=8349"}],"curies":[{"name":"wp","href":"https:\/\/api.w.org\/{rel}","templated":true}]}}