{"id":8343,"date":"2020-10-26T12:58:00","date_gmt":"2020-10-26T18:58:00","guid":{"rendered":"http:\/\/tvalaire.com\/?p=8343"},"modified":"2020-11-02T12:59:55","modified_gmt":"2020-11-02T18:59:55","slug":"concreta-alcalde-gestion-para-mas-obras-en-el-municipio","status":"publish","type":"post","link":"http:\/\/tvalaire.com\/?p=8343","title":{"rendered":"CONCRETA ALCALDE GESTI\u00d3N PARA M\u00c1S OBRAS EN EL MUNICIPIO"},"content":{"rendered":"\n<p><\/p>\n\n\n\n<ul class=\"wp-block-list\"><li><strong>Pavimentaci\u00f3n\nde la calle Hidalgo y Calzada de los Indios<\/strong><\/li><li><strong>Reconoce\nEdil apoyo del Gobernador del Estado <\/strong><\/li><\/ul>\n\n\n\n<p>Nuestro presidente\nmunicipal, Alex Espinoza, logr\u00f3 concretar dos gestiones que desde hace unos\nmeses hab\u00eda solicitado a trav\u00e9sde Gobierno del Estado a trav\u00e9s de la Secretar\u00eda\nde Finanzas y la SCOP; se trata de las pavimentaciones de las calles Hidalgo en\nel centro y Calzada de los Indios en la colonia Santa Fe.<\/p>\n\n\n\n<p>El anuncio sobre la\ncristalizaci\u00f3n de ambos proyectos, fue dado a conocer por el propio Alcalde\nquien utiliz\u00f3 las redes sociales para informar a la poblaci\u00f3n.<\/p>\n\n\n\n<p>Inform\u00f3 que en el caso de la\npavimentaci\u00f3n de la calle Hidalgo el arranque se realizar\u00e1 el pr\u00f3ximo martes 3\nde noviembre y el tramo a reparar ser\u00e1 de la 16 de Septiembre a Javier Mina y\nser\u00e1 ejecutada por la propia Direcci\u00f3n de Obras P\u00fablicas con el fin de mejorar\nlas condiciones de dicha avenida que es una de las principales en la ciudad.<\/p>\n\n\n\n<p>En d\u00edas siguientes iniciar\u00e1n\ntambi\u00e9n los trabajos de pavimentaci\u00f3n de la calle Calzada de los Indios en la\ncolonia Santa Fe; obra que ser\u00e1 licitada y ejecutada por la Secretar\u00eda de\nComunicaciones y Obras P\u00fablicas (SCOP) del Gobierno del Estado.<\/p>\n\n\n\n<p>Nuestro Alcalde, agradeci\u00f3\nal Gobernador del Estado Silvano Aureoles por el apoyo a estas dos obras, pero\nremarc\u00f3 que el paquete que present\u00f3 incluye seis proyectos de los cuales\nfaltar\u00e1n cuatro, mismos de los que seguir\u00e1 buscando la ayuda para que puedan\ntambi\u00e9n cristalizarse en beneficio de los piedadenses.<\/p>\n","protected":false},"excerpt":{"rendered":"<p>Pavimentaci\u00f3n de la calle Hidalgo y Calzada de los Indios Reconoce Edil apoyo del Gobernador&#8230;<\/p>\n","protected":false},"author":1,"featured_media":8344,"comment_status":"open","ping_status":"open","sticky":false,"template":"","format":"standard","meta":{"jetpack_post_was_ever_published":false,"_jetpack_newsletter_access":"","_jetpack_dont_email_post_to_subs":false,"_jetpack_newsletter_tier_id":0,"_jetpack_memberships_contains_paywalled_content":false,"_jetpack_memberships_contains_paid_content":false,"footnotes":"","jetpack_publicize_message":"","jetpack_publicize_feature_enabled":true,"jetpack_social_post_already_shared":true,"jetpack_social_options":{"image_generator_settings":{"template":"highway","enabled":false},"version":2}},"categories":[1],"tags":[15],"class_list":["post-8343","post","type-post","status-publish","format-standard","has-post-thumbnail","hentry","category-la-piedad","tag-la-piedad"],"jetpack_publicize_connections":[],"jetpack_sharing_enabled":true,"featured_image_urls":{"full":["http:\/\/tvalaire.com\/wp-content\/uploads\/2020\/11\/1-4-1.jpeg",1280,853,false],"thumbnail":["http:\/\/tvalaire.com\/wp-content\/uploads\/2020\/11\/1-4-1-150x150.jpeg",150,150,true],"medium":["http:\/\/tvalaire.com\/wp-content\/uploads\/2020\/11\/1-4-1-300x200.jpeg",300,200,true],"medium_large":["http:\/\/tvalaire.com\/wp-content\/uploads\/2020\/11\/1-4-1-768x512.jpeg",640,427,true],"large":["http:\/\/tvalaire.com\/wp-content\/uploads\/2020\/11\/1-4-1-1024x682.jpeg",640,426,true],"post-slider-thumb-size":["http:\/\/tvalaire.com\/wp-content\/uploads\/2020\/11\/1-4-1-330x190.jpeg",330,190,true],"post-category-slider-size":["http:\/\/tvalaire.com\/wp-content\/uploads\/2020\/11\/1-4-1.jpeg",330,220,false],"1536x1536":["http:\/\/tvalaire.com\/wp-content\/uploads\/2020\/11\/1-4-1.jpeg",1280,853,false],"2048x2048":["http:\/\/tvalaire.com\/wp-content\/uploads\/2020\/11\/1-4-1.jpeg",1280,853,false],"newsium-slider-full":["http:\/\/tvalaire.com\/wp-content\/uploads\/2020\/11\/1-4-1-1280x845.jpeg",1280,845,true],"newsium-featured":["http:\/\/tvalaire.com\/wp-content\/uploads\/2020\/11\/1-4-1-1024x682.jpeg",1024,682,true],"newsium-medium":["http:\/\/tvalaire.com\/wp-content\/uploads\/2020\/11\/1-4-1-720x475.jpeg",720,475,true]},"author_info":{"info":["tvalairenoti"]},"category_info":"<a href=\"http:\/\/tvalaire.com\/?cat=1\" rel=\"category\">La Piedad<\/a>","tag_info":"La Piedad","comment_count":"0","jetpack_featured_media_url":"http:\/\/tvalaire.com\/wp-content\/uploads\/2020\/11\/1-4-1.jpeg","_links":{"self":[{"href":"http:\/\/tvalaire.com\/index.php?rest_route=\/wp\/v2\/posts\/8343"}],"collection":[{"href":"http:\/\/tvalaire.com\/index.php?rest_route=\/wp\/v2\/posts"}],"about":[{"href":"http:\/\/tvalaire.com\/index.php?rest_route=\/wp\/v2\/types\/post"}],"author":[{"embeddable":true,"href":"http:\/\/tvalaire.com\/index.php?rest_route=\/wp\/v2\/users\/1"}],"replies":[{"embeddable":true,"href":"http:\/\/tvalaire.com\/index.php?rest_route=%2Fwp%2Fv2%2Fcomments&post=8343"}],"version-history":[{"count":1,"href":"http:\/\/tvalaire.com\/index.php?rest_route=\/wp\/v2\/posts\/8343\/revisions"}],"predecessor-version":[{"id":8345,"href":"http:\/\/tvalaire.com\/index.php?rest_route=\/wp\/v2\/posts\/8343\/revisions\/8345"}],"wp:featuredmedia":[{"embeddable":true,"href":"http:\/\/tvalaire.com\/index.php?rest_route=\/wp\/v2\/media\/8344"}],"wp:attachment":[{"href":"http:\/\/tvalaire.com\/index.php?rest_route=%2Fwp%2Fv2%2Fmedia&parent=8343"}],"wp:term":[{"taxonomy":"category","embeddable":true,"href":"http:\/\/tvalaire.com\/index.php?rest_route=%2Fwp%2Fv2%2Fcategories&post=8343"},{"taxonomy":"post_tag","embeddable":true,"href":"http:\/\/tvalaire.com\/index.php?rest_route=%2Fwp%2Fv2%2Ftags&post=8343"}],"curies":[{"name":"wp","href":"https:\/\/api.w.org\/{rel}","templated":true}]}}