{"id":8340,"date":"2020-10-26T12:56:00","date_gmt":"2020-10-26T18:56:00","guid":{"rendered":"http:\/\/tvalaire.com\/?p=8340"},"modified":"2020-11-02T12:58:28","modified_gmt":"2020-11-02T18:58:28","slug":"controlan-incendio-en-el-basurero-municipal","status":"publish","type":"post","link":"http:\/\/tvalaire.com\/?p=8340","title":{"rendered":"CONTROLAN INCENDIO EN EL BASURERO MUNICIPAL"},"content":{"rendered":"\n<p><\/p>\n\n\n\n<ul class=\"wp-block-list\"><li><strong>Las\ncondiciones climatol\u00f3gicas posible causante<\/strong><\/li><li><strong>Servicios\nP\u00fablicos procedi\u00f3 con el sofocamiento del fuego<\/strong><\/li><\/ul>\n\n\n\n<p>Personal de Servicios\nP\u00fablicos se encuentran sofocando el incendio suscitado este domingo poco\ndespu\u00e9s de las 2:00 de la tarde en el basurero a cielo abierto.<\/p>\n\n\n\n<p>El subdirector de la\ndependencia, Jos\u00e9 Ayala inform\u00f3 que desde el momento en el que el incendio fue\nreportado, se procedi\u00f3 a iniciar las acciones de sofocamiento a base de relleno\nde tepetate.<\/p>\n\n\n\n<p>Para ello se canaliz\u00f3 una\nm\u00e1quina D-6, un trascabo as\u00ed como un cami\u00f3n para transportar tepetate de uno de\nlos bancos que se localizan en las cercan\u00edas del basurero, con el fin de\ncontrolar las llamas.<\/p>\n\n\n\n<p>Explic\u00f3 que el incendi\u00f3 se\nregistr\u00f3 en un extremo del basurero ocasionado por las altas temperaturas y las\nacciones inmediatas evitaron que se propagara a otra puntos del lugar.<\/p>\n\n\n\n<p>De esta manera desde el\ndomingo despu\u00e9s de las 2:00 de la tarde, el d\u00eda de hoy y ma\u00f1ana trabajadores de\nServicios P\u00fablicos apoyados con la maquinaria ya descrita, realizar\u00e1n labores\nde sofocamiento hasta mantenerlo totalmente controlado y bajar el humo que\nmolesta a los habitantes de las cercan\u00edas del lugar.<\/p>\n\n\n\n<p>Esta labor indic\u00f3 Jos\u00e9 Ayala\nque no afectan en nada el servicio y atenci\u00f3n que el Gobierno Municipal a\ntrav\u00e9s de Servicios P\u00fablicos, realiza con la recolecci\u00f3n de la basura en la ciudad.<\/p>\n\n\n\n<p>Tampoco les ha impedido\ntrasladar a los camiones cargados de basura para seguir depositando los\nderechos en este lugar, debido a que afortunadamente se trat\u00f3 s\u00f3lo de una\npeque\u00f1a \u00e1rea donde se registr\u00f3 el incendio.<\/p>\n","protected":false},"excerpt":{"rendered":"<p>Las condiciones climatol\u00f3gicas posible causante Servicios P\u00fablicos procedi\u00f3 con el sofocamiento del fuego Personal de&#8230;<\/p>\n","protected":false},"author":1,"featured_media":8341,"comment_status":"open","ping_status":"open","sticky":false,"template":"","format":"standard","meta":{"jetpack_post_was_ever_published":false,"_jetpack_newsletter_access":"","_jetpack_dont_email_post_to_subs":false,"_jetpack_newsletter_tier_id":0,"_jetpack_memberships_contains_paywalled_content":false,"_jetpack_memberships_contains_paid_content":false,"footnotes":"","jetpack_publicize_message":"","jetpack_publicize_feature_enabled":true,"jetpack_social_post_already_shared":true,"jetpack_social_options":{"image_generator_settings":{"template":"highway","enabled":false},"version":2}},"categories":[1],"tags":[15],"class_list":["post-8340","post","type-post","status-publish","format-standard","has-post-thumbnail","hentry","category-la-piedad","tag-la-piedad"],"jetpack_publicize_connections":[],"jetpack_sharing_enabled":true,"featured_image_urls":{"full":["http:\/\/tvalaire.com\/wp-content\/uploads\/2020\/11\/1-4.jpeg",1280,960,false],"thumbnail":["http:\/\/tvalaire.com\/wp-content\/uploads\/2020\/11\/1-4-150x150.jpeg",150,150,true],"medium":["http:\/\/tvalaire.com\/wp-content\/uploads\/2020\/11\/1-4-300x225.jpeg",300,225,true],"medium_large":["http:\/\/tvalaire.com\/wp-content\/uploads\/2020\/11\/1-4-768x576.jpeg",640,480,true],"large":["http:\/\/tvalaire.com\/wp-content\/uploads\/2020\/11\/1-4-1024x768.jpeg",640,480,true],"post-slider-thumb-size":["http:\/\/tvalaire.com\/wp-content\/uploads\/2020\/11\/1-4-330x190.jpeg",330,190,true],"post-category-slider-size":["http:\/\/tvalaire.com\/wp-content\/uploads\/2020\/11\/1-4.jpeg",330,248,false],"1536x1536":["http:\/\/tvalaire.com\/wp-content\/uploads\/2020\/11\/1-4.jpeg",1280,960,false],"2048x2048":["http:\/\/tvalaire.com\/wp-content\/uploads\/2020\/11\/1-4.jpeg",1280,960,false],"newsium-slider-full":["http:\/\/tvalaire.com\/wp-content\/uploads\/2020\/11\/1-4-1280x845.jpeg",1280,845,true],"newsium-featured":["http:\/\/tvalaire.com\/wp-content\/uploads\/2020\/11\/1-4-1024x768.jpeg",1024,768,true],"newsium-medium":["http:\/\/tvalaire.com\/wp-content\/uploads\/2020\/11\/1-4-720x475.jpeg",720,475,true]},"author_info":{"info":["tvalairenoti"]},"category_info":"<a href=\"http:\/\/tvalaire.com\/?cat=1\" rel=\"category\">La Piedad<\/a>","tag_info":"La Piedad","comment_count":"0","jetpack_featured_media_url":"http:\/\/tvalaire.com\/wp-content\/uploads\/2020\/11\/1-4.jpeg","_links":{"self":[{"href":"http:\/\/tvalaire.com\/index.php?rest_route=\/wp\/v2\/posts\/8340"}],"collection":[{"href":"http:\/\/tvalaire.com\/index.php?rest_route=\/wp\/v2\/posts"}],"about":[{"href":"http:\/\/tvalaire.com\/index.php?rest_route=\/wp\/v2\/types\/post"}],"author":[{"embeddable":true,"href":"http:\/\/tvalaire.com\/index.php?rest_route=\/wp\/v2\/users\/1"}],"replies":[{"embeddable":true,"href":"http:\/\/tvalaire.com\/index.php?rest_route=%2Fwp%2Fv2%2Fcomments&post=8340"}],"version-history":[{"count":1,"href":"http:\/\/tvalaire.com\/index.php?rest_route=\/wp\/v2\/posts\/8340\/revisions"}],"predecessor-version":[{"id":8342,"href":"http:\/\/tvalaire.com\/index.php?rest_route=\/wp\/v2\/posts\/8340\/revisions\/8342"}],"wp:featuredmedia":[{"embeddable":true,"href":"http:\/\/tvalaire.com\/index.php?rest_route=\/wp\/v2\/media\/8341"}],"wp:attachment":[{"href":"http:\/\/tvalaire.com\/index.php?rest_route=%2Fwp%2Fv2%2Fmedia&parent=8340"}],"wp:term":[{"taxonomy":"category","embeddable":true,"href":"http:\/\/tvalaire.com\/index.php?rest_route=%2Fwp%2Fv2%2Fcategories&post=8340"},{"taxonomy":"post_tag","embeddable":true,"href":"http:\/\/tvalaire.com\/index.php?rest_route=%2Fwp%2Fv2%2Ftags&post=8340"}],"curies":[{"name":"wp","href":"https:\/\/api.w.org\/{rel}","templated":true}]}}