{"id":834,"date":"2017-03-10T09:19:50","date_gmt":"2017-03-10T15:19:50","guid":{"rendered":"http:\/\/tvalaire.com\/?p=834"},"modified":"2017-03-10T09:19:50","modified_gmt":"2017-03-10T15:19:50","slug":"con-rodada-y-acto-en-la-plaza-concluye-gobierno-festividad-en-honor-a-las-mujeres","status":"publish","type":"post","link":"http:\/\/tvalaire.com\/?p=834","title":{"rendered":"CON RODADA Y ACTO EN LA PLAZA CONCLUYE GOBIERNO FESTIVIDAD EN HONOR A LAS MUJERES"},"content":{"rendered":"<p>&nbsp;<\/p>\n<p>Autoridades municipales conmemoraron y reconocieron la diversidad de acciones que realiza en su vida diaria la mujer, durante el acto oficial con el cual culminaron las actividades con motivo de la conmemoraci\u00f3n del D\u00eda Internacional de la Mujer.<\/p>\n<p>Los eventos para conmemorar el d\u00eda, iniciaron por la ma\u00f1ana con diversas conferencias, pero concluyeron en la Plaza Principal donde termin\u00f3 la rodada de motos y bicicletas que organiz\u00f3 el Gobierno local a trav\u00e9s del Instituto Municipal de la Mujer (IMM).<\/p>\n<p>Daniel V\u00e1zquez Zavala Secretario del Ayuntamiento en representaci\u00f3n del Alcalde Juan Manuel Estrada Medina, saludo a las personas que estuvieron presentes y reconoci\u00f3 la labor del sector femenino, quienes cuentan con un cofrecito de cualidades y virtudes. Lament\u00f3 que hayan tenido que pasar desgracias como las m\u00e1rtires de Chicago para que se reconociera la funci\u00f3n que realizan las mujeres. Por lo que reconoci\u00f3 a las ah\u00ed presentes, por la diversidad de acciones que realizan en su vida diaria.<\/p>\n<p>Sandra Arely \u00c1vila Garc\u00eda, directora del Instituto Municipal de la Mujer, agradeci\u00f3 a los clubes de motos y bicicletas que asistieron a la rodada a quienes entregaron un reconocimiento oficial y acto seguido, pidi\u00f3 hacer un c\u00edrculo en la Plaza Principal y entregaron globos blancos para dar un minuto de silencio por todas las mujeres que ya no est\u00e1n presentes y para finalizar todos soltaron los globos al cielo.<\/p>\n<p>Cabe destacar que por la tarde se exhibi\u00f3 una pel\u00edcula infantil en la Plaza Principal y se iluminaron las fuentes y edificios hist\u00f3ricos como el Santuario del Se\u00f1or de La Piedad y la Presidencia Municipal, con los colores lila en se\u00f1al de apoyo y reconocimiento a la mujer.<\/p>\n<p>Con estas actividades se hizo homenaje a todas las mujeres de La Piedad, por ser verdaderas guerreras incansables que son el pilar de las familias y se exhibi\u00f3 un video con la canci\u00f3n que ser\u00e1 el Himno de las Mujeres.<\/p>\n<p>El recorrido de la rodada inicio a las 20:00 horas del parque Venustiano Carranza y avanz\u00f3 por las principales calles hasta llegar a la Plaza Principal por la calle Hidalgo; en el Centro Hist\u00f3rico autoridades municipales estuvieron presentes encabezadas por el Secretario del Ayuntamiento; la directora del IMM; los regidores, Alicia Ojeda P\u00e9rez, Brenda Orozco Torres, Estefan\u00eda Espinosa Gonz\u00e1lez y Alejandro Salda\u00f1a Aguilar, Mary Vega en representaci\u00f3n del director de educaci\u00f3n, as\u00ed como la reina y princesas de las Fiestas Patrias.<\/p>\n<p>&nbsp;<\/p>\n<p><img loading=\"lazy\" decoding=\"async\" class=\"alignnone size-medium wp-image-829\" src=\"http:\/\/tvalaire.com\/wp-content\/uploads\/2017\/03\/CON-RODADA-Y-ACTO-EN-LA-PLAZA-CONCLUYE-GOBIERNO-FESTIVIDAD-EN-HONOR-A-LAS-MUJERES2-300x200.jpg\" alt=\"\" width=\"300\" height=\"200\" srcset=\"http:\/\/tvalaire.com\/wp-content\/uploads\/2017\/03\/CON-RODADA-Y-ACTO-EN-LA-PLAZA-CONCLUYE-GOBIERNO-FESTIVIDAD-EN-HONOR-A-LAS-MUJERES2-300x200.jpg 300w, http:\/\/tvalaire.com\/wp-content\/uploads\/2017\/03\/CON-RODADA-Y-ACTO-EN-LA-PLAZA-CONCLUYE-GOBIERNO-FESTIVIDAD-EN-HONOR-A-LAS-MUJERES2-768x512.jpg 768w, http:\/\/tvalaire.com\/wp-content\/uploads\/2017\/03\/CON-RODADA-Y-ACTO-EN-LA-PLAZA-CONCLUYE-GOBIERNO-FESTIVIDAD-EN-HONOR-A-LAS-MUJERES2-1024x683.jpg 1024w, http:\/\/tvalaire.com\/wp-content\/uploads\/2017\/03\/CON-RODADA-Y-ACTO-EN-LA-PLAZA-CONCLUYE-GOBIERNO-FESTIVIDAD-EN-HONOR-A-LAS-MUJERES2.jpg 2048w\" sizes=\"(max-width: 300px) 100vw, 300px\" \/><\/p>\n<p><img loading=\"lazy\" decoding=\"async\" class=\"alignnone size-medium wp-image-830\" src=\"http:\/\/tvalaire.com\/wp-content\/uploads\/2017\/03\/CON-RODADA-Y-ACTO-EN-LA-PLAZA-CONCLUYE-GOBIERNO-FESTIVIDAD-EN-HONOR-A-LAS-MUJERES3-300x200.jpg\" alt=\"\" width=\"300\" height=\"200\" srcset=\"http:\/\/tvalaire.com\/wp-content\/uploads\/2017\/03\/CON-RODADA-Y-ACTO-EN-LA-PLAZA-CONCLUYE-GOBIERNO-FESTIVIDAD-EN-HONOR-A-LAS-MUJERES3-300x200.jpg 300w, http:\/\/tvalaire.com\/wp-content\/uploads\/2017\/03\/CON-RODADA-Y-ACTO-EN-LA-PLAZA-CONCLUYE-GOBIERNO-FESTIVIDAD-EN-HONOR-A-LAS-MUJERES3-768x512.jpg 768w, http:\/\/tvalaire.com\/wp-content\/uploads\/2017\/03\/CON-RODADA-Y-ACTO-EN-LA-PLAZA-CONCLUYE-GOBIERNO-FESTIVIDAD-EN-HONOR-A-LAS-MUJERES3-1024x683.jpg 1024w, http:\/\/tvalaire.com\/wp-content\/uploads\/2017\/03\/CON-RODADA-Y-ACTO-EN-LA-PLAZA-CONCLUYE-GOBIERNO-FESTIVIDAD-EN-HONOR-A-LAS-MUJERES3.jpg 2048w\" sizes=\"(max-width: 300px) 100vw, 300px\" \/><\/p>\n","protected":false},"excerpt":{"rendered":"<p>&nbsp; Autoridades municipales conmemoraron y reconocieron la diversidad de acciones que realiza en su vida&#8230;<\/p>\n","protected":false},"author":1,"featured_media":828,"comment_status":"open","ping_status":"open","sticky":false,"template":"","format":"standard","meta":{"jetpack_post_was_ever_published":false,"_jetpack_newsletter_access":"","_jetpack_dont_email_post_to_subs":false,"_jetpack_newsletter_tier_id":0,"_jetpack_memberships_contains_paywalled_content":false,"_jetpack_memberships_contains_paid_content":false,"footnotes":"","jetpack_publicize_message":"","jetpack_publicize_feature_enabled":true,"jetpack_social_post_already_shared":false,"jetpack_social_options":{"image_generator_settings":{"template":"highway","enabled":false},"version":2}},"categories":[1],"tags":[15,36],"class_list":["post-834","post","type-post","status-publish","format-standard","has-post-thumbnail","hentry","category-la-piedad","tag-la-piedad","tag-principales"],"jetpack_publicize_connections":[],"jetpack_sharing_enabled":true,"featured_image_urls":{"full":["http:\/\/tvalaire.com\/wp-content\/uploads\/2017\/03\/CON-RODADA-Y-ACTO-EN-LA-PLAZA-CONCLUYE-GOBIERNO-FESTIVIDAD-EN-HONOR-A-LAS-MUJERES.jpg",2048,1365,false],"thumbnail":["http:\/\/tvalaire.com\/wp-content\/uploads\/2017\/03\/CON-RODADA-Y-ACTO-EN-LA-PLAZA-CONCLUYE-GOBIERNO-FESTIVIDAD-EN-HONOR-A-LAS-MUJERES-150x150.jpg",150,150,true],"medium":["http:\/\/tvalaire.com\/wp-content\/uploads\/2017\/03\/CON-RODADA-Y-ACTO-EN-LA-PLAZA-CONCLUYE-GOBIERNO-FESTIVIDAD-EN-HONOR-A-LAS-MUJERES-300x200.jpg",300,200,true],"medium_large":["http:\/\/tvalaire.com\/wp-content\/uploads\/2017\/03\/CON-RODADA-Y-ACTO-EN-LA-PLAZA-CONCLUYE-GOBIERNO-FESTIVIDAD-EN-HONOR-A-LAS-MUJERES-768x512.jpg",640,427,true],"large":["http:\/\/tvalaire.com\/wp-content\/uploads\/2017\/03\/CON-RODADA-Y-ACTO-EN-LA-PLAZA-CONCLUYE-GOBIERNO-FESTIVIDAD-EN-HONOR-A-LAS-MUJERES-1024x683.jpg",640,427,true],"post-slider-thumb-size":["http:\/\/tvalaire.com\/wp-content\/uploads\/2017\/03\/CON-RODADA-Y-ACTO-EN-LA-PLAZA-CONCLUYE-GOBIERNO-FESTIVIDAD-EN-HONOR-A-LAS-MUJERES.jpg",285,190,false],"post-category-slider-size":["http:\/\/tvalaire.com\/wp-content\/uploads\/2017\/03\/CON-RODADA-Y-ACTO-EN-LA-PLAZA-CONCLUYE-GOBIERNO-FESTIVIDAD-EN-HONOR-A-LAS-MUJERES.jpg",330,220,false],"1536x1536":["http:\/\/tvalaire.com\/wp-content\/uploads\/2017\/03\/CON-RODADA-Y-ACTO-EN-LA-PLAZA-CONCLUYE-GOBIERNO-FESTIVIDAD-EN-HONOR-A-LAS-MUJERES.jpg",1536,1024,false],"2048x2048":["http:\/\/tvalaire.com\/wp-content\/uploads\/2017\/03\/CON-RODADA-Y-ACTO-EN-LA-PLAZA-CONCLUYE-GOBIERNO-FESTIVIDAD-EN-HONOR-A-LAS-MUJERES.jpg",2048,1365,false],"newsium-slider-full":["http:\/\/tvalaire.com\/wp-content\/uploads\/2017\/03\/CON-RODADA-Y-ACTO-EN-LA-PLAZA-CONCLUYE-GOBIERNO-FESTIVIDAD-EN-HONOR-A-LAS-MUJERES.jpg",1268,845,false],"newsium-featured":["http:\/\/tvalaire.com\/wp-content\/uploads\/2017\/03\/CON-RODADA-Y-ACTO-EN-LA-PLAZA-CONCLUYE-GOBIERNO-FESTIVIDAD-EN-HONOR-A-LAS-MUJERES.jpg",1024,683,false],"newsium-medium":["http:\/\/tvalaire.com\/wp-content\/uploads\/2017\/03\/CON-RODADA-Y-ACTO-EN-LA-PLAZA-CONCLUYE-GOBIERNO-FESTIVIDAD-EN-HONOR-A-LAS-MUJERES.jpg",713,475,false]},"author_info":{"info":["tvalairenoti"]},"category_info":"<a href=\"http:\/\/tvalaire.com\/?cat=1\" rel=\"category\">La Piedad<\/a>","tag_info":"La Piedad","comment_count":"0","jetpack_featured_media_url":"http:\/\/tvalaire.com\/wp-content\/uploads\/2017\/03\/CON-RODADA-Y-ACTO-EN-LA-PLAZA-CONCLUYE-GOBIERNO-FESTIVIDAD-EN-HONOR-A-LAS-MUJERES.jpg","_links":{"self":[{"href":"http:\/\/tvalaire.com\/index.php?rest_route=\/wp\/v2\/posts\/834"}],"collection":[{"href":"http:\/\/tvalaire.com\/index.php?rest_route=\/wp\/v2\/posts"}],"about":[{"href":"http:\/\/tvalaire.com\/index.php?rest_route=\/wp\/v2\/types\/post"}],"author":[{"embeddable":true,"href":"http:\/\/tvalaire.com\/index.php?rest_route=\/wp\/v2\/users\/1"}],"replies":[{"embeddable":true,"href":"http:\/\/tvalaire.com\/index.php?rest_route=%2Fwp%2Fv2%2Fcomments&post=834"}],"version-history":[{"count":1,"href":"http:\/\/tvalaire.com\/index.php?rest_route=\/wp\/v2\/posts\/834\/revisions"}],"predecessor-version":[{"id":835,"href":"http:\/\/tvalaire.com\/index.php?rest_route=\/wp\/v2\/posts\/834\/revisions\/835"}],"wp:featuredmedia":[{"embeddable":true,"href":"http:\/\/tvalaire.com\/index.php?rest_route=\/wp\/v2\/media\/828"}],"wp:attachment":[{"href":"http:\/\/tvalaire.com\/index.php?rest_route=%2Fwp%2Fv2%2Fmedia&parent=834"}],"wp:term":[{"taxonomy":"category","embeddable":true,"href":"http:\/\/tvalaire.com\/index.php?rest_route=%2Fwp%2Fv2%2Fcategories&post=834"},{"taxonomy":"post_tag","embeddable":true,"href":"http:\/\/tvalaire.com\/index.php?rest_route=%2Fwp%2Fv2%2Ftags&post=834"}],"curies":[{"name":"wp","href":"https:\/\/api.w.org\/{rel}","templated":true}]}}