{"id":8331,"date":"2020-10-23T19:06:58","date_gmt":"2020-10-24T00:06:58","guid":{"rendered":"http:\/\/tvalaire.com\/?p=8331"},"modified":"2020-10-23T19:07:03","modified_gmt":"2020-10-24T00:07:03","slug":"construyen-drenaje-y-linea-de-agua-potable-en-ejido-los-moreno","status":"publish","type":"post","link":"http:\/\/tvalaire.com\/?p=8331","title":{"rendered":"CONSTRUYEN DRENAJE Y L\u00cdNEA DE AGUA POTABLE EN EJIDO LOS MORENO"},"content":{"rendered":"\n<p> <a href=\"https:\/\/www.facebook.com\/hashtag\/lapiedad?__eep__=6&amp;__cft__[0]=AZVp0J2H4zhuQx4QrruxDPuRp2bLl4O5ipa83l-B2eP48kRTMaOZKRywVb0Mf2RB_SHltq5PWKj9C3SVNdckHyZXJ5eY1kjJX-O6zTkBU7X5HsBFExhMzQiWmuGUu4Kkr3V3ZJE5nmhm9pj5MZSxOuhRhbXIBRjFUB6kO-ky5Rl0C79WwNtXMap2Ni3dQro5Frs&amp;__tn__=*NK-R\">#LaPiedad<\/a> <a href=\"https:\/\/www.facebook.com\/hashtag\/municipiolapiedad?__eep__=6&amp;__cft__[0]=AZVp0J2H4zhuQx4QrruxDPuRp2bLl4O5ipa83l-B2eP48kRTMaOZKRywVb0Mf2RB_SHltq5PWKj9C3SVNdckHyZXJ5eY1kjJX-O6zTkBU7X5HsBFExhMzQiWmuGUu4Kkr3V3ZJE5nmhm9pj5MZSxOuhRhbXIBRjFUB6kO-ky5Rl0C79WwNtXMap2Ni3dQro5Frs&amp;__tn__=*NK-R\">#MunicipioLaPiedad<\/a> <a href=\"https:\/\/www.facebook.com\/hashtag\/ayuntamientolapiedad?__eep__=6&amp;__cft__[0]=AZVp0J2H4zhuQx4QrruxDPuRp2bLl4O5ipa83l-B2eP48kRTMaOZKRywVb0Mf2RB_SHltq5PWKj9C3SVNdckHyZXJ5eY1kjJX-O6zTkBU7X5HsBFExhMzQiWmuGUu4Kkr3V3ZJE5nmhm9pj5MZSxOuhRhbXIBRjFUB6kO-ky5Rl0C79WwNtXMap2Ni3dQro5Frs&amp;__tn__=*NK-R\">#AyuntamientoLaPiedad<\/a> <\/p>\n\n\n\n<ul class=\"wp-block-list\"><li><strong>La\nobra inici\u00f3 esta semana en la calle manzana <\/strong><\/li><li><strong>A\ntrav\u00e9s del programa Fondo III se hacen las acciones <\/strong><\/li><\/ul>\n\n\n\n<p>El Gobierno Municipal a\ntrav\u00e9s de la direcci\u00f3n de Obras P\u00fablicas, contin\u00faa con el programa de introducci\u00f3n\nde servicios b\u00e1sicos a colonias y comunidades donde m\u00e1s se requiere.<\/p>\n\n\n\n<p>En este caso arranc\u00f3 los\ntrabajos de construcci\u00f3n del sistema de drenaje y agua potable en la calle\nManzana en el ejido Los Moreno.Los trabajos de construcci\u00f3n iniciaron esta\nsemana sobre el tramo que corresponde de las calles\nDurazno a Cereza.<\/p>\n\n\n\n<p>La obra forma parte del\nprograma federal Fondo III, en la cual se destinar\u00e1 una inversi\u00f3n de 2 millones\n019 mil 333 pesos. El proyecto consiste en la construcci\u00f3n del drenaje\nsanitario y la introducci\u00f3n de la l\u00ednea del agua potable.<\/p>\n\n\n\n<p>Con esta obra, el Gobierno Municipal da respuesta a las principales demandas de la poblaci\u00f3n en zonas donde una de las peticiones era la introducci\u00f3n de servicios b\u00e1sicos que son indispensables para mejorar su calidad de vida. <\/p>\n\n\n\n<p><\/p>\n\n\n\n<figure class=\"wp-block-image size-large\"><img loading=\"lazy\" decoding=\"async\" width=\"649\" height=\"487\" src=\"http:\/\/tvalaire.com\/wp-content\/uploads\/2020\/10\/1-4.jpg\" alt=\"\" class=\"wp-image-8333\" srcset=\"http:\/\/tvalaire.com\/wp-content\/uploads\/2020\/10\/1-4.jpg 649w, http:\/\/tvalaire.com\/wp-content\/uploads\/2020\/10\/1-4-300x225.jpg 300w\" sizes=\"(max-width: 649px) 100vw, 649px\" \/><\/figure>\n\n\n\n<figure class=\"wp-block-image size-large\"><img loading=\"lazy\" decoding=\"async\" width=\"666\" height=\"499\" src=\"http:\/\/tvalaire.com\/wp-content\/uploads\/2020\/10\/1-3.jpg\" alt=\"\" class=\"wp-image-8334\" srcset=\"http:\/\/tvalaire.com\/wp-content\/uploads\/2020\/10\/1-3.jpg 666w, http:\/\/tvalaire.com\/wp-content\/uploads\/2020\/10\/1-3-300x225.jpg 300w\" sizes=\"(max-width: 666px) 100vw, 666px\" \/><\/figure>\n\n\n\n<figure class=\"wp-block-image size-large\"><img loading=\"lazy\" decoding=\"async\" width=\"656\" height=\"492\" src=\"http:\/\/tvalaire.com\/wp-content\/uploads\/2020\/10\/1-1-1.jpg\" alt=\"\" class=\"wp-image-8335\" srcset=\"http:\/\/tvalaire.com\/wp-content\/uploads\/2020\/10\/1-1-1.jpg 656w, http:\/\/tvalaire.com\/wp-content\/uploads\/2020\/10\/1-1-1-300x225.jpg 300w\" sizes=\"(max-width: 656px) 100vw, 656px\" \/><\/figure>\n","protected":false},"excerpt":{"rendered":"<p>#LaPiedad #MunicipioLaPiedad #AyuntamientoLaPiedad La obra inici\u00f3 esta semana en la calle manzana A trav\u00e9s del&#8230;<\/p>\n","protected":false},"author":1,"featured_media":8332,"comment_status":"open","ping_status":"open","sticky":false,"template":"","format":"standard","meta":{"jetpack_post_was_ever_published":false,"_jetpack_newsletter_access":"","_jetpack_dont_email_post_to_subs":false,"_jetpack_newsletter_tier_id":0,"_jetpack_memberships_contains_paywalled_content":false,"_jetpack_memberships_contains_paid_content":false,"footnotes":"","jetpack_publicize_message":"","jetpack_publicize_feature_enabled":true,"jetpack_social_post_already_shared":true,"jetpack_social_options":{"image_generator_settings":{"template":"highway","enabled":false},"version":2}},"categories":[1],"tags":[15],"class_list":["post-8331","post","type-post","status-publish","format-standard","has-post-thumbnail","hentry","category-la-piedad","tag-la-piedad"],"jetpack_publicize_connections":[],"jetpack_sharing_enabled":true,"featured_image_urls":{"full":["http:\/\/tvalaire.com\/wp-content\/uploads\/2020\/10\/1-2.jpg",522,929,false],"thumbnail":["http:\/\/tvalaire.com\/wp-content\/uploads\/2020\/10\/1-2-150x150.jpg",150,150,true],"medium":["http:\/\/tvalaire.com\/wp-content\/uploads\/2020\/10\/1-2-169x300.jpg",169,300,true],"medium_large":["http:\/\/tvalaire.com\/wp-content\/uploads\/2020\/10\/1-2.jpg",522,929,false],"large":["http:\/\/tvalaire.com\/wp-content\/uploads\/2020\/10\/1-2.jpg",522,929,false],"post-slider-thumb-size":["http:\/\/tvalaire.com\/wp-content\/uploads\/2020\/10\/1-2-330x190.jpg",330,190,true],"post-category-slider-size":["http:\/\/tvalaire.com\/wp-content\/uploads\/2020\/10\/1-2.jpg",197,350,false],"1536x1536":["http:\/\/tvalaire.com\/wp-content\/uploads\/2020\/10\/1-2.jpg",522,929,false],"2048x2048":["http:\/\/tvalaire.com\/wp-content\/uploads\/2020\/10\/1-2.jpg",522,929,false],"newsium-slider-full":["http:\/\/tvalaire.com\/wp-content\/uploads\/2020\/10\/1-2-522x845.jpg",522,845,true],"newsium-featured":["http:\/\/tvalaire.com\/wp-content\/uploads\/2020\/10\/1-2.jpg",522,929,false],"newsium-medium":["http:\/\/tvalaire.com\/wp-content\/uploads\/2020\/10\/1-2-522x475.jpg",522,475,true]},"author_info":{"info":["tvalairenoti"]},"category_info":"<a href=\"http:\/\/tvalaire.com\/?cat=1\" rel=\"category\">La Piedad<\/a>","tag_info":"La Piedad","comment_count":"0","jetpack_featured_media_url":"http:\/\/tvalaire.com\/wp-content\/uploads\/2020\/10\/1-2.jpg","_links":{"self":[{"href":"http:\/\/tvalaire.com\/index.php?rest_route=\/wp\/v2\/posts\/8331"}],"collection":[{"href":"http:\/\/tvalaire.com\/index.php?rest_route=\/wp\/v2\/posts"}],"about":[{"href":"http:\/\/tvalaire.com\/index.php?rest_route=\/wp\/v2\/types\/post"}],"author":[{"embeddable":true,"href":"http:\/\/tvalaire.com\/index.php?rest_route=\/wp\/v2\/users\/1"}],"replies":[{"embeddable":true,"href":"http:\/\/tvalaire.com\/index.php?rest_route=%2Fwp%2Fv2%2Fcomments&post=8331"}],"version-history":[{"count":1,"href":"http:\/\/tvalaire.com\/index.php?rest_route=\/wp\/v2\/posts\/8331\/revisions"}],"predecessor-version":[{"id":8336,"href":"http:\/\/tvalaire.com\/index.php?rest_route=\/wp\/v2\/posts\/8331\/revisions\/8336"}],"wp:featuredmedia":[{"embeddable":true,"href":"http:\/\/tvalaire.com\/index.php?rest_route=\/wp\/v2\/media\/8332"}],"wp:attachment":[{"href":"http:\/\/tvalaire.com\/index.php?rest_route=%2Fwp%2Fv2%2Fmedia&parent=8331"}],"wp:term":[{"taxonomy":"category","embeddable":true,"href":"http:\/\/tvalaire.com\/index.php?rest_route=%2Fwp%2Fv2%2Fcategories&post=8331"},{"taxonomy":"post_tag","embeddable":true,"href":"http:\/\/tvalaire.com\/index.php?rest_route=%2Fwp%2Fv2%2Ftags&post=8331"}],"curies":[{"name":"wp","href":"https:\/\/api.w.org\/{rel}","templated":true}]}}