{"id":8311,"date":"2020-10-21T16:10:06","date_gmt":"2020-10-21T21:10:06","guid":{"rendered":"http:\/\/tvalaire.com\/?p=8311"},"modified":"2020-10-21T16:10:15","modified_gmt":"2020-10-21T21:10:15","slug":"inauguran-segunda-etapa-de-pavimentacion-de-la-calle-5-de-mayo","status":"publish","type":"post","link":"http:\/\/tvalaire.com\/?p=8311","title":{"rendered":"INAUGURAN SEGUNDA ETAPA DE PAVIMENTACI\u00d3N DE LA CALLE 5 DE MAYO"},"content":{"rendered":"\n<p><\/p>\n\n\n\n<ul class=\"wp-block-list\"><li><strong>Desde\neste martes por la noche el tramo fue abierto a la circulaci\u00f3n<\/strong><\/li><li><strong>M\u00e1s\nde 600 metros cuadrados de pavimento, drenaje y tomas de agua <\/strong><\/li><\/ul>\n\n\n\n<p>Nuestro alcalde Alex\nEspinoza, inaugur\u00f3 anoche la apertura de la calle 5 de Mayo en el tramo de\nLeona Vicario y Narciso Mendoza, la cual fue pavimentada con recursos del\nprograma de Rehabilitaci\u00f3n de las redes de agua potable de la zona Centro del\nDistrito Hidrom\u00e9trico Chapultepec del SAPAS.<\/p>\n\n\n\n<p>Durante el acto, vecinos de\nla calle agradecieron a nuestro Alcalde el apoyo para la pavimentaci\u00f3n de este\ntramo, que, a decir de los mismos, hab\u00eda sido una de las peticiones constantes\na otras administraciones, pero fue en esta en la que encontraron eco a sus\ndemandas.<\/p>\n\n\n\n<p>El tramo que fue pavimentado\nsobre la calle 5 de Mayo fue de Leona Vicario a Narciso Mendoza, mismo que es\nparte del paquete de obra p\u00fablica para dignificar el Centro Hist\u00f3rico, en\ncalles como Ju\u00e1rez, Sim\u00f3n Bol\u00edvar y Madero.<\/p>\n\n\n\n<p>En la apertura de la calle,\nnuestro presidente municipal, Alex Espinoza, afirm\u00f3 que este tipo de obras son\nel trabajo de este Gobierno por detonar la obra p\u00fablica por medio de la\npavimentaci\u00f3n de calles.<\/p>\n\n\n\n<p>Explic\u00f3 que otro paquete de\nobra ya se tiene contemplado arrancar, tal y como es la pavimentaci\u00f3n de un\ntramo de Calzada de los Indios en la colonia Santa Fe, as\u00ed como la calle San\nLuis Potos\u00ed en el InfonavitDr. Miguel Silva.<\/p>\n\n\n\n<p>Por su parte, el director de\nSAPAS, Jorge Rubio Olivares, afirm\u00f3 que este tipo de proyectos son gracias a\nque en La Piedad se tienen usuarios responsables con el pago oportuno de su\nservicio de agua potable, recurso que se adiciona al gestionado con Gobierno\ndel Estado y con la CONAGUA.<\/p>\n\n\n\n<p>En el tramo de la calle\nreparada se mejor\u00f3 el servicio de drenaje, agua potable y\nse hizo la pavimentaci\u00f3n en concreto hidr\u00e1ulico de la misma.<\/p>\n\n\n\n<figure class=\"wp-block-image size-large\"><img loading=\"lazy\" decoding=\"async\" width=\"1024\" height=\"576\" src=\"http:\/\/tvalaire.com\/wp-content\/uploads\/2020\/10\/1-3-1-6-1024x576.jpeg\" alt=\"\" class=\"wp-image-8313\" srcset=\"http:\/\/tvalaire.com\/wp-content\/uploads\/2020\/10\/1-3-1-6-1024x576.jpeg 1024w, http:\/\/tvalaire.com\/wp-content\/uploads\/2020\/10\/1-3-1-6-300x169.jpeg 300w, http:\/\/tvalaire.com\/wp-content\/uploads\/2020\/10\/1-3-1-6-768x432.jpeg 768w, http:\/\/tvalaire.com\/wp-content\/uploads\/2020\/10\/1-3-1-6.jpeg 1280w\" sizes=\"(max-width: 1024px) 100vw, 1024px\" \/><\/figure>\n\n\n\n<figure class=\"wp-block-image size-large\"><img loading=\"lazy\" decoding=\"async\" width=\"1024\" height=\"576\" src=\"http:\/\/tvalaire.com\/wp-content\/uploads\/2020\/10\/1-5-5-1024x576.jpeg\" alt=\"\" class=\"wp-image-8314\" srcset=\"http:\/\/tvalaire.com\/wp-content\/uploads\/2020\/10\/1-5-5-1024x576.jpeg 1024w, http:\/\/tvalaire.com\/wp-content\/uploads\/2020\/10\/1-5-5-300x169.jpeg 300w, http:\/\/tvalaire.com\/wp-content\/uploads\/2020\/10\/1-5-5-768x432.jpeg 768w, http:\/\/tvalaire.com\/wp-content\/uploads\/2020\/10\/1-5-5.jpeg 1280w\" sizes=\"(max-width: 1024px) 100vw, 1024px\" \/><\/figure>\n","protected":false},"excerpt":{"rendered":"<p>Desde este martes por la noche el tramo fue abierto a la circulaci\u00f3n M\u00e1s de&#8230;<\/p>\n","protected":false},"author":1,"featured_media":8312,"comment_status":"open","ping_status":"open","sticky":false,"template":"","format":"standard","meta":{"jetpack_post_was_ever_published":false,"_jetpack_newsletter_access":"","_jetpack_dont_email_post_to_subs":false,"_jetpack_newsletter_tier_id":0,"_jetpack_memberships_contains_paywalled_content":false,"_jetpack_memberships_contains_paid_content":false,"footnotes":"","jetpack_publicize_message":"","jetpack_publicize_feature_enabled":true,"jetpack_social_post_already_shared":true,"jetpack_social_options":{"image_generator_settings":{"template":"highway","enabled":false},"version":2}},"categories":[1],"tags":[15],"class_list":["post-8311","post","type-post","status-publish","format-standard","has-post-thumbnail","hentry","category-la-piedad","tag-la-piedad"],"jetpack_publicize_connections":[],"jetpack_sharing_enabled":true,"featured_image_urls":{"full":["http:\/\/tvalaire.com\/wp-content\/uploads\/2020\/10\/1-1-7.jpeg",1280,720,false],"thumbnail":["http:\/\/tvalaire.com\/wp-content\/uploads\/2020\/10\/1-1-7-150x150.jpeg",150,150,true],"medium":["http:\/\/tvalaire.com\/wp-content\/uploads\/2020\/10\/1-1-7-300x169.jpeg",300,169,true],"medium_large":["http:\/\/tvalaire.com\/wp-content\/uploads\/2020\/10\/1-1-7-768x432.jpeg",640,360,true],"large":["http:\/\/tvalaire.com\/wp-content\/uploads\/2020\/10\/1-1-7-1024x576.jpeg",640,360,true],"post-slider-thumb-size":["http:\/\/tvalaire.com\/wp-content\/uploads\/2020\/10\/1-1-7-330x190.jpeg",330,190,true],"post-category-slider-size":["http:\/\/tvalaire.com\/wp-content\/uploads\/2020\/10\/1-1-7.jpeg",330,186,false],"1536x1536":["http:\/\/tvalaire.com\/wp-content\/uploads\/2020\/10\/1-1-7.jpeg",1280,720,false],"2048x2048":["http:\/\/tvalaire.com\/wp-content\/uploads\/2020\/10\/1-1-7.jpeg",1280,720,false],"newsium-slider-full":["http:\/\/tvalaire.com\/wp-content\/uploads\/2020\/10\/1-1-7.jpeg",1280,720,false],"newsium-featured":["http:\/\/tvalaire.com\/wp-content\/uploads\/2020\/10\/1-1-7-1024x576.jpeg",1024,576,true],"newsium-medium":["http:\/\/tvalaire.com\/wp-content\/uploads\/2020\/10\/1-1-7-720x475.jpeg",720,475,true]},"author_info":{"info":["tvalairenoti"]},"category_info":"<a href=\"http:\/\/tvalaire.com\/?cat=1\" rel=\"category\">La Piedad<\/a>","tag_info":"La Piedad","comment_count":"0","jetpack_featured_media_url":"http:\/\/tvalaire.com\/wp-content\/uploads\/2020\/10\/1-1-7.jpeg","_links":{"self":[{"href":"http:\/\/tvalaire.com\/index.php?rest_route=\/wp\/v2\/posts\/8311"}],"collection":[{"href":"http:\/\/tvalaire.com\/index.php?rest_route=\/wp\/v2\/posts"}],"about":[{"href":"http:\/\/tvalaire.com\/index.php?rest_route=\/wp\/v2\/types\/post"}],"author":[{"embeddable":true,"href":"http:\/\/tvalaire.com\/index.php?rest_route=\/wp\/v2\/users\/1"}],"replies":[{"embeddable":true,"href":"http:\/\/tvalaire.com\/index.php?rest_route=%2Fwp%2Fv2%2Fcomments&post=8311"}],"version-history":[{"count":1,"href":"http:\/\/tvalaire.com\/index.php?rest_route=\/wp\/v2\/posts\/8311\/revisions"}],"predecessor-version":[{"id":8315,"href":"http:\/\/tvalaire.com\/index.php?rest_route=\/wp\/v2\/posts\/8311\/revisions\/8315"}],"wp:featuredmedia":[{"embeddable":true,"href":"http:\/\/tvalaire.com\/index.php?rest_route=\/wp\/v2\/media\/8312"}],"wp:attachment":[{"href":"http:\/\/tvalaire.com\/index.php?rest_route=%2Fwp%2Fv2%2Fmedia&parent=8311"}],"wp:term":[{"taxonomy":"category","embeddable":true,"href":"http:\/\/tvalaire.com\/index.php?rest_route=%2Fwp%2Fv2%2Fcategories&post=8311"},{"taxonomy":"post_tag","embeddable":true,"href":"http:\/\/tvalaire.com\/index.php?rest_route=%2Fwp%2Fv2%2Ftags&post=8311"}],"curies":[{"name":"wp","href":"https:\/\/api.w.org\/{rel}","templated":true}]}}