{"id":8271,"date":"2020-10-16T21:16:44","date_gmt":"2020-10-17T02:16:44","guid":{"rendered":"http:\/\/tvalaire.com\/?p=8271"},"modified":"2020-10-16T21:16:46","modified_gmt":"2020-10-17T02:16:46","slug":"concluyen-trabajo-de-pavimentacion-en-la-calle-5-de-mayo","status":"publish","type":"post","link":"http:\/\/tvalaire.com\/?p=8271","title":{"rendered":"CONCLUYEN TRABAJO DE PAVIMENTACI\u00d3N EN LA CALLE 5 DE MAYO"},"content":{"rendered":"\n<p><\/p>\n\n\n\n<ul class=\"wp-block-list\"><li><strong>Realiza\nsupervisi\u00f3n de obra nuestro presidente municipal<\/strong><\/li><li><strong>Ya\nhay avances en las acciones que favorecer\u00e1n a ciudadanos<\/strong><\/li><\/ul>\n\n\n\n<p>Luego de concluir el\nfraguado del pavimento con concreto hidr\u00e1ulico de la calle 5 de Mayo, a partir\nde este martes 20 de octubre se abrir\u00e1 a la circulaci\u00f3n el tramo de Leona\nVicario a Narciso Mendoza.<\/p>\n\n\n\n<p>Lo anterior qued\u00f3\nestablecido durante el recorrido de obra realizado por nuestro alcalde Alex\nEspinoza y funcionarios de Obras P\u00fablicas.Esta obra en cuesti\u00f3n, forma parte\ndel programa de Rehabilitaci\u00f3n de las redes de Agua Potable de la zona del\ndistrito hidrom\u00e9trico Chapultepec del SAPAS.<\/p>\n\n\n\n<p>A decir del director de SAPAS,\nJorge Rubio Olivares, esta vialidad ya se encuentra en condiciones para\nentregarla a la ciudadan\u00eda y as\u00ed permitir el paso de veh\u00edculos.<\/p>\n\n\n\n<p>En el recorrido de\nsupervisi\u00f3n de obra, tambi\u00e9n se visit\u00f3 la calle Zit\u00e1cuaro, misma que fue\nanunciada por el Presidente Municipal como una de las vialidades a pavimentar\ndurante este a\u00f1o.<\/p>\n\n\n\n<p>Ah\u00ed, se constat\u00f3 las\ncondiciones en que se encuentra y el primer edil se comprometi\u00f3 a que\npr\u00f3ximamente se realizar\u00e1 la licitaci\u00f3n de la obra.<\/p>\n\n\n\n<p>Otras obras a supervisar\nfueron la cancha de usos m\u00faltiples en la secundaria T\u00e9cnica n\u00famero 20, la\npr\u00f3xima pavimentaci\u00f3n de la calle San Luis Potos\u00ed en la colonia InfonavitDr. Miguel Silva, entre otras.<\/p>\n\n\n\n<p>En este \u00faltimo se inform\u00f3\nque la circulaci\u00f3n continuar\u00e1 por el vado improvisado para permitir que frag\u00fce el\npuente sobre el canal y posteriormente continuar con el segundo cuerpo.<\/p>\n\n\n\n<figure class=\"wp-block-image size-large\"><img loading=\"lazy\" decoding=\"async\" width=\"1024\" height=\"576\" src=\"http:\/\/tvalaire.com\/wp-content\/uploads\/2020\/10\/1-3-2-3-1024x576.jpeg\" alt=\"\" class=\"wp-image-8273\" srcset=\"http:\/\/tvalaire.com\/wp-content\/uploads\/2020\/10\/1-3-2-3-1024x576.jpeg 1024w, http:\/\/tvalaire.com\/wp-content\/uploads\/2020\/10\/1-3-2-3-300x169.jpeg 300w, http:\/\/tvalaire.com\/wp-content\/uploads\/2020\/10\/1-3-2-3-768x432.jpeg 768w, http:\/\/tvalaire.com\/wp-content\/uploads\/2020\/10\/1-3-2-3.jpeg 1280w\" sizes=\"(max-width: 1024px) 100vw, 1024px\" \/><\/figure>\n\n\n\n<figure class=\"wp-block-image size-large\"><img loading=\"lazy\" decoding=\"async\" width=\"1024\" height=\"576\" src=\"http:\/\/tvalaire.com\/wp-content\/uploads\/2020\/10\/1-1-2-2-1024x576.jpeg\" alt=\"\" class=\"wp-image-8274\" srcset=\"http:\/\/tvalaire.com\/wp-content\/uploads\/2020\/10\/1-1-2-2-1024x576.jpeg 1024w, http:\/\/tvalaire.com\/wp-content\/uploads\/2020\/10\/1-1-2-2-300x169.jpeg 300w, http:\/\/tvalaire.com\/wp-content\/uploads\/2020\/10\/1-1-2-2-768x432.jpeg 768w, http:\/\/tvalaire.com\/wp-content\/uploads\/2020\/10\/1-1-2-2.jpeg 1280w\" sizes=\"(max-width: 1024px) 100vw, 1024px\" \/><\/figure>\n\n\n\n<figure class=\"wp-block-image size-large\"><img loading=\"lazy\" decoding=\"async\" width=\"1024\" height=\"576\" src=\"http:\/\/tvalaire.com\/wp-content\/uploads\/2020\/10\/1-2-6-1024x576.jpeg\" alt=\"\" class=\"wp-image-8275\" srcset=\"http:\/\/tvalaire.com\/wp-content\/uploads\/2020\/10\/1-2-6-1024x576.jpeg 1024w, http:\/\/tvalaire.com\/wp-content\/uploads\/2020\/10\/1-2-6-300x169.jpeg 300w, http:\/\/tvalaire.com\/wp-content\/uploads\/2020\/10\/1-2-6-768x432.jpeg 768w, http:\/\/tvalaire.com\/wp-content\/uploads\/2020\/10\/1-2-6.jpeg 1280w\" sizes=\"(max-width: 1024px) 100vw, 1024px\" \/><\/figure>\n","protected":false},"excerpt":{"rendered":"<p>Realiza supervisi\u00f3n de obra nuestro presidente municipal Ya hay avances en las acciones que favorecer\u00e1n&#8230;<\/p>\n","protected":false},"author":1,"featured_media":8272,"comment_status":"open","ping_status":"open","sticky":false,"template":"","format":"standard","meta":{"jetpack_post_was_ever_published":false,"_jetpack_newsletter_access":"","_jetpack_dont_email_post_to_subs":false,"_jetpack_newsletter_tier_id":0,"_jetpack_memberships_contains_paywalled_content":false,"_jetpack_memberships_contains_paid_content":false,"footnotes":"","jetpack_publicize_message":"","jetpack_publicize_feature_enabled":true,"jetpack_social_post_already_shared":false,"jetpack_social_options":{"image_generator_settings":{"template":"highway","enabled":false},"version":2}},"categories":[1],"tags":[15],"class_list":["post-8271","post","type-post","status-publish","format-standard","has-post-thumbnail","hentry","category-la-piedad","tag-la-piedad"],"jetpack_publicize_connections":[],"jetpack_sharing_enabled":true,"featured_image_urls":{"full":["http:\/\/tvalaire.com\/wp-content\/uploads\/2020\/10\/1-5-2-1.jpeg",1280,720,false],"thumbnail":["http:\/\/tvalaire.com\/wp-content\/uploads\/2020\/10\/1-5-2-1-150x150.jpeg",150,150,true],"medium":["http:\/\/tvalaire.com\/wp-content\/uploads\/2020\/10\/1-5-2-1-300x169.jpeg",300,169,true],"medium_large":["http:\/\/tvalaire.com\/wp-content\/uploads\/2020\/10\/1-5-2-1-768x432.jpeg",640,360,true],"large":["http:\/\/tvalaire.com\/wp-content\/uploads\/2020\/10\/1-5-2-1-1024x576.jpeg",640,360,true],"post-slider-thumb-size":["http:\/\/tvalaire.com\/wp-content\/uploads\/2020\/10\/1-5-2-1-330x190.jpeg",330,190,true],"post-category-slider-size":["http:\/\/tvalaire.com\/wp-content\/uploads\/2020\/10\/1-5-2-1.jpeg",330,186,false],"1536x1536":["http:\/\/tvalaire.com\/wp-content\/uploads\/2020\/10\/1-5-2-1.jpeg",1280,720,false],"2048x2048":["http:\/\/tvalaire.com\/wp-content\/uploads\/2020\/10\/1-5-2-1.jpeg",1280,720,false],"newsium-slider-full":["http:\/\/tvalaire.com\/wp-content\/uploads\/2020\/10\/1-5-2-1.jpeg",1280,720,false],"newsium-featured":["http:\/\/tvalaire.com\/wp-content\/uploads\/2020\/10\/1-5-2-1-1024x576.jpeg",1024,576,true],"newsium-medium":["http:\/\/tvalaire.com\/wp-content\/uploads\/2020\/10\/1-5-2-1-720x475.jpeg",720,475,true]},"author_info":{"info":["tvalairenoti"]},"category_info":"<a href=\"http:\/\/tvalaire.com\/?cat=1\" rel=\"category\">La Piedad<\/a>","tag_info":"La Piedad","comment_count":"0","jetpack_featured_media_url":"http:\/\/tvalaire.com\/wp-content\/uploads\/2020\/10\/1-5-2-1.jpeg","_links":{"self":[{"href":"http:\/\/tvalaire.com\/index.php?rest_route=\/wp\/v2\/posts\/8271"}],"collection":[{"href":"http:\/\/tvalaire.com\/index.php?rest_route=\/wp\/v2\/posts"}],"about":[{"href":"http:\/\/tvalaire.com\/index.php?rest_route=\/wp\/v2\/types\/post"}],"author":[{"embeddable":true,"href":"http:\/\/tvalaire.com\/index.php?rest_route=\/wp\/v2\/users\/1"}],"replies":[{"embeddable":true,"href":"http:\/\/tvalaire.com\/index.php?rest_route=%2Fwp%2Fv2%2Fcomments&post=8271"}],"version-history":[{"count":1,"href":"http:\/\/tvalaire.com\/index.php?rest_route=\/wp\/v2\/posts\/8271\/revisions"}],"predecessor-version":[{"id":8276,"href":"http:\/\/tvalaire.com\/index.php?rest_route=\/wp\/v2\/posts\/8271\/revisions\/8276"}],"wp:featuredmedia":[{"embeddable":true,"href":"http:\/\/tvalaire.com\/index.php?rest_route=\/wp\/v2\/media\/8272"}],"wp:attachment":[{"href":"http:\/\/tvalaire.com\/index.php?rest_route=%2Fwp%2Fv2%2Fmedia&parent=8271"}],"wp:term":[{"taxonomy":"category","embeddable":true,"href":"http:\/\/tvalaire.com\/index.php?rest_route=%2Fwp%2Fv2%2Fcategories&post=8271"},{"taxonomy":"post_tag","embeddable":true,"href":"http:\/\/tvalaire.com\/index.php?rest_route=%2Fwp%2Fv2%2Ftags&post=8271"}],"curies":[{"name":"wp","href":"https:\/\/api.w.org\/{rel}","templated":true}]}}