{"id":827,"date":"2017-03-10T09:18:19","date_gmt":"2017-03-10T15:18:19","guid":{"rendered":"http:\/\/tvalaire.com\/?p=827"},"modified":"2017-03-10T09:18:19","modified_gmt":"2017-03-10T15:18:19","slug":"padres-de-familia-y-ninos-de-preescolar-participaron-en-la-semana-de-activacion-fisica","status":"publish","type":"post","link":"http:\/\/tvalaire.com\/?p=827","title":{"rendered":"PADRES DE FAMILIA Y NI\u00d1OS DE PREESCOLAR PARTICIPARON EN LA SEMANA DE ACTIVACI\u00d3N F\u00cdSICA"},"content":{"rendered":"<p class=\"xmsonormal\" style=\"text-align: center; background: white;\" align=\"center\"><b><span style=\"font-size: 13.0pt; font-family: 'Arial','sans-serif'; color: #212121;\">\u00a0<\/span><\/b><\/p>\n<p class=\"xmsonormal\" style=\"text-align: justify; background: white; font-variant-ligatures: normal; font-variant-caps: normal; orphans: 2; widows: 2; -webkit-text-stroke-width: 0px; word-spacing: 0px;\"><span style=\"font-size: 13.0pt; font-family: 'Arial','sans-serif'; color: #212121;\">Autoridades educativas y municipales buscan acabar con el sedentarismo que existe en las escuelas mediante la implementaci\u00f3n de programas encaminados a la estimulaci\u00f3n de actividades deportivas, por tal motivo se llev\u00f3 a cabo la Semana de Educaci\u00f3n F\u00edsica de la direcci\u00f3n de Educaci\u00f3n F\u00edsica, Recreaci\u00f3n y Deporte de las zonas escolares 07 y 088 en La Piedad.<\/span><\/p>\n<p class=\"xmsonormal\" style=\"text-align: justify; background: white;\"><span style=\"font-size: 13.0pt; font-family: 'Arial','sans-serif'; color: #212121;\">En las pruebas f\u00edsicas participaron ni\u00f1os de preescolar y padres de familia quienes los acompa\u00f1aron y colaboraron en todas y cada una de las actividades.<\/span><\/p>\n<p class=\"xmsonormal\" style=\"text-align: justify; background: white;\"><span style=\"font-size: 13.0pt; font-family: 'Arial','sans-serif'; color: #212121;\">El acto oficial, se llev\u00f3 a cabo en el Teatro del Pueblo ante la presencia de cientos de participantes y estuvo encabezado por el director de Educaci\u00f3n, en representaci\u00f3n del Alcalde Juan Manuel Estrada Medina; Jos\u00e9 Ram\u00f3n Maya Ibarra, director de Deportes; el profesor Julio C\u00e9sar Rojas, representante de la zona escolar 088 y maestros de educaci\u00f3n f\u00edsica del municipio.<\/span><\/p>\n<p class=\"xmsonormal\" style=\"text-align: justify; background: white;\"><span style=\"font-size: 13.0pt; font-family: 'Arial','sans-serif'; color: #212121;\">El titular de Educaci\u00f3n transmiti\u00f3 un saludo y felicitaci\u00f3n de parte del Alcalde Estrada Medina, quien ha puesto especial inter\u00e9s en la promoci\u00f3n y fomento de actividades que acaben con el sedentarismo escolar.<\/span><\/p>\n<p class=\"xmsonormal\" style=\"text-align: justify; background: white;\"><span style=\"font-size: 13.0pt; font-family: 'Arial','sans-serif'; color: #212121;\">Destac\u00f3 la importancia de la cooperaci\u00f3n de los padres de familia en este tipo de actividades, con la finalidad de coadyuvar para impulsar a sus hijos por alguna actividad deportiva y sobre todo, por haber asistido a este lo que fue una sana y divertida convivencia con sus hijos en la Plaza Principal.<\/span><\/p>\n<p class=\"xmsonormal\" style=\"text-align: justify; background: white;\"><span style=\"font-size: 13.0pt; font-family: 'Arial','sans-serif'; color: #212121;\">El director de Educaci\u00f3n, coment\u00f3 que el Gobierno Municipal trabaja para fomentar el deporte y el estudio entre la ni\u00f1ez y los j\u00f3venes, as\u00ed como acabar con los altos \u00edndices de deserci\u00f3n escolar que existe desde el nivel de preescolar hasta universidad.<\/span><\/p>\n<p class=\"xmsonormal\" style=\"text-align: justify; background: white;\"><span style=\"font-size: 13.0pt; font-family: 'Arial','sans-serif'; color: #212121;\">Por lo que exhort\u00f3 a estar atentos a la educaci\u00f3n de sus hijos para evitar que el d\u00eda de ma\u00f1ana no sean v\u00edctimas\u00a0de los vicios.<\/span><\/p>\n<p class=\"xmsonormal\" style=\"text-align: justify; background: white;\"><span style=\"font-size: 13.0pt; font-family: 'Arial','sans-serif'; color: #212121;\">Inform\u00f3 que dentro del esfuerzo que realiza el Gobierno Municipal en pro de la ni\u00f1ez, este a\u00f1o se increment\u00f3 el fondo de apoyo para el programa becas, en el cual todav\u00eda hay espacios para aquellos estudiantes que cumplan con los requisitos que marcan las bases e invit\u00f3 a los padres de familia a que realicen la solicitud correspondiente.<\/span><\/p>\n<p class=\"xmsonormal\" style=\"text-align: justify; background: white;\"><span style=\"font-size: 13.0pt; font-family: 'Arial','sans-serif'; color: #212121;\">La clausura oficial del acto, corri\u00f3 a cargo del profesor Julio C\u00e9sar Rojas quien agradeci\u00f3 a los presentes por su asistencia y participaci\u00f3n y dio tres datos importantes que dijo, deben tomar en cuenta. El primero de ellos es que el primer maestro de educaci\u00f3n f\u00edsica egres\u00f3 en 1905.<\/span><\/p>\n<p class=\"xmsonormal\" style=\"text-align: justify; background: white;\"><span style=\"font-size: 13.0pt; font-family: 'Arial','sans-serif'; color: #212121;\">El segundo, es que la primera escuela fundadora de la carrera de Educaci\u00f3n F\u00edsica abri\u00f3 un 2 de febrero de 1936 en la Ciudad de M\u00e9xico y la tercera, que la direcci\u00f3n de Educaci\u00f3n F\u00edsica en el Estado, se fund\u00f3 el 10 de marzo de 1946.<\/span><\/p>\n<p class=\"xmsonormal\" style=\"text-align: justify; background: white;\"><span style=\"font-size: 13.0pt; font-family: 'Arial','sans-serif'; color: #212121;\">De ah\u00ed que se celebre esa fecha con diversas actividades que no concluyeron en la Plaza Principal de esta ciudad, pues hubo otras sedes alternas como el balneario de R\u00edo Grande y en los municipios de Zin\u00e1paro, Vista Hermosa, Brise\u00f1as, Ixtl\u00e1n de los Hervores y Yur\u00e9cuaro.<\/span><\/p>\n<p class=\"xmsonormal\" style=\"text-align: justify; background: white;\">\n<p class=\"xmsonormal\" style=\"text-align: justify; background: white;\"><img loading=\"lazy\" decoding=\"async\" class=\"alignnone size-medium wp-image-832\" src=\"http:\/\/tvalaire.com\/wp-content\/uploads\/2017\/03\/PADRES-DE-FAMILIA-Y-NI\u00d1OS-DE-PREESCOLAR-PARTICIPARON-EN-LA-SEMANA-DE-ACTIVACI\u00d3N-F\u00cdSICA2-300x200.jpg\" alt=\"\" width=\"300\" height=\"200\" srcset=\"http:\/\/tvalaire.com\/wp-content\/uploads\/2017\/03\/PADRES-DE-FAMILIA-Y-NI\u00d1OS-DE-PREESCOLAR-PARTICIPARON-EN-LA-SEMANA-DE-ACTIVACI\u00d3N-F\u00cdSICA2-300x200.jpg 300w, http:\/\/tvalaire.com\/wp-content\/uploads\/2017\/03\/PADRES-DE-FAMILIA-Y-NI\u00d1OS-DE-PREESCOLAR-PARTICIPARON-EN-LA-SEMANA-DE-ACTIVACI\u00d3N-F\u00cdSICA2-768x512.jpg 768w, http:\/\/tvalaire.com\/wp-content\/uploads\/2017\/03\/PADRES-DE-FAMILIA-Y-NI\u00d1OS-DE-PREESCOLAR-PARTICIPARON-EN-LA-SEMANA-DE-ACTIVACI\u00d3N-F\u00cdSICA2.jpg 1024w\" sizes=\"(max-width: 300px) 100vw, 300px\" \/><\/p>\n","protected":false},"excerpt":{"rendered":"<p>\u00a0 Autoridades educativas y municipales buscan acabar con el sedentarismo que existe en las escuelas&#8230;<\/p>\n","protected":false},"author":1,"featured_media":831,"comment_status":"open","ping_status":"open","sticky":false,"template":"","format":"standard","meta":{"jetpack_post_was_ever_published":false,"_jetpack_newsletter_access":"","_jetpack_dont_email_post_to_subs":false,"_jetpack_newsletter_tier_id":0,"_jetpack_memberships_contains_paywalled_content":false,"_jetpack_memberships_contains_paid_content":false,"footnotes":"","jetpack_publicize_message":"","jetpack_publicize_feature_enabled":true,"jetpack_social_post_already_shared":false,"jetpack_social_options":{"image_generator_settings":{"template":"highway","enabled":false},"version":2}},"categories":[1],"tags":[15,36],"class_list":["post-827","post","type-post","status-publish","format-standard","has-post-thumbnail","hentry","category-la-piedad","tag-la-piedad","tag-principales"],"jetpack_publicize_connections":[],"jetpack_sharing_enabled":true,"featured_image_urls":{"full":["http:\/\/tvalaire.com\/wp-content\/uploads\/2017\/03\/PADRES-DE-FAMILIA-Y-NI\u00d1OS-DE-PREESCOLAR-PARTICIPARON-EN-LA-SEMANA-DE-ACTIVACI\u00d3N-F\u00cdSICA.jpg",1024,683,false],"thumbnail":["http:\/\/tvalaire.com\/wp-content\/uploads\/2017\/03\/PADRES-DE-FAMILIA-Y-NI\u00d1OS-DE-PREESCOLAR-PARTICIPARON-EN-LA-SEMANA-DE-ACTIVACI\u00d3N-F\u00cdSICA-150x150.jpg",150,150,true],"medium":["http:\/\/tvalaire.com\/wp-content\/uploads\/2017\/03\/PADRES-DE-FAMILIA-Y-NI\u00d1OS-DE-PREESCOLAR-PARTICIPARON-EN-LA-SEMANA-DE-ACTIVACI\u00d3N-F\u00cdSICA-300x200.jpg",300,200,true],"medium_large":["http:\/\/tvalaire.com\/wp-content\/uploads\/2017\/03\/PADRES-DE-FAMILIA-Y-NI\u00d1OS-DE-PREESCOLAR-PARTICIPARON-EN-LA-SEMANA-DE-ACTIVACI\u00d3N-F\u00cdSICA-768x512.jpg",640,427,true],"large":["http:\/\/tvalaire.com\/wp-content\/uploads\/2017\/03\/PADRES-DE-FAMILIA-Y-NI\u00d1OS-DE-PREESCOLAR-PARTICIPARON-EN-LA-SEMANA-DE-ACTIVACI\u00d3N-F\u00cdSICA-1024x683.jpg",640,427,true],"post-slider-thumb-size":["http:\/\/tvalaire.com\/wp-content\/uploads\/2017\/03\/PADRES-DE-FAMILIA-Y-NI\u00d1OS-DE-PREESCOLAR-PARTICIPARON-EN-LA-SEMANA-DE-ACTIVACI\u00d3N-F\u00cdSICA.jpg",285,190,false],"post-category-slider-size":["http:\/\/tvalaire.com\/wp-content\/uploads\/2017\/03\/PADRES-DE-FAMILIA-Y-NI\u00d1OS-DE-PREESCOLAR-PARTICIPARON-EN-LA-SEMANA-DE-ACTIVACI\u00d3N-F\u00cdSICA.jpg",330,220,false],"1536x1536":["http:\/\/tvalaire.com\/wp-content\/uploads\/2017\/03\/PADRES-DE-FAMILIA-Y-NI\u00d1OS-DE-PREESCOLAR-PARTICIPARON-EN-LA-SEMANA-DE-ACTIVACI\u00d3N-F\u00cdSICA.jpg",1024,683,false],"2048x2048":["http:\/\/tvalaire.com\/wp-content\/uploads\/2017\/03\/PADRES-DE-FAMILIA-Y-NI\u00d1OS-DE-PREESCOLAR-PARTICIPARON-EN-LA-SEMANA-DE-ACTIVACI\u00d3N-F\u00cdSICA.jpg",1024,683,false],"newsium-slider-full":["http:\/\/tvalaire.com\/wp-content\/uploads\/2017\/03\/PADRES-DE-FAMILIA-Y-NI\u00d1OS-DE-PREESCOLAR-PARTICIPARON-EN-LA-SEMANA-DE-ACTIVACI\u00d3N-F\u00cdSICA.jpg",1024,683,false],"newsium-featured":["http:\/\/tvalaire.com\/wp-content\/uploads\/2017\/03\/PADRES-DE-FAMILIA-Y-NI\u00d1OS-DE-PREESCOLAR-PARTICIPARON-EN-LA-SEMANA-DE-ACTIVACI\u00d3N-F\u00cdSICA.jpg",1024,683,false],"newsium-medium":["http:\/\/tvalaire.com\/wp-content\/uploads\/2017\/03\/PADRES-DE-FAMILIA-Y-NI\u00d1OS-DE-PREESCOLAR-PARTICIPARON-EN-LA-SEMANA-DE-ACTIVACI\u00d3N-F\u00cdSICA.jpg",712,475,false]},"author_info":{"info":["tvalairenoti"]},"category_info":"<a href=\"http:\/\/tvalaire.com\/?cat=1\" rel=\"category\">La Piedad<\/a>","tag_info":"La Piedad","comment_count":"0","jetpack_featured_media_url":"http:\/\/tvalaire.com\/wp-content\/uploads\/2017\/03\/PADRES-DE-FAMILIA-Y-NI\u00d1OS-DE-PREESCOLAR-PARTICIPARON-EN-LA-SEMANA-DE-ACTIVACI\u00d3N-F\u00cdSICA.jpg","_links":{"self":[{"href":"http:\/\/tvalaire.com\/index.php?rest_route=\/wp\/v2\/posts\/827"}],"collection":[{"href":"http:\/\/tvalaire.com\/index.php?rest_route=\/wp\/v2\/posts"}],"about":[{"href":"http:\/\/tvalaire.com\/index.php?rest_route=\/wp\/v2\/types\/post"}],"author":[{"embeddable":true,"href":"http:\/\/tvalaire.com\/index.php?rest_route=\/wp\/v2\/users\/1"}],"replies":[{"embeddable":true,"href":"http:\/\/tvalaire.com\/index.php?rest_route=%2Fwp%2Fv2%2Fcomments&post=827"}],"version-history":[{"count":1,"href":"http:\/\/tvalaire.com\/index.php?rest_route=\/wp\/v2\/posts\/827\/revisions"}],"predecessor-version":[{"id":833,"href":"http:\/\/tvalaire.com\/index.php?rest_route=\/wp\/v2\/posts\/827\/revisions\/833"}],"wp:featuredmedia":[{"embeddable":true,"href":"http:\/\/tvalaire.com\/index.php?rest_route=\/wp\/v2\/media\/831"}],"wp:attachment":[{"href":"http:\/\/tvalaire.com\/index.php?rest_route=%2Fwp%2Fv2%2Fmedia&parent=827"}],"wp:term":[{"taxonomy":"category","embeddable":true,"href":"http:\/\/tvalaire.com\/index.php?rest_route=%2Fwp%2Fv2%2Fcategories&post=827"},{"taxonomy":"post_tag","embeddable":true,"href":"http:\/\/tvalaire.com\/index.php?rest_route=%2Fwp%2Fv2%2Ftags&post=827"}],"curies":[{"name":"wp","href":"https:\/\/api.w.org\/{rel}","templated":true}]}}