{"id":8265,"date":"2020-10-16T21:15:24","date_gmt":"2020-10-17T02:15:24","guid":{"rendered":"http:\/\/tvalaire.com\/?p=8265"},"modified":"2020-10-16T21:15:26","modified_gmt":"2020-10-17T02:15:26","slug":"continuan-arranques-de-obras-para-cierre-del-2020","status":"publish","type":"post","link":"http:\/\/tvalaire.com\/?p=8265","title":{"rendered":"CONTIN\u00daAN ARRANQUES DE OBRAS PARA CIERRE DEL 2020"},"content":{"rendered":"\n<p><\/p>\n\n\n\n<ul class=\"wp-block-list\"><li><strong>Inicia adoquinado de la calle San Marcos\nen la colonia La Providencia<\/strong><strong><\/strong><\/li><li><strong>Remodelaci\u00f3n de sanitarios en el\npreescolar \u201cAndr\u00e9s Quintana Roo\u201d<\/strong><strong><\/strong><\/li><\/ul>\n\n\n\n<p>Como parte del \u00faltimo\npaquete de obras de este a\u00f1o, nuestro alcalde Alex Espinoza, realiz\u00f3 el\narranque oficial de los trabajos de adoquinado en la calle San Marcos en la\ncolonia La Providencia y la remodelaci\u00f3n de sanitarios en el jard\u00edn de ni\u00f1os\n\u201cAndr\u00e9s Quintana Roo\u201d en El Cuitzillo.<\/p>\n\n\n\n<p>La primera obra en darse el\narranque fue el adoquinado de la calle San Marcos, para lo cual nuestro alcalde\nAlex Espinoza, acudi\u00f3 este mi\u00e9rcoles por la tarde-noche a dar el banderazo\ninicial.<\/p>\n\n\n\n<p>La decisi\u00f3n de aplicar\nadoquinado fue para entregar una obra de calidad y de igual forma, disminuir los\ntiempos de entrega de la misma, ya que al tiempo en que concluya la colocaci\u00f3n\ndel material se podr\u00e1 ingresar sin problema alguno.<\/p>\n\n\n\n<p>Para dar continuidad al\npaquete de obras anunciado por nuestro Alcalde a inicios de esta semana, esta\nma\u00f1ana autoridades municipales acudieron al jard\u00edn de ni\u00f1os \u201cAndr\u00e9s Quintana\nRoo\u201d de El Cuitzillo en donde se llevar\u00e1 a cabo la remodelaci\u00f3n de los\nsanitarios.<\/p>\n\n\n\n<p>La obra beneficiar\u00e1 a m\u00e1s de\n100 menores de edad quienes se encuentran matriculados, aunque en estos\nmomentos obtengan sus materias a distancia.<\/p>\n\n\n\n<p>El objetivo es que, al\nreintegrarse a sus actividades presenciales, puedan contar con unos sanitarios\nen buen estado, ya que los existentes ten\u00edan a\u00f1os que no se les daba\nmantenimiento y por tanto se encontraban en muy malas condiciones.<\/p>\n\n\n\n<p>De acuerdo con la Direcci\u00f3n\nde Obras P\u00fablicas, la obra tendr\u00e1 un costo aproximado a los 365 mil pesos y se\nprev\u00e9 que antes de finalizar este a\u00f1o est\u00e9 terminada.<\/p>\n\n\n\n<p>Durante los recorridos\nnuestro Alcalde ha sido acompa\u00f1ado del director de Obras P\u00fablicas, Aurelio\nMelchor; el subdirector Jos\u00e9 Luis Melgoza, as\u00ed como de personas beneficiadas.<\/p>\n\n\n\n<figure class=\"wp-block-image size-large\"><img loading=\"lazy\" decoding=\"async\" width=\"1024\" height=\"682\" src=\"http:\/\/tvalaire.com\/wp-content\/uploads\/2020\/10\/1-5-1-1-1024x682.jpeg\" alt=\"\" class=\"wp-image-8267\" srcset=\"http:\/\/tvalaire.com\/wp-content\/uploads\/2020\/10\/1-5-1-1-1024x682.jpeg 1024w, http:\/\/tvalaire.com\/wp-content\/uploads\/2020\/10\/1-5-1-1-300x200.jpeg 300w, http:\/\/tvalaire.com\/wp-content\/uploads\/2020\/10\/1-5-1-1-768x512.jpeg 768w, http:\/\/tvalaire.com\/wp-content\/uploads\/2020\/10\/1-5-1-1.jpeg 1280w\" sizes=\"(max-width: 1024px) 100vw, 1024px\" \/><\/figure>\n\n\n\n<figure class=\"wp-block-image size-large\"><img loading=\"lazy\" decoding=\"async\" width=\"1024\" height=\"682\" src=\"http:\/\/tvalaire.com\/wp-content\/uploads\/2020\/10\/1-7-4-1024x682.jpeg\" alt=\"\" class=\"wp-image-8268\" srcset=\"http:\/\/tvalaire.com\/wp-content\/uploads\/2020\/10\/1-7-4-1024x682.jpeg 1024w, http:\/\/tvalaire.com\/wp-content\/uploads\/2020\/10\/1-7-4-300x200.jpeg 300w, http:\/\/tvalaire.com\/wp-content\/uploads\/2020\/10\/1-7-4-768x512.jpeg 768w, http:\/\/tvalaire.com\/wp-content\/uploads\/2020\/10\/1-7-4.jpeg 1280w\" sizes=\"(max-width: 1024px) 100vw, 1024px\" \/><\/figure>\n\n\n\n<figure class=\"wp-block-image size-large\"><img loading=\"lazy\" decoding=\"async\" width=\"961\" height=\"680\" src=\"http:\/\/tvalaire.com\/wp-content\/uploads\/2020\/10\/1-8-1.jpeg\" alt=\"\" class=\"wp-image-8269\" srcset=\"http:\/\/tvalaire.com\/wp-content\/uploads\/2020\/10\/1-8-1.jpeg 961w, http:\/\/tvalaire.com\/wp-content\/uploads\/2020\/10\/1-8-1-300x212.jpeg 300w, http:\/\/tvalaire.com\/wp-content\/uploads\/2020\/10\/1-8-1-768x543.jpeg 768w\" sizes=\"(max-width: 961px) 100vw, 961px\" \/><\/figure>\n","protected":false},"excerpt":{"rendered":"<p>Inicia adoquinado de la calle San Marcos en la colonia La Providencia Remodelaci\u00f3n de sanitarios&#8230;<\/p>\n","protected":false},"author":1,"featured_media":8266,"comment_status":"open","ping_status":"open","sticky":false,"template":"","format":"standard","meta":{"jetpack_post_was_ever_published":false,"_jetpack_newsletter_access":"","_jetpack_dont_email_post_to_subs":false,"_jetpack_newsletter_tier_id":0,"_jetpack_memberships_contains_paywalled_content":false,"_jetpack_memberships_contains_paid_content":false,"footnotes":"","jetpack_publicize_message":"","jetpack_publicize_feature_enabled":true,"jetpack_social_post_already_shared":false,"jetpack_social_options":{"image_generator_settings":{"template":"highway","enabled":false},"version":2}},"categories":[1],"tags":[15],"class_list":["post-8265","post","type-post","status-publish","format-standard","has-post-thumbnail","hentry","category-la-piedad","tag-la-piedad"],"jetpack_publicize_connections":[],"jetpack_sharing_enabled":true,"featured_image_urls":{"full":["http:\/\/tvalaire.com\/wp-content\/uploads\/2020\/10\/1-1-1-3.jpeg",1280,853,false],"thumbnail":["http:\/\/tvalaire.com\/wp-content\/uploads\/2020\/10\/1-1-1-3-150x150.jpeg",150,150,true],"medium":["http:\/\/tvalaire.com\/wp-content\/uploads\/2020\/10\/1-1-1-3-300x200.jpeg",300,200,true],"medium_large":["http:\/\/tvalaire.com\/wp-content\/uploads\/2020\/10\/1-1-1-3-768x512.jpeg",640,427,true],"large":["http:\/\/tvalaire.com\/wp-content\/uploads\/2020\/10\/1-1-1-3-1024x682.jpeg",640,426,true],"post-slider-thumb-size":["http:\/\/tvalaire.com\/wp-content\/uploads\/2020\/10\/1-1-1-3-330x190.jpeg",330,190,true],"post-category-slider-size":["http:\/\/tvalaire.com\/wp-content\/uploads\/2020\/10\/1-1-1-3.jpeg",330,220,false],"1536x1536":["http:\/\/tvalaire.com\/wp-content\/uploads\/2020\/10\/1-1-1-3.jpeg",1280,853,false],"2048x2048":["http:\/\/tvalaire.com\/wp-content\/uploads\/2020\/10\/1-1-1-3.jpeg",1280,853,false],"newsium-slider-full":["http:\/\/tvalaire.com\/wp-content\/uploads\/2020\/10\/1-1-1-3-1280x845.jpeg",1280,845,true],"newsium-featured":["http:\/\/tvalaire.com\/wp-content\/uploads\/2020\/10\/1-1-1-3-1024x682.jpeg",1024,682,true],"newsium-medium":["http:\/\/tvalaire.com\/wp-content\/uploads\/2020\/10\/1-1-1-3-720x475.jpeg",720,475,true]},"author_info":{"info":["tvalairenoti"]},"category_info":"<a href=\"http:\/\/tvalaire.com\/?cat=1\" rel=\"category\">La Piedad<\/a>","tag_info":"La Piedad","comment_count":"0","jetpack_featured_media_url":"http:\/\/tvalaire.com\/wp-content\/uploads\/2020\/10\/1-1-1-3.jpeg","_links":{"self":[{"href":"http:\/\/tvalaire.com\/index.php?rest_route=\/wp\/v2\/posts\/8265"}],"collection":[{"href":"http:\/\/tvalaire.com\/index.php?rest_route=\/wp\/v2\/posts"}],"about":[{"href":"http:\/\/tvalaire.com\/index.php?rest_route=\/wp\/v2\/types\/post"}],"author":[{"embeddable":true,"href":"http:\/\/tvalaire.com\/index.php?rest_route=\/wp\/v2\/users\/1"}],"replies":[{"embeddable":true,"href":"http:\/\/tvalaire.com\/index.php?rest_route=%2Fwp%2Fv2%2Fcomments&post=8265"}],"version-history":[{"count":1,"href":"http:\/\/tvalaire.com\/index.php?rest_route=\/wp\/v2\/posts\/8265\/revisions"}],"predecessor-version":[{"id":8270,"href":"http:\/\/tvalaire.com\/index.php?rest_route=\/wp\/v2\/posts\/8265\/revisions\/8270"}],"wp:featuredmedia":[{"embeddable":true,"href":"http:\/\/tvalaire.com\/index.php?rest_route=\/wp\/v2\/media\/8266"}],"wp:attachment":[{"href":"http:\/\/tvalaire.com\/index.php?rest_route=%2Fwp%2Fv2%2Fmedia&parent=8265"}],"wp:term":[{"taxonomy":"category","embeddable":true,"href":"http:\/\/tvalaire.com\/index.php?rest_route=%2Fwp%2Fv2%2Fcategories&post=8265"},{"taxonomy":"post_tag","embeddable":true,"href":"http:\/\/tvalaire.com\/index.php?rest_route=%2Fwp%2Fv2%2Ftags&post=8265"}],"curies":[{"name":"wp","href":"https:\/\/api.w.org\/{rel}","templated":true}]}}