{"id":8228,"date":"2020-10-14T19:40:43","date_gmt":"2020-10-15T00:40:43","guid":{"rendered":"http:\/\/tvalaire.com\/?p=8228"},"modified":"2020-10-14T19:40:44","modified_gmt":"2020-10-15T00:40:44","slug":"inicia-construccion-de-barda-en-primaria-otilia-castillo","status":"publish","type":"post","link":"http:\/\/tvalaire.com\/?p=8228","title":{"rendered":"INICIA CONSTRUCCI\u00d3N DE BARDA EN PRIMARIA \u201cOTILIA CASTILLO\u201d"},"content":{"rendered":"\n<p><\/p>\n\n\n\n<ul class=\"wp-block-list\"><li><strong>Cumple\nAlcalde compromisos con el sector educativo <\/strong><\/li><li><strong>Se\nbeneficiar\u00e1n m\u00e1s de 200 alumnos de la colonia L\u00e1zaro C\u00e1rdenas<\/strong><\/li><\/ul>\n\n\n\n<p>Autoridades municipales\ndieron el banderazo inicial de los trabajos de rehabilitaci\u00f3n de los sanitarios\ny construcci\u00f3n de la barda perimetral en la escuela primaria \u201cOtilia Castillo\u201d\nde la colonia L\u00e1zaro C\u00e1rdenas.<\/p>\n\n\n\n<p>El arranque oficial corri\u00f3 a\ncargo de nuestro alcalde Alex Espinoza y funcionarios del Gobierno Municipal,\nquienes fueron recibidos por el director del plantel Jos\u00e9 Luciano \u00c1lvarez; la\npresidenta de la Sociedad de Padres de Familia, Araceli Le\u00f3n Salazar, maestros\ny padres de familia.<\/p>\n\n\n\n<p>El Director de la\ninstituci\u00f3n educativa dijo que la petici\u00f3n para la realizaci\u00f3n de estas obras,\nla plante\u00f3 7 a\u00f1os atr\u00e1s y fue hasta esta Administraci\u00f3n Municipal, que encontr\u00f3\neco con la cual se beneficiar\u00e1n m\u00e1s de 200 alumnos.<\/p>\n\n\n\n<p>Los trabajos realizados en\neste plantel forman parte del paquete de obras de fin de a\u00f1o que a inicios de\nesta semana anunci\u00f3 nuestro alcalde Alex Espinoza, quien en su mensaje dijo que\nen una visita previa estableci\u00f3 este compromiso con personal docente y padres\nde familia.<\/p>\n\n\n\n<p>Es por ello, que adem\u00e1s de\npriorizar en mejorar la imagen de la ciudad con las pavimentaciones de calles,\ntambi\u00e9n se ha esforzado por la educaci\u00f3n no s\u00f3lo mediante la entrega de becas,\nsino con la rehabilitaci\u00f3n de escuelas en donde se genere una educaci\u00f3n de\ncalidad.<\/p>\n\n\n\n<p>Inform\u00f3 que al igual que\neste plantel, el Gobierno Municipal rehabilita la cancha de usos m\u00faltiples de\nla Secundaria de la T\u00e9cnica No. 20 y el viernes iniciar\u00e1n la escuela de la\ncomunidad de El Cuitzillo.<\/p>\n\n\n\n<p>La rehabilitaci\u00f3n de\nsanitarios y la barda perimetral se prev\u00e9 estar\u00e1 lista a fines de este a\u00f1o y\ndijo confiar en que en enero del 2021 haya condiciones para que sus hijos\nregresen a las aulas, ya con mejores condiciones educativas.<\/p>\n\n\n\n<figure class=\"wp-block-image size-large\"><img loading=\"lazy\" decoding=\"async\" width=\"1024\" height=\"682\" src=\"http:\/\/tvalaire.com\/wp-content\/uploads\/2020\/10\/1-2-2-3-1024x682.jpeg\" alt=\"\" class=\"wp-image-8230\" srcset=\"http:\/\/tvalaire.com\/wp-content\/uploads\/2020\/10\/1-2-2-3-1024x682.jpeg 1024w, http:\/\/tvalaire.com\/wp-content\/uploads\/2020\/10\/1-2-2-3-300x200.jpeg 300w, http:\/\/tvalaire.com\/wp-content\/uploads\/2020\/10\/1-2-2-3-768x512.jpeg 768w, http:\/\/tvalaire.com\/wp-content\/uploads\/2020\/10\/1-2-2-3.jpeg 1280w\" sizes=\"(max-width: 1024px) 100vw, 1024px\" \/><\/figure>\n\n\n\n<figure class=\"wp-block-image size-large\"><img loading=\"lazy\" decoding=\"async\" width=\"1024\" height=\"683\" src=\"http:\/\/tvalaire.com\/wp-content\/uploads\/2020\/10\/1-4-2-1-1024x683.jpeg\" alt=\"\" class=\"wp-image-8231\" srcset=\"http:\/\/tvalaire.com\/wp-content\/uploads\/2020\/10\/1-4-2-1-1024x683.jpeg 1024w, http:\/\/tvalaire.com\/wp-content\/uploads\/2020\/10\/1-4-2-1-300x200.jpeg 300w, http:\/\/tvalaire.com\/wp-content\/uploads\/2020\/10\/1-4-2-1-768x512.jpeg 768w, http:\/\/tvalaire.com\/wp-content\/uploads\/2020\/10\/1-4-2-1.jpeg 1168w\" sizes=\"(max-width: 1024px) 100vw, 1024px\" \/><\/figure>\n","protected":false},"excerpt":{"rendered":"<p>Cumple Alcalde compromisos con el sector educativo Se beneficiar\u00e1n m\u00e1s de 200 alumnos de la&#8230;<\/p>\n","protected":false},"author":1,"featured_media":8229,"comment_status":"open","ping_status":"open","sticky":false,"template":"","format":"standard","meta":{"jetpack_post_was_ever_published":false,"_jetpack_newsletter_access":"","_jetpack_dont_email_post_to_subs":false,"_jetpack_newsletter_tier_id":0,"_jetpack_memberships_contains_paywalled_content":false,"_jetpack_memberships_contains_paid_content":false,"footnotes":"","jetpack_publicize_message":"","jetpack_publicize_feature_enabled":true,"jetpack_social_post_already_shared":false,"jetpack_social_options":{"image_generator_settings":{"template":"highway","enabled":false},"version":2}},"categories":[1],"tags":[15],"class_list":["post-8228","post","type-post","status-publish","format-standard","has-post-thumbnail","hentry","category-la-piedad","tag-la-piedad"],"jetpack_publicize_connections":[],"jetpack_sharing_enabled":true,"featured_image_urls":{"full":["http:\/\/tvalaire.com\/wp-content\/uploads\/2020\/10\/1-5-3.jpeg",1280,853,false],"thumbnail":["http:\/\/tvalaire.com\/wp-content\/uploads\/2020\/10\/1-5-3-150x150.jpeg",150,150,true],"medium":["http:\/\/tvalaire.com\/wp-content\/uploads\/2020\/10\/1-5-3-300x200.jpeg",300,200,true],"medium_large":["http:\/\/tvalaire.com\/wp-content\/uploads\/2020\/10\/1-5-3-768x512.jpeg",640,427,true],"large":["http:\/\/tvalaire.com\/wp-content\/uploads\/2020\/10\/1-5-3-1024x682.jpeg",640,426,true],"post-slider-thumb-size":["http:\/\/tvalaire.com\/wp-content\/uploads\/2020\/10\/1-5-3-330x190.jpeg",330,190,true],"post-category-slider-size":["http:\/\/tvalaire.com\/wp-content\/uploads\/2020\/10\/1-5-3.jpeg",330,220,false],"1536x1536":["http:\/\/tvalaire.com\/wp-content\/uploads\/2020\/10\/1-5-3.jpeg",1280,853,false],"2048x2048":["http:\/\/tvalaire.com\/wp-content\/uploads\/2020\/10\/1-5-3.jpeg",1280,853,false],"newsium-slider-full":["http:\/\/tvalaire.com\/wp-content\/uploads\/2020\/10\/1-5-3-1280x845.jpeg",1280,845,true],"newsium-featured":["http:\/\/tvalaire.com\/wp-content\/uploads\/2020\/10\/1-5-3-1024x682.jpeg",1024,682,true],"newsium-medium":["http:\/\/tvalaire.com\/wp-content\/uploads\/2020\/10\/1-5-3-720x475.jpeg",720,475,true]},"author_info":{"info":["tvalairenoti"]},"category_info":"<a href=\"http:\/\/tvalaire.com\/?cat=1\" rel=\"category\">La Piedad<\/a>","tag_info":"La Piedad","comment_count":"0","jetpack_featured_media_url":"http:\/\/tvalaire.com\/wp-content\/uploads\/2020\/10\/1-5-3.jpeg","_links":{"self":[{"href":"http:\/\/tvalaire.com\/index.php?rest_route=\/wp\/v2\/posts\/8228"}],"collection":[{"href":"http:\/\/tvalaire.com\/index.php?rest_route=\/wp\/v2\/posts"}],"about":[{"href":"http:\/\/tvalaire.com\/index.php?rest_route=\/wp\/v2\/types\/post"}],"author":[{"embeddable":true,"href":"http:\/\/tvalaire.com\/index.php?rest_route=\/wp\/v2\/users\/1"}],"replies":[{"embeddable":true,"href":"http:\/\/tvalaire.com\/index.php?rest_route=%2Fwp%2Fv2%2Fcomments&post=8228"}],"version-history":[{"count":1,"href":"http:\/\/tvalaire.com\/index.php?rest_route=\/wp\/v2\/posts\/8228\/revisions"}],"predecessor-version":[{"id":8232,"href":"http:\/\/tvalaire.com\/index.php?rest_route=\/wp\/v2\/posts\/8228\/revisions\/8232"}],"wp:featuredmedia":[{"embeddable":true,"href":"http:\/\/tvalaire.com\/index.php?rest_route=\/wp\/v2\/media\/8229"}],"wp:attachment":[{"href":"http:\/\/tvalaire.com\/index.php?rest_route=%2Fwp%2Fv2%2Fmedia&parent=8228"}],"wp:term":[{"taxonomy":"category","embeddable":true,"href":"http:\/\/tvalaire.com\/index.php?rest_route=%2Fwp%2Fv2%2Fcategories&post=8228"},{"taxonomy":"post_tag","embeddable":true,"href":"http:\/\/tvalaire.com\/index.php?rest_route=%2Fwp%2Fv2%2Ftags&post=8228"}],"curies":[{"name":"wp","href":"https:\/\/api.w.org\/{rel}","templated":true}]}}