{"id":8225,"date":"2020-10-14T19:38:14","date_gmt":"2020-10-15T00:38:14","guid":{"rendered":"http:\/\/tvalaire.com\/?p=8225"},"modified":"2020-10-14T19:38:15","modified_gmt":"2020-10-15T00:38:15","slug":"no-habra-permisos-para-venta-de-flores-ambulantes-por-dia-de-muertos","status":"publish","type":"post","link":"http:\/\/tvalaire.com\/?p=8225","title":{"rendered":"NO HABR\u00c1 PERMISOS PARA VENTA DE FLORES AMBULANTES POR D\u00cdA DE MUERTOS"},"content":{"rendered":"\n<p><\/p>\n\n\n\n<ul class=\"wp-block-list\"><li><strong>Quienes\ntengan producto deber\u00e1n ofertarlo desde sus puntos de venta<\/strong><\/li><li><strong>D\u00edas\nprevioshabr\u00e1 recorridos para retirar el ambulantaje<\/strong><\/li><\/ul>\n\n\n\n<p>El director de Reglamentos,\nJos\u00e9 Luis Ortiz Coronado, anunci\u00f3 que debido a que est\u00e1 cancelado el festejo de\nD\u00eda de Muertos y permanecer\u00e1n los panteones cerrados, no habr\u00e1 permisos para la\nventa de flores ambulantes este a\u00f1o.<\/p>\n\n\n\n<p>Explic\u00f3 que hasta el momento\nhan sido contados los vendedores que han preguntado al respecto,\npero la respuesta ha sido contundente por tanto, quienes sean detectados antes\ndel D\u00eda de Muertos o durante esa fecha, ser\u00e1n retirados del lugar donde se\nencuentren.<\/p>\n\n\n\n<p>El funcionario municipal\nindic\u00f3 que previamente las instancias del Sector Salud y el propio Gobierno local,\nanunciaron sobre las cancelaciones de eventos masivos incluidos el D\u00eda de\nMuertos, por lo anterior no habr\u00e1 permisos para la venta de coronas o flores\nambulantes.<\/p>\n\n\n\n<p>Con respecto a la venta de\nla flor que pudieran tener algunos productores locales, Jos\u00e9 Luis Ortiz, dijo\nque ellos tendr\u00e1n que buscar los mecanismos para vender su producto sin pensar\nen establecerse en la v\u00eda p\u00fablica como a\u00f1os anteriores.<\/p>\n\n\n\n<p>Por lo que recomend\u00f3 que\nquien cuente con este producto de temporada, lo ofrezcan desde su punto de\nventa, ya que el permiso para ingresar a los panteones es hasta el 28 de\noctubre.<\/p>\n\n\n\n<p>Posterior a esa fecha a\nquienes se sorprendan en los lugares habituales vendiendo en la v\u00eda p\u00fablica la\nflor o las coronas, por disposici\u00f3n local el producto les ser\u00e1 retirado.<\/p>\n","protected":false},"excerpt":{"rendered":"<p>Quienes tengan producto deber\u00e1n ofertarlo desde sus puntos de venta D\u00edas previoshabr\u00e1 recorridos para retirar&#8230;<\/p>\n","protected":false},"author":1,"featured_media":8226,"comment_status":"open","ping_status":"open","sticky":false,"template":"","format":"standard","meta":{"jetpack_post_was_ever_published":false,"_jetpack_newsletter_access":"","_jetpack_dont_email_post_to_subs":false,"_jetpack_newsletter_tier_id":0,"_jetpack_memberships_contains_paywalled_content":false,"_jetpack_memberships_contains_paid_content":false,"footnotes":"","jetpack_publicize_message":"","jetpack_publicize_feature_enabled":true,"jetpack_social_post_already_shared":false,"jetpack_social_options":{"image_generator_settings":{"template":"highway","enabled":false},"version":2}},"categories":[1],"tags":[15],"class_list":["post-8225","post","type-post","status-publish","format-standard","has-post-thumbnail","hentry","category-la-piedad","tag-la-piedad"],"jetpack_publicize_connections":[],"jetpack_sharing_enabled":true,"featured_image_urls":{"full":["http:\/\/tvalaire.com\/wp-content\/uploads\/2020\/10\/01-2.jpg",1024,683,false],"thumbnail":["http:\/\/tvalaire.com\/wp-content\/uploads\/2020\/10\/01-2-150x150.jpg",150,150,true],"medium":["http:\/\/tvalaire.com\/wp-content\/uploads\/2020\/10\/01-2-300x200.jpg",300,200,true],"medium_large":["http:\/\/tvalaire.com\/wp-content\/uploads\/2020\/10\/01-2-768x512.jpg",640,427,true],"large":["http:\/\/tvalaire.com\/wp-content\/uploads\/2020\/10\/01-2.jpg",640,427,false],"post-slider-thumb-size":["http:\/\/tvalaire.com\/wp-content\/uploads\/2020\/10\/01-2-330x190.jpg",330,190,true],"post-category-slider-size":["http:\/\/tvalaire.com\/wp-content\/uploads\/2020\/10\/01-2.jpg",330,220,false],"1536x1536":["http:\/\/tvalaire.com\/wp-content\/uploads\/2020\/10\/01-2.jpg",1024,683,false],"2048x2048":["http:\/\/tvalaire.com\/wp-content\/uploads\/2020\/10\/01-2.jpg",1024,683,false],"newsium-slider-full":["http:\/\/tvalaire.com\/wp-content\/uploads\/2020\/10\/01-2.jpg",1024,683,false],"newsium-featured":["http:\/\/tvalaire.com\/wp-content\/uploads\/2020\/10\/01-2.jpg",1024,683,false],"newsium-medium":["http:\/\/tvalaire.com\/wp-content\/uploads\/2020\/10\/01-2-720x475.jpg",720,475,true]},"author_info":{"info":["tvalairenoti"]},"category_info":"<a href=\"http:\/\/tvalaire.com\/?cat=1\" rel=\"category\">La Piedad<\/a>","tag_info":"La Piedad","comment_count":"0","jetpack_featured_media_url":"http:\/\/tvalaire.com\/wp-content\/uploads\/2020\/10\/01-2.jpg","_links":{"self":[{"href":"http:\/\/tvalaire.com\/index.php?rest_route=\/wp\/v2\/posts\/8225"}],"collection":[{"href":"http:\/\/tvalaire.com\/index.php?rest_route=\/wp\/v2\/posts"}],"about":[{"href":"http:\/\/tvalaire.com\/index.php?rest_route=\/wp\/v2\/types\/post"}],"author":[{"embeddable":true,"href":"http:\/\/tvalaire.com\/index.php?rest_route=\/wp\/v2\/users\/1"}],"replies":[{"embeddable":true,"href":"http:\/\/tvalaire.com\/index.php?rest_route=%2Fwp%2Fv2%2Fcomments&post=8225"}],"version-history":[{"count":1,"href":"http:\/\/tvalaire.com\/index.php?rest_route=\/wp\/v2\/posts\/8225\/revisions"}],"predecessor-version":[{"id":8227,"href":"http:\/\/tvalaire.com\/index.php?rest_route=\/wp\/v2\/posts\/8225\/revisions\/8227"}],"wp:featuredmedia":[{"embeddable":true,"href":"http:\/\/tvalaire.com\/index.php?rest_route=\/wp\/v2\/media\/8226"}],"wp:attachment":[{"href":"http:\/\/tvalaire.com\/index.php?rest_route=%2Fwp%2Fv2%2Fmedia&parent=8225"}],"wp:term":[{"taxonomy":"category","embeddable":true,"href":"http:\/\/tvalaire.com\/index.php?rest_route=%2Fwp%2Fv2%2Fcategories&post=8225"},{"taxonomy":"post_tag","embeddable":true,"href":"http:\/\/tvalaire.com\/index.php?rest_route=%2Fwp%2Fv2%2Ftags&post=8225"}],"curies":[{"name":"wp","href":"https:\/\/api.w.org\/{rel}","templated":true}]}}