{"id":8220,"date":"2020-10-14T19:37:18","date_gmt":"2020-10-15T00:37:18","guid":{"rendered":"http:\/\/tvalaire.com\/?p=8220"},"modified":"2020-10-14T19:37:19","modified_gmt":"2020-10-15T00:37:19","slug":"comienza-proyecto-jovenes-en-prevencion","status":"publish","type":"post","link":"http:\/\/tvalaire.com\/?p=8220","title":{"rendered":"COMIENZA PROYECTO \u201cJ\u00d3VENES EN PREVENCI\u00d3N\u201d"},"content":{"rendered":"\n<p><\/p>\n\n\n\n<ul class=\"wp-block-list\"><li><strong>Forma\nparte de los programas de Fortalecimiento para la Seguridad<\/strong><\/li><li><strong>Realizan\ntalleres con j\u00f3venes de varias colonias de la ciudad<\/strong><\/li><\/ul>\n\n\n\n<p>Este martes dio comienzo uno\nde los proyectos del programa de Fortalecimiento para la Seguridad (FORTASEG)\nen el municipio; se trata de \u201cJ\u00f3venes en Prevenci\u00f3n\u201d.<\/p>\n\n\n\n<p>El arranque del mismo se\nllev\u00f3 a trav\u00e9s de talleres de integraci\u00f3n en las colonias Laureles, El Malec\u00f3n,\nTres Estrellas y Santa Fe, los cuales se realizaron de manera simult\u00e1nea.<\/p>\n\n\n\n<p>Al respecto, el secretario\ndel Ayuntamiento, Samuel Hidalgo Gallardo, inform\u00f3 que J\u00f3venes en Prevenci\u00f3n,\nes uno de los tres proyectos del programa FORTASEG programado para este a\u00f1o. <\/p>\n\n\n\n<p>El primero de ellos es el de\nintegraci\u00f3n de los Comit\u00e9s de Participaci\u00f3n Ciudadana, de los cuales se prev\u00e9\ncrear 27 en el municipio; hay otro sobre Prevenci\u00f3n de Violencia de G\u00e9nero y\n\u00e9ste \u00faltimo. <\/p>\n\n\n\n<p>El comit\u00e9 de J\u00f3venes en\nPrevenci\u00f3n deber\u00e1 estar integrado por personas de entre los 15 y 29 a\u00f1os y su\nobjetivo es conocer la problem\u00e1tica que viven en su entorno social para poder\nidentificar sus necesidades y escuchar sus propuestas de soluci\u00f3n.<\/p>\n\n\n\n<p>Samuel Hidalgo, indic\u00f3 que\nen este taller se identificaron factores de riesgo, sus causas y las\nconsecuencias, con el fin de establecer acciones de intervenci\u00f3n en cada una de\nlas colonias para prevenir la violencia en este grupo de edad.<\/p>\n\n\n\n<p>Mencion\u00f3 que las acciones de\nprevenci\u00f3n se van a contrarrestar con actividades en las cuales puedan\ninvolucrarse otras dependencias de gobierno tales como DIF Municipal, Cultura y\nDeportes.<\/p>\n\n\n\n<figure class=\"wp-block-image size-large\"><img loading=\"lazy\" decoding=\"async\" width=\"1024\" height=\"768\" src=\"http:\/\/tvalaire.com\/wp-content\/uploads\/2020\/10\/1-1-3-2.jpeg\" alt=\"\" class=\"wp-image-8222\" srcset=\"http:\/\/tvalaire.com\/wp-content\/uploads\/2020\/10\/1-1-3-2.jpeg 1024w, http:\/\/tvalaire.com\/wp-content\/uploads\/2020\/10\/1-1-3-2-300x225.jpeg 300w, http:\/\/tvalaire.com\/wp-content\/uploads\/2020\/10\/1-1-3-2-768x576.jpeg 768w\" sizes=\"(max-width: 1024px) 100vw, 1024px\" \/><\/figure>\n\n\n\n<figure class=\"wp-block-image size-large\"><img loading=\"lazy\" decoding=\"async\" width=\"1024\" height=\"768\" src=\"http:\/\/tvalaire.com\/wp-content\/uploads\/2020\/10\/1-2-1-4.jpeg\" alt=\"\" class=\"wp-image-8223\" srcset=\"http:\/\/tvalaire.com\/wp-content\/uploads\/2020\/10\/1-2-1-4.jpeg 1024w, http:\/\/tvalaire.com\/wp-content\/uploads\/2020\/10\/1-2-1-4-300x225.jpeg 300w, http:\/\/tvalaire.com\/wp-content\/uploads\/2020\/10\/1-2-1-4-768x576.jpeg 768w\" sizes=\"(max-width: 1024px) 100vw, 1024px\" \/><\/figure>\n","protected":false},"excerpt":{"rendered":"<p>Forma parte de los programas de Fortalecimiento para la Seguridad Realizan talleres con j\u00f3venes de&#8230;<\/p>\n","protected":false},"author":1,"featured_media":8221,"comment_status":"open","ping_status":"open","sticky":false,"template":"","format":"standard","meta":{"jetpack_post_was_ever_published":false,"_jetpack_newsletter_access":"","_jetpack_dont_email_post_to_subs":false,"_jetpack_newsletter_tier_id":0,"_jetpack_memberships_contains_paywalled_content":false,"_jetpack_memberships_contains_paid_content":false,"footnotes":"","jetpack_publicize_message":"","jetpack_publicize_feature_enabled":true,"jetpack_social_post_already_shared":false,"jetpack_social_options":{"image_generator_settings":{"template":"highway","enabled":false},"version":2}},"categories":[1],"tags":[15],"class_list":["post-8220","post","type-post","status-publish","format-standard","has-post-thumbnail","hentry","category-la-piedad","tag-la-piedad"],"jetpack_publicize_connections":[],"jetpack_sharing_enabled":true,"featured_image_urls":{"full":["http:\/\/tvalaire.com\/wp-content\/uploads\/2020\/10\/1-3-2-2.jpeg",1024,768,false],"thumbnail":["http:\/\/tvalaire.com\/wp-content\/uploads\/2020\/10\/1-3-2-2-150x150.jpeg",150,150,true],"medium":["http:\/\/tvalaire.com\/wp-content\/uploads\/2020\/10\/1-3-2-2-300x225.jpeg",300,225,true],"medium_large":["http:\/\/tvalaire.com\/wp-content\/uploads\/2020\/10\/1-3-2-2-768x576.jpeg",640,480,true],"large":["http:\/\/tvalaire.com\/wp-content\/uploads\/2020\/10\/1-3-2-2.jpeg",640,480,false],"post-slider-thumb-size":["http:\/\/tvalaire.com\/wp-content\/uploads\/2020\/10\/1-3-2-2-330x190.jpeg",330,190,true],"post-category-slider-size":["http:\/\/tvalaire.com\/wp-content\/uploads\/2020\/10\/1-3-2-2.jpeg",330,248,false],"1536x1536":["http:\/\/tvalaire.com\/wp-content\/uploads\/2020\/10\/1-3-2-2.jpeg",1024,768,false],"2048x2048":["http:\/\/tvalaire.com\/wp-content\/uploads\/2020\/10\/1-3-2-2.jpeg",1024,768,false],"newsium-slider-full":["http:\/\/tvalaire.com\/wp-content\/uploads\/2020\/10\/1-3-2-2.jpeg",1024,768,false],"newsium-featured":["http:\/\/tvalaire.com\/wp-content\/uploads\/2020\/10\/1-3-2-2.jpeg",1024,768,false],"newsium-medium":["http:\/\/tvalaire.com\/wp-content\/uploads\/2020\/10\/1-3-2-2-720x475.jpeg",720,475,true]},"author_info":{"info":["tvalairenoti"]},"category_info":"<a href=\"http:\/\/tvalaire.com\/?cat=1\" rel=\"category\">La Piedad<\/a>","tag_info":"La Piedad","comment_count":"0","jetpack_featured_media_url":"http:\/\/tvalaire.com\/wp-content\/uploads\/2020\/10\/1-3-2-2.jpeg","_links":{"self":[{"href":"http:\/\/tvalaire.com\/index.php?rest_route=\/wp\/v2\/posts\/8220"}],"collection":[{"href":"http:\/\/tvalaire.com\/index.php?rest_route=\/wp\/v2\/posts"}],"about":[{"href":"http:\/\/tvalaire.com\/index.php?rest_route=\/wp\/v2\/types\/post"}],"author":[{"embeddable":true,"href":"http:\/\/tvalaire.com\/index.php?rest_route=\/wp\/v2\/users\/1"}],"replies":[{"embeddable":true,"href":"http:\/\/tvalaire.com\/index.php?rest_route=%2Fwp%2Fv2%2Fcomments&post=8220"}],"version-history":[{"count":1,"href":"http:\/\/tvalaire.com\/index.php?rest_route=\/wp\/v2\/posts\/8220\/revisions"}],"predecessor-version":[{"id":8224,"href":"http:\/\/tvalaire.com\/index.php?rest_route=\/wp\/v2\/posts\/8220\/revisions\/8224"}],"wp:featuredmedia":[{"embeddable":true,"href":"http:\/\/tvalaire.com\/index.php?rest_route=\/wp\/v2\/media\/8221"}],"wp:attachment":[{"href":"http:\/\/tvalaire.com\/index.php?rest_route=%2Fwp%2Fv2%2Fmedia&parent=8220"}],"wp:term":[{"taxonomy":"category","embeddable":true,"href":"http:\/\/tvalaire.com\/index.php?rest_route=%2Fwp%2Fv2%2Fcategories&post=8220"},{"taxonomy":"post_tag","embeddable":true,"href":"http:\/\/tvalaire.com\/index.php?rest_route=%2Fwp%2Fv2%2Ftags&post=8220"}],"curies":[{"name":"wp","href":"https:\/\/api.w.org\/{rel}","templated":true}]}}