{"id":8213,"date":"2020-10-13T19:29:00","date_gmt":"2020-10-14T00:29:00","guid":{"rendered":"http:\/\/tvalaire.com\/?p=8213"},"modified":"2020-10-14T19:30:02","modified_gmt":"2020-10-15T00:30:02","slug":"alertan-autoridades-municipales-de-supuesto-programa-de-despensas-y-refrigeradores","status":"publish","type":"post","link":"http:\/\/tvalaire.com\/?p=8213","title":{"rendered":"ALERTAN AUTORIDADES MUNICIPALES DE SUPUESTO PROGRAMA DE DESPENSAS Y REFRIGERADORES"},"content":{"rendered":"\n<p><\/p>\n\n\n\n<ul class=\"wp-block-list\"><li><strong>El\nGobierno Municipal se deslinda de este programa <\/strong><\/li><li><strong>Aseguran\ninscribirlos a un programa de despensas<\/strong><\/li><\/ul>\n\n\n\n<p>El Gobierno Municipal se\ndeslinda del empadronamiento a un programa de entrega de despensas y venta de\nrefrigeradores por mil 500 pesos, que promueve una persona con el supuesto\nnombre de Agust\u00edn G\u00f3mez y quien, de acuerdo a afectados se publicita en\ndiversas tienditas en colonias de la localidad.<\/p>\n\n\n\n<p>Sobre este hecho se pudo dar\ncuenta, luego de que desde el pasado fin de semana acudieran a la direcci\u00f3n de\nDesarrollo Social, algunas personas a preguntar sobre la existencia del mismo.<\/p>\n\n\n\n<p>C\u00e9sar Oceguera Estrada,\ndirector de Desarrollo Social explic\u00f3 que el Gobierno\nMunicipal no es responsable de este programa. Los \u00fanicos apoyos que se\nmantienen por parte de la dependencia son los de la entrega de materiales de\nconstrucci\u00f3n a trav\u00e9s de la fundaci\u00f3n Mariana Trinitaria o del programa de\napoyo a la Vivienda.<\/p>\n\n\n\n<p>De acuerdo con los comentarios\nrecibidos por los afectados, hab\u00eda varios letreros sin logotipos colocados en\ntiendas de abarrotes en colonias como la San Rafael, buscando que m\u00e1s\nciudadanos ingresaran al supuesto programa social.<\/p>\n\n\n\n<p>Los mismos afectados han\nalertado del programa al Gobierno Municipal, por lo que se hace un llamado a la\npoblaci\u00f3n para no dejarse enga\u00f1ar.<\/p>\n","protected":false},"excerpt":{"rendered":"<p>El Gobierno Municipal se deslinda de este programa Aseguran inscribirlos a un programa de despensas&#8230;<\/p>\n","protected":false},"author":1,"featured_media":8214,"comment_status":"open","ping_status":"open","sticky":false,"template":"","format":"standard","meta":{"jetpack_post_was_ever_published":false,"_jetpack_newsletter_access":"","_jetpack_dont_email_post_to_subs":false,"_jetpack_newsletter_tier_id":0,"_jetpack_memberships_contains_paywalled_content":false,"_jetpack_memberships_contains_paid_content":false,"footnotes":"","jetpack_publicize_message":"","jetpack_publicize_feature_enabled":true,"jetpack_social_post_already_shared":false,"jetpack_social_options":{"image_generator_settings":{"template":"highway","enabled":false},"version":2}},"categories":[1],"tags":[15],"class_list":["post-8213","post","type-post","status-publish","format-standard","has-post-thumbnail","hentry","category-la-piedad","tag-la-piedad"],"jetpack_publicize_connections":[],"jetpack_sharing_enabled":true,"featured_image_urls":{"full":["http:\/\/tvalaire.com\/wp-content\/uploads\/2020\/10\/1-1-scaled.jpg",2560,2560,false],"thumbnail":["http:\/\/tvalaire.com\/wp-content\/uploads\/2020\/10\/1-1-150x150.jpg",150,150,true],"medium":["http:\/\/tvalaire.com\/wp-content\/uploads\/2020\/10\/1-1-300x300.jpg",300,300,true],"medium_large":["http:\/\/tvalaire.com\/wp-content\/uploads\/2020\/10\/1-1-768x768.jpg",640,640,true],"large":["http:\/\/tvalaire.com\/wp-content\/uploads\/2020\/10\/1-1-1024x1024.jpg",640,640,true],"post-slider-thumb-size":["http:\/\/tvalaire.com\/wp-content\/uploads\/2020\/10\/1-1-330x190.jpg",330,190,true],"post-category-slider-size":["http:\/\/tvalaire.com\/wp-content\/uploads\/2020\/10\/1-1-scaled.jpg",330,330,false],"1536x1536":["http:\/\/tvalaire.com\/wp-content\/uploads\/2020\/10\/1-1-1536x1536.jpg",1536,1536,true],"2048x2048":["http:\/\/tvalaire.com\/wp-content\/uploads\/2020\/10\/1-1-2048x2048.jpg",2048,2048,true],"newsium-slider-full":["http:\/\/tvalaire.com\/wp-content\/uploads\/2020\/10\/1-1-1280x845.jpg",1280,845,true],"newsium-featured":["http:\/\/tvalaire.com\/wp-content\/uploads\/2020\/10\/1-1-1024x1024.jpg",1024,1024,true],"newsium-medium":["http:\/\/tvalaire.com\/wp-content\/uploads\/2020\/10\/1-1-720x475.jpg",720,475,true]},"author_info":{"info":["tvalairenoti"]},"category_info":"<a href=\"http:\/\/tvalaire.com\/?cat=1\" rel=\"category\">La Piedad<\/a>","tag_info":"La Piedad","comment_count":"0","jetpack_featured_media_url":"http:\/\/tvalaire.com\/wp-content\/uploads\/2020\/10\/1-1-scaled.jpg","_links":{"self":[{"href":"http:\/\/tvalaire.com\/index.php?rest_route=\/wp\/v2\/posts\/8213"}],"collection":[{"href":"http:\/\/tvalaire.com\/index.php?rest_route=\/wp\/v2\/posts"}],"about":[{"href":"http:\/\/tvalaire.com\/index.php?rest_route=\/wp\/v2\/types\/post"}],"author":[{"embeddable":true,"href":"http:\/\/tvalaire.com\/index.php?rest_route=\/wp\/v2\/users\/1"}],"replies":[{"embeddable":true,"href":"http:\/\/tvalaire.com\/index.php?rest_route=%2Fwp%2Fv2%2Fcomments&post=8213"}],"version-history":[{"count":1,"href":"http:\/\/tvalaire.com\/index.php?rest_route=\/wp\/v2\/posts\/8213\/revisions"}],"predecessor-version":[{"id":8215,"href":"http:\/\/tvalaire.com\/index.php?rest_route=\/wp\/v2\/posts\/8213\/revisions\/8215"}],"wp:featuredmedia":[{"embeddable":true,"href":"http:\/\/tvalaire.com\/index.php?rest_route=\/wp\/v2\/media\/8214"}],"wp:attachment":[{"href":"http:\/\/tvalaire.com\/index.php?rest_route=%2Fwp%2Fv2%2Fmedia&parent=8213"}],"wp:term":[{"taxonomy":"category","embeddable":true,"href":"http:\/\/tvalaire.com\/index.php?rest_route=%2Fwp%2Fv2%2Fcategories&post=8213"},{"taxonomy":"post_tag","embeddable":true,"href":"http:\/\/tvalaire.com\/index.php?rest_route=%2Fwp%2Fv2%2Ftags&post=8213"}],"curies":[{"name":"wp","href":"https:\/\/api.w.org\/{rel}","templated":true}]}}