{"id":8181,"date":"2020-10-12T19:08:00","date_gmt":"2020-10-13T00:08:00","guid":{"rendered":"http:\/\/tvalaire.com\/?p=8181"},"modified":"2020-10-14T19:10:59","modified_gmt":"2020-10-15T00:10:59","slug":"conmemoran-un-aniversario-mas-del-encuentro-de-dos-mundos","status":"publish","type":"post","link":"http:\/\/tvalaire.com\/?p=8181","title":{"rendered":"CONMEMORAN UN ANIVERSARIO M\u00c1S DEL \u201cENCUENTRO DE DOS MUNDOS\u201d"},"content":{"rendered":"\n<p><\/p>\n\n\n\n<ul class=\"wp-block-list\"><li><strong>Llevan\na cabo acto c\u00edvico en el patio de la Escuela de Artes <\/strong><\/li><li><strong>Recuerdan\nal profesor Jos\u00e9 Luis Beltr\u00e1n L\u00f3pez, director del CBTIS 84 <\/strong><\/li><\/ul>\n\n\n\n<p>Con el deseo de que esta\nfecha por el 528 Aniversario del Descubrimiento de Am\u00e9rica, no separe la\nfraternidad que la voluntad pueda construir, y que lejos de dividir culturas\nvuelva a unirlas bajo el principio de respeto y amor al pr\u00f3jimo, nuestro\nalcalde Alex Espinoza, se dirigi\u00f3 as\u00ed durante el acto oficial por el D\u00eda de la\nRaza.<\/p>\n\n\n\n<p>Mencion\u00f3 que\ndesgraciadamente, hoy el mundo parece olvidarse de sus propias historias e\ninconscientemente quisiera repetirlas una y otra vez, por lo que lament\u00f3 toda\nclase de discriminaci\u00f3n racial, de g\u00e9nero, aspecto f\u00edsico, discapacidad, edad,\norientaci\u00f3n sexual y todo aquello que haga sentir desprecio.<\/p>\n\n\n\n<p>\u201cQue aquel 12 de octubre de\n1492, nos sirva como historia para entender que la riqueza de un individuo debe\nser valorada y respetada, jam\u00e1s ultrajada\u201d, se\u00f1al\u00f3. <\/p>\n\n\n\n<p>Indic\u00f3 que, por su parte\nespera una sociedad plural, en donde el conocimiento sea la llave que los lleve\na mejores momentos; en donde sea la libertad y la raz\u00f3n, la \u00fanica corona que\npermita ver un horizonte mucho m\u00e1s cristalino; en donde el pensamiento se\nimponga por encima de cualquier discurso de odio, confrontaci\u00f3n innecesaria y\ndisculpas barrocas.<\/p>\n\n\n\n<p>Nuestro Alcalde se\u00f1al\u00f3 que\nde nosotros depende construir ese mundo so\u00f1ado, que vaya m\u00e1s all\u00e1 de la\ntolerancia y se concentre en el respeto absoluto a las diferencias.<\/p>\n\n\n\n<p>Cabe destacar que, en esta\nocasi\u00f3n antes de iniciar el acto, nuestro Alcalde hizo un espacio para\nreferirse a un hombre dedicado a su trabajo, una persona ejemplar que dej\u00f3 un\ngran legado, refiri\u00e9ndose al profesor Jos\u00e9 Luis Beltr\u00e1n L\u00f3pez, director del\nCBTIS 84 y presidente del Comit\u00e9 C\u00edvico Municipal, quien falleci\u00f3 este fin de\nsemana y para quien pidi\u00f3 un minuto de silencio.<\/p>\n\n\n\n<p>Posteriormente se rindieron\nhonores al l\u00e1baro patrio y el subdirector de Educaci\u00f3n Iv\u00e1n Hidalgo dio la\nrese\u00f1a oficial sobre la fecha, para dar paso al acto c\u00edvico que, como se ha\nhecho desde el inicio de la pandemia se realiz\u00f3 en la Escuela de Artes\n\u00fanicamente con la presencia de integrantes del Ayuntamiento y el director de\nEducaci\u00f3n y se transmiti\u00f3 online a trav\u00e9s de la p\u00e1gina oficial del Gobierno\nMunicipal.<\/p>\n\n\n\n<figure class=\"wp-block-image size-large\"><img loading=\"lazy\" decoding=\"async\" width=\"1024\" height=\"682\" src=\"http:\/\/tvalaire.com\/wp-content\/uploads\/2020\/10\/1-6-1-1024x682.jpeg\" alt=\"\" class=\"wp-image-8183\" srcset=\"http:\/\/tvalaire.com\/wp-content\/uploads\/2020\/10\/1-6-1-1024x682.jpeg 1024w, http:\/\/tvalaire.com\/wp-content\/uploads\/2020\/10\/1-6-1-300x200.jpeg 300w, http:\/\/tvalaire.com\/wp-content\/uploads\/2020\/10\/1-6-1-768x512.jpeg 768w, http:\/\/tvalaire.com\/wp-content\/uploads\/2020\/10\/1-6-1.jpeg 1280w\" sizes=\"(max-width: 1024px) 100vw, 1024px\" \/><\/figure>\n\n\n\n<figure class=\"wp-block-image size-large\"><img loading=\"lazy\" decoding=\"async\" width=\"1024\" height=\"682\" src=\"http:\/\/tvalaire.com\/wp-content\/uploads\/2020\/10\/1-1-5-1024x682.jpeg\" alt=\"\" class=\"wp-image-8184\" srcset=\"http:\/\/tvalaire.com\/wp-content\/uploads\/2020\/10\/1-1-5-1024x682.jpeg 1024w, http:\/\/tvalaire.com\/wp-content\/uploads\/2020\/10\/1-1-5-300x200.jpeg 300w, http:\/\/tvalaire.com\/wp-content\/uploads\/2020\/10\/1-1-5-768x512.jpeg 768w, http:\/\/tvalaire.com\/wp-content\/uploads\/2020\/10\/1-1-5.jpeg 1280w\" sizes=\"(max-width: 1024px) 100vw, 1024px\" \/><\/figure>\n\n\n\n<figure class=\"wp-block-image size-large\"><img loading=\"lazy\" decoding=\"async\" width=\"1024\" height=\"683\" src=\"http:\/\/tvalaire.com\/wp-content\/uploads\/2020\/10\/1-9-1-1024x683.jpeg\" alt=\"\" class=\"wp-image-8187\" srcset=\"http:\/\/tvalaire.com\/wp-content\/uploads\/2020\/10\/1-9-1-1024x683.jpeg 1024w, http:\/\/tvalaire.com\/wp-content\/uploads\/2020\/10\/1-9-1-300x200.jpeg 300w, http:\/\/tvalaire.com\/wp-content\/uploads\/2020\/10\/1-9-1-768x512.jpeg 768w, http:\/\/tvalaire.com\/wp-content\/uploads\/2020\/10\/1-9-1.jpeg 1128w\" sizes=\"(max-width: 1024px) 100vw, 1024px\" \/><\/figure>\n","protected":false},"excerpt":{"rendered":"<p>Llevan a cabo acto c\u00edvico en el patio de la Escuela de Artes Recuerdan al&#8230;<\/p>\n","protected":false},"author":1,"featured_media":8182,"comment_status":"open","ping_status":"open","sticky":false,"template":"","format":"standard","meta":{"jetpack_post_was_ever_published":false,"_jetpack_newsletter_access":"","_jetpack_dont_email_post_to_subs":false,"_jetpack_newsletter_tier_id":0,"_jetpack_memberships_contains_paywalled_content":false,"_jetpack_memberships_contains_paid_content":false,"footnotes":"","jetpack_publicize_message":"","jetpack_publicize_feature_enabled":true,"jetpack_social_post_already_shared":false,"jetpack_social_options":{"image_generator_settings":{"template":"highway","enabled":false},"version":2}},"categories":[1],"tags":[],"class_list":["post-8181","post","type-post","status-publish","format-standard","has-post-thumbnail","hentry","category-la-piedad"],"jetpack_publicize_connections":[],"jetpack_sharing_enabled":true,"featured_image_urls":{"full":["http:\/\/tvalaire.com\/wp-content\/uploads\/2020\/10\/1-7-3.jpeg",1280,853,false],"thumbnail":["http:\/\/tvalaire.com\/wp-content\/uploads\/2020\/10\/1-7-3-150x150.jpeg",150,150,true],"medium":["http:\/\/tvalaire.com\/wp-content\/uploads\/2020\/10\/1-7-3-300x200.jpeg",300,200,true],"medium_large":["http:\/\/tvalaire.com\/wp-content\/uploads\/2020\/10\/1-7-3-768x512.jpeg",640,427,true],"large":["http:\/\/tvalaire.com\/wp-content\/uploads\/2020\/10\/1-7-3-1024x682.jpeg",640,426,true],"post-slider-thumb-size":["http:\/\/tvalaire.com\/wp-content\/uploads\/2020\/10\/1-7-3-330x190.jpeg",330,190,true],"post-category-slider-size":["http:\/\/tvalaire.com\/wp-content\/uploads\/2020\/10\/1-7-3.jpeg",330,220,false],"1536x1536":["http:\/\/tvalaire.com\/wp-content\/uploads\/2020\/10\/1-7-3.jpeg",1280,853,false],"2048x2048":["http:\/\/tvalaire.com\/wp-content\/uploads\/2020\/10\/1-7-3.jpeg",1280,853,false],"newsium-slider-full":["http:\/\/tvalaire.com\/wp-content\/uploads\/2020\/10\/1-7-3-1280x845.jpeg",1280,845,true],"newsium-featured":["http:\/\/tvalaire.com\/wp-content\/uploads\/2020\/10\/1-7-3-1024x682.jpeg",1024,682,true],"newsium-medium":["http:\/\/tvalaire.com\/wp-content\/uploads\/2020\/10\/1-7-3-720x475.jpeg",720,475,true]},"author_info":{"info":["tvalairenoti"]},"category_info":"<a href=\"http:\/\/tvalaire.com\/?cat=1\" rel=\"category\">La Piedad<\/a>","tag_info":"La Piedad","comment_count":"0","jetpack_featured_media_url":"http:\/\/tvalaire.com\/wp-content\/uploads\/2020\/10\/1-7-3.jpeg","_links":{"self":[{"href":"http:\/\/tvalaire.com\/index.php?rest_route=\/wp\/v2\/posts\/8181"}],"collection":[{"href":"http:\/\/tvalaire.com\/index.php?rest_route=\/wp\/v2\/posts"}],"about":[{"href":"http:\/\/tvalaire.com\/index.php?rest_route=\/wp\/v2\/types\/post"}],"author":[{"embeddable":true,"href":"http:\/\/tvalaire.com\/index.php?rest_route=\/wp\/v2\/users\/1"}],"replies":[{"embeddable":true,"href":"http:\/\/tvalaire.com\/index.php?rest_route=%2Fwp%2Fv2%2Fcomments&post=8181"}],"version-history":[{"count":1,"href":"http:\/\/tvalaire.com\/index.php?rest_route=\/wp\/v2\/posts\/8181\/revisions"}],"predecessor-version":[{"id":8188,"href":"http:\/\/tvalaire.com\/index.php?rest_route=\/wp\/v2\/posts\/8181\/revisions\/8188"}],"wp:featuredmedia":[{"embeddable":true,"href":"http:\/\/tvalaire.com\/index.php?rest_route=\/wp\/v2\/media\/8182"}],"wp:attachment":[{"href":"http:\/\/tvalaire.com\/index.php?rest_route=%2Fwp%2Fv2%2Fmedia&parent=8181"}],"wp:term":[{"taxonomy":"category","embeddable":true,"href":"http:\/\/tvalaire.com\/index.php?rest_route=%2Fwp%2Fv2%2Fcategories&post=8181"},{"taxonomy":"post_tag","embeddable":true,"href":"http:\/\/tvalaire.com\/index.php?rest_route=%2Fwp%2Fv2%2Ftags&post=8181"}],"curies":[{"name":"wp","href":"https:\/\/api.w.org\/{rel}","templated":true}]}}