{"id":8166,"date":"2020-10-11T18:24:39","date_gmt":"2020-10-11T23:24:39","guid":{"rendered":"http:\/\/tvalaire.com\/?p=8166"},"modified":"2020-10-11T18:24:40","modified_gmt":"2020-10-11T23:24:40","slug":"entregan-reconocimiento-al-merito-laboral-en-puruandiro","status":"publish","type":"post","link":"http:\/\/tvalaire.com\/?p=8166","title":{"rendered":"ENTREGAN RECONOCIMIENTO AL M\u00c9RITO LABORAL EN PURU\u00c1NDIRO"},"content":{"rendered":"\n<p> Autoridades municipales presididas por la Dra. Belinda Iturbide D\u00edaz en coordinaci\u00f3n con la C\u00e1mara Nacional de Comercio Puru\u00e1ndiro, entregan RECONOCIMIENTO AL MERITO LABORAL a los ciudadanos Mar\u00eda de la Paz Ibarra Maga\u00f1a y Jes\u00fas Barajas Vargas por su trayectoria, experiencia, disciplina, perseverancia y aportaci\u00f3n al comercio en el municipio.  <\/p>\n\n\n\n<figure class=\"wp-block-image size-large\"><img loading=\"lazy\" decoding=\"async\" width=\"593\" height=\"395\" src=\"http:\/\/tvalaire.com\/wp-content\/uploads\/2020\/10\/121307198_2410343389272707_5399789343871354413_n-1.jpg\" alt=\"\" class=\"wp-image-8172\" srcset=\"http:\/\/tvalaire.com\/wp-content\/uploads\/2020\/10\/121307198_2410343389272707_5399789343871354413_n-1.jpg 593w, http:\/\/tvalaire.com\/wp-content\/uploads\/2020\/10\/121307198_2410343389272707_5399789343871354413_n-1-300x200.jpg 300w\" sizes=\"(max-width: 593px) 100vw, 593px\" \/><\/figure>\n\n\n\n<figure class=\"wp-block-image size-large\"><img loading=\"lazy\" decoding=\"async\" width=\"593\" height=\"395\" src=\"http:\/\/tvalaire.com\/wp-content\/uploads\/2020\/10\/121305722_2410343445939368_973252984529422197_n-1.jpg\" alt=\"\" class=\"wp-image-8173\" srcset=\"http:\/\/tvalaire.com\/wp-content\/uploads\/2020\/10\/121305722_2410343445939368_973252984529422197_n-1.jpg 593w, http:\/\/tvalaire.com\/wp-content\/uploads\/2020\/10\/121305722_2410343445939368_973252984529422197_n-1-300x200.jpg 300w\" sizes=\"(max-width: 593px) 100vw, 593px\" \/><\/figure>\n","protected":false},"excerpt":{"rendered":"<p>Autoridades municipales presididas por la Dra. Belinda Iturbide D\u00edaz en coordinaci\u00f3n con la C\u00e1mara Nacional&#8230;<\/p>\n","protected":false},"author":1,"featured_media":8168,"comment_status":"open","ping_status":"open","sticky":false,"template":"","format":"standard","meta":{"jetpack_post_was_ever_published":false,"_jetpack_newsletter_access":"","_jetpack_dont_email_post_to_subs":false,"_jetpack_newsletter_tier_id":0,"_jetpack_memberships_contains_paywalled_content":false,"_jetpack_memberships_contains_paid_content":false,"footnotes":"","jetpack_publicize_message":"","jetpack_publicize_feature_enabled":true,"jetpack_social_post_already_shared":false,"jetpack_social_options":{"image_generator_settings":{"template":"highway","enabled":false},"version":2}},"categories":[4],"tags":[24],"class_list":["post-8166","post","type-post","status-publish","format-standard","has-post-thumbnail","hentry","category-puruandiro","tag-puruandiro"],"jetpack_publicize_connections":[],"jetpack_sharing_enabled":true,"featured_image_urls":{"full":["http:\/\/tvalaire.com\/wp-content\/uploads\/2020\/10\/121383193_2410343345939378_1625334827405041254_n.jpg",593,395,false],"thumbnail":["http:\/\/tvalaire.com\/wp-content\/uploads\/2020\/10\/121383193_2410343345939378_1625334827405041254_n-150x150.jpg",150,150,true],"medium":["http:\/\/tvalaire.com\/wp-content\/uploads\/2020\/10\/121383193_2410343345939378_1625334827405041254_n-300x200.jpg",300,200,true],"medium_large":["http:\/\/tvalaire.com\/wp-content\/uploads\/2020\/10\/121383193_2410343345939378_1625334827405041254_n.jpg",593,395,false],"large":["http:\/\/tvalaire.com\/wp-content\/uploads\/2020\/10\/121383193_2410343345939378_1625334827405041254_n.jpg",593,395,false],"post-slider-thumb-size":["http:\/\/tvalaire.com\/wp-content\/uploads\/2020\/10\/121383193_2410343345939378_1625334827405041254_n-330x190.jpg",330,190,true],"post-category-slider-size":["http:\/\/tvalaire.com\/wp-content\/uploads\/2020\/10\/121383193_2410343345939378_1625334827405041254_n.jpg",330,220,false],"1536x1536":["http:\/\/tvalaire.com\/wp-content\/uploads\/2020\/10\/121383193_2410343345939378_1625334827405041254_n.jpg",593,395,false],"2048x2048":["http:\/\/tvalaire.com\/wp-content\/uploads\/2020\/10\/121383193_2410343345939378_1625334827405041254_n.jpg",593,395,false],"newsium-slider-full":["http:\/\/tvalaire.com\/wp-content\/uploads\/2020\/10\/121383193_2410343345939378_1625334827405041254_n.jpg",593,395,false],"newsium-featured":["http:\/\/tvalaire.com\/wp-content\/uploads\/2020\/10\/121383193_2410343345939378_1625334827405041254_n.jpg",593,395,false],"newsium-medium":["http:\/\/tvalaire.com\/wp-content\/uploads\/2020\/10\/121383193_2410343345939378_1625334827405041254_n.jpg",593,395,false]},"author_info":{"info":["tvalairenoti"]},"category_info":"<a href=\"http:\/\/tvalaire.com\/?cat=4\" rel=\"category\">Puru\u00e1ndiro<\/a>","tag_info":"Puru\u00e1ndiro","comment_count":"0","jetpack_featured_media_url":"http:\/\/tvalaire.com\/wp-content\/uploads\/2020\/10\/121383193_2410343345939378_1625334827405041254_n.jpg","_links":{"self":[{"href":"http:\/\/tvalaire.com\/index.php?rest_route=\/wp\/v2\/posts\/8166"}],"collection":[{"href":"http:\/\/tvalaire.com\/index.php?rest_route=\/wp\/v2\/posts"}],"about":[{"href":"http:\/\/tvalaire.com\/index.php?rest_route=\/wp\/v2\/types\/post"}],"author":[{"embeddable":true,"href":"http:\/\/tvalaire.com\/index.php?rest_route=\/wp\/v2\/users\/1"}],"replies":[{"embeddable":true,"href":"http:\/\/tvalaire.com\/index.php?rest_route=%2Fwp%2Fv2%2Fcomments&post=8166"}],"version-history":[{"count":1,"href":"http:\/\/tvalaire.com\/index.php?rest_route=\/wp\/v2\/posts\/8166\/revisions"}],"predecessor-version":[{"id":8174,"href":"http:\/\/tvalaire.com\/index.php?rest_route=\/wp\/v2\/posts\/8166\/revisions\/8174"}],"wp:featuredmedia":[{"embeddable":true,"href":"http:\/\/tvalaire.com\/index.php?rest_route=\/wp\/v2\/media\/8168"}],"wp:attachment":[{"href":"http:\/\/tvalaire.com\/index.php?rest_route=%2Fwp%2Fv2%2Fmedia&parent=8166"}],"wp:term":[{"taxonomy":"category","embeddable":true,"href":"http:\/\/tvalaire.com\/index.php?rest_route=%2Fwp%2Fv2%2Fcategories&post=8166"},{"taxonomy":"post_tag","embeddable":true,"href":"http:\/\/tvalaire.com\/index.php?rest_route=%2Fwp%2Fv2%2Ftags&post=8166"}],"curies":[{"name":"wp","href":"https:\/\/api.w.org\/{rel}","templated":true}]}}