{"id":8142,"date":"2020-10-09T17:53:00","date_gmt":"2020-10-09T22:53:00","guid":{"rendered":"http:\/\/tvalaire.com\/?p=8142"},"modified":"2020-10-11T17:55:06","modified_gmt":"2020-10-11T22:55:06","slug":"capacitan-a-comerciantes-a-traves-del-programa-vende-mas","status":"publish","type":"post","link":"http:\/\/tvalaire.com\/?p=8142","title":{"rendered":"CAPACITAN A COMERCIANTES A TRAV\u00c9S DEL PROGRAMA \u201cVENDE M\u00c1S\u201d"},"content":{"rendered":"\n<p><\/p>\n\n\n\n<ul class=\"wp-block-list\"><li><strong>Coadyuvar\na establecer un plan que ayude a sus ventas el objetivo<\/strong><\/li><li><strong>El\nprograma incluye equipamiento para su negocio y remozamiento<\/strong><\/li><\/ul>\n\n\n\n<p>Propietarios de diversos\nnegocios locales participaron en un curso de mejoramiento de imagen,\nequipamiento y capacitaci\u00f3n para perfeccionar la venta de sus productos a\ntrav\u00e9s del programa \u201cVende m\u00e1s\u201d del extinto Instituto Nacional del Emprendedor\n(INADEM).<\/p>\n\n\n\n<p>Programa del cual, el\nGobierno Municipal a trav\u00e9s de Promoci\u00f3n Econ\u00f3mica logr\u00f3 gestionar 360 mil\npesos de recursos de \u201cVende m\u00e1s\u201d, que estar\u00e1n dirigidos a 20 micro empresas de\nla localidad.<\/p>\n\n\n\n<p>Juan Carlos Guzm\u00e1n Ru\u00edz,\ndirector de Promoci\u00f3n Econ\u00f3mica dio la bienvenida a Salvador Gami\u00f1o, H\u00e9ctor\nG\u00f3mez y Fernando Estrada de Consultor\u00eda Crece Michoac\u00e1n, quienes impartieron\nesta ma\u00f1ana un curso de capacitaci\u00f3n.<\/p>\n\n\n\n<p>Explic\u00f3 que \u201cVende m\u00e1s\u201d\nincluye cuatro componentes b\u00e1sicos que son; capacitaci\u00f3n; diagn\u00f3stico\nsituacional que se realizar\u00e1 ma\u00f1ana en cada uno de los negocios de la localidad,\npara que en m\u00e1ximo un mes pueda aterrizar el plan de acci\u00f3n que requiere cada\nuno de ellos.<\/p>\n\n\n\n<p>Para ello, recibir\u00e1n un\npaquete de equipamiento b\u00e1sico que cada uno requiera con un valor de 13 mil\npesos que forma parte del tercer componente y el \u00faltimoser\u00e1 el remozamiento de\ncada uno de los negocios mediante la pintura y reacomodo de sus productos al\np\u00fablico.<\/p>\n\n\n\n<p>El objetivo de este programa\nes que los comerciantes que fueron beneficiados puedan obtener mejores\ningresos.Se inform\u00f3 que a nivel estatal s\u00f3lo 25 municipios se incluyeron en\neste programa cada uno con 20 negocios, entre ellos La Piedad.<\/p>\n\n\n\n<p>Por tanto, los propietarios\nde los comercios participaron en el curso que tuvo una duraci\u00f3n de tres horas\ndurante los cuales vieron distintos temas tales como; costos, servicio al\ncliente, t\u00e9cnicas de venta, ejercicio financieros, entre otros.<\/p>\n\n\n\n<p>Los negocios locales que\nser\u00e1n beneficiados son; ferreter\u00edas, venta de pinturas, peluquer\u00edas,\nrefaccionarias, uniformes, alimentos, tiendas de ropa, entre otros, quienes a\nfines del pr\u00f3ximo mes podr\u00e1n recibir el equipamiento que requieren para mejorar\nsus procesos de venta y presentaci\u00f3n de los productos para venta al p\u00fablico.<\/p>\n\n\n\n<figure class=\"wp-block-image size-large\"><img loading=\"lazy\" decoding=\"async\" width=\"1024\" height=\"682\" src=\"http:\/\/tvalaire.com\/wp-content\/uploads\/2020\/10\/1-2-2-2-1024x682.jpeg\" alt=\"\" class=\"wp-image-8144\" srcset=\"http:\/\/tvalaire.com\/wp-content\/uploads\/2020\/10\/1-2-2-2-1024x682.jpeg 1024w, http:\/\/tvalaire.com\/wp-content\/uploads\/2020\/10\/1-2-2-2-300x200.jpeg 300w, http:\/\/tvalaire.com\/wp-content\/uploads\/2020\/10\/1-2-2-2-768x512.jpeg 768w, http:\/\/tvalaire.com\/wp-content\/uploads\/2020\/10\/1-2-2-2.jpeg 1280w\" sizes=\"(max-width: 1024px) 100vw, 1024px\" \/><\/figure>\n\n\n\n<figure class=\"wp-block-image size-large\"><img loading=\"lazy\" decoding=\"async\" width=\"1024\" height=\"682\" src=\"http:\/\/tvalaire.com\/wp-content\/uploads\/2020\/10\/1-1-2-1-1024x682.jpeg\" alt=\"\" class=\"wp-image-8145\" srcset=\"http:\/\/tvalaire.com\/wp-content\/uploads\/2020\/10\/1-1-2-1-1024x682.jpeg 1024w, http:\/\/tvalaire.com\/wp-content\/uploads\/2020\/10\/1-1-2-1-300x200.jpeg 300w, http:\/\/tvalaire.com\/wp-content\/uploads\/2020\/10\/1-1-2-1-768x512.jpeg 768w, http:\/\/tvalaire.com\/wp-content\/uploads\/2020\/10\/1-1-2-1.jpeg 1280w\" sizes=\"(max-width: 1024px) 100vw, 1024px\" \/><\/figure>\n","protected":false},"excerpt":{"rendered":"<p>Coadyuvar a establecer un plan que ayude a sus ventas el objetivo El programa incluye&#8230;<\/p>\n","protected":false},"author":1,"featured_media":8143,"comment_status":"open","ping_status":"open","sticky":false,"template":"","format":"standard","meta":{"jetpack_post_was_ever_published":false,"_jetpack_newsletter_access":"","_jetpack_dont_email_post_to_subs":false,"_jetpack_newsletter_tier_id":0,"_jetpack_memberships_contains_paywalled_content":false,"_jetpack_memberships_contains_paid_content":false,"footnotes":"","jetpack_publicize_message":"","jetpack_publicize_feature_enabled":true,"jetpack_social_post_already_shared":false,"jetpack_social_options":{"image_generator_settings":{"template":"highway","enabled":false},"version":2}},"categories":[1],"tags":[15],"class_list":["post-8142","post","type-post","status-publish","format-standard","has-post-thumbnail","hentry","category-la-piedad","tag-la-piedad"],"jetpack_publicize_connections":[],"jetpack_sharing_enabled":true,"featured_image_urls":{"full":["http:\/\/tvalaire.com\/wp-content\/uploads\/2020\/10\/1-3-2-1.jpeg",1280,853,false],"thumbnail":["http:\/\/tvalaire.com\/wp-content\/uploads\/2020\/10\/1-3-2-1-150x150.jpeg",150,150,true],"medium":["http:\/\/tvalaire.com\/wp-content\/uploads\/2020\/10\/1-3-2-1-300x200.jpeg",300,200,true],"medium_large":["http:\/\/tvalaire.com\/wp-content\/uploads\/2020\/10\/1-3-2-1-768x512.jpeg",640,427,true],"large":["http:\/\/tvalaire.com\/wp-content\/uploads\/2020\/10\/1-3-2-1-1024x682.jpeg",640,426,true],"post-slider-thumb-size":["http:\/\/tvalaire.com\/wp-content\/uploads\/2020\/10\/1-3-2-1-330x190.jpeg",330,190,true],"post-category-slider-size":["http:\/\/tvalaire.com\/wp-content\/uploads\/2020\/10\/1-3-2-1.jpeg",330,220,false],"1536x1536":["http:\/\/tvalaire.com\/wp-content\/uploads\/2020\/10\/1-3-2-1.jpeg",1280,853,false],"2048x2048":["http:\/\/tvalaire.com\/wp-content\/uploads\/2020\/10\/1-3-2-1.jpeg",1280,853,false],"newsium-slider-full":["http:\/\/tvalaire.com\/wp-content\/uploads\/2020\/10\/1-3-2-1-1280x845.jpeg",1280,845,true],"newsium-featured":["http:\/\/tvalaire.com\/wp-content\/uploads\/2020\/10\/1-3-2-1-1024x682.jpeg",1024,682,true],"newsium-medium":["http:\/\/tvalaire.com\/wp-content\/uploads\/2020\/10\/1-3-2-1-720x475.jpeg",720,475,true]},"author_info":{"info":["tvalairenoti"]},"category_info":"<a href=\"http:\/\/tvalaire.com\/?cat=1\" rel=\"category\">La Piedad<\/a>","tag_info":"La Piedad","comment_count":"0","jetpack_featured_media_url":"http:\/\/tvalaire.com\/wp-content\/uploads\/2020\/10\/1-3-2-1.jpeg","_links":{"self":[{"href":"http:\/\/tvalaire.com\/index.php?rest_route=\/wp\/v2\/posts\/8142"}],"collection":[{"href":"http:\/\/tvalaire.com\/index.php?rest_route=\/wp\/v2\/posts"}],"about":[{"href":"http:\/\/tvalaire.com\/index.php?rest_route=\/wp\/v2\/types\/post"}],"author":[{"embeddable":true,"href":"http:\/\/tvalaire.com\/index.php?rest_route=\/wp\/v2\/users\/1"}],"replies":[{"embeddable":true,"href":"http:\/\/tvalaire.com\/index.php?rest_route=%2Fwp%2Fv2%2Fcomments&post=8142"}],"version-history":[{"count":1,"href":"http:\/\/tvalaire.com\/index.php?rest_route=\/wp\/v2\/posts\/8142\/revisions"}],"predecessor-version":[{"id":8146,"href":"http:\/\/tvalaire.com\/index.php?rest_route=\/wp\/v2\/posts\/8142\/revisions\/8146"}],"wp:featuredmedia":[{"embeddable":true,"href":"http:\/\/tvalaire.com\/index.php?rest_route=\/wp\/v2\/media\/8143"}],"wp:attachment":[{"href":"http:\/\/tvalaire.com\/index.php?rest_route=%2Fwp%2Fv2%2Fmedia&parent=8142"}],"wp:term":[{"taxonomy":"category","embeddable":true,"href":"http:\/\/tvalaire.com\/index.php?rest_route=%2Fwp%2Fv2%2Fcategories&post=8142"},{"taxonomy":"post_tag","embeddable":true,"href":"http:\/\/tvalaire.com\/index.php?rest_route=%2Fwp%2Fv2%2Ftags&post=8142"}],"curies":[{"name":"wp","href":"https:\/\/api.w.org\/{rel}","templated":true}]}}