{"id":8128,"date":"2020-10-08T17:48:00","date_gmt":"2020-10-08T22:48:00","guid":{"rendered":"http:\/\/tvalaire.com\/?p=8128"},"modified":"2020-10-11T17:50:05","modified_gmt":"2020-10-11T22:50:05","slug":"escritor-piedadense-hablara-sobre-su-primer-libro","status":"publish","type":"post","link":"http:\/\/tvalaire.com\/?p=8128","title":{"rendered":"ESCRITOR PIEDADENSE HABLAR\u00c1 SOBRE SU PRIMER LIBRO"},"content":{"rendered":"\n<p><\/p>\n\n\n\n<ul class=\"wp-block-list\"><li><strong>A trav\u00e9s\ndel espacio Foro Cultural de la Escuela de Artes<\/strong><\/li><li><strong>Hablar\u00e1\nsobre la experiencia de su creaci\u00f3n literaria <\/strong><\/li><\/ul>\n\n\n\n<p>El joven piedadense Roman Wayne, uno de los escritores j\u00f3venes de la localidad, platicar\u00e1 sobre la experiencia que vivi\u00f3 durante la realizaci\u00f3n de su primer libro.<\/p>\n\n\n\n<p>Lo har\u00e1 a trav\u00e9s del espacio\nque la Direcci\u00f3n de Cultura tiene por medio del Foro Cultural que se realiza\nonline por la p\u00e1gina de Facebook de la Escuela de Artes La Piedad.<\/p>\n\n\n\n<p>Mismo que se llevar\u00e1 a cabo\neste viernes 9 de octubre a las 11:00 de la ma\u00f1ana, por\nlo que se invita a las personas que gustan de la lectura, a que escuchen la\nvivencia de este joven piedadense.<\/p>\n\n\n\n<p>Ah\u00ed narrar\u00e1 su vivencia y\nexperiencia como escritor, as\u00ed como parte de la obra que pone a consideraci\u00f3n\nde la poblaci\u00f3n, pero no s\u00f3lo hablar\u00e1 de este libro, sino de otros proyectos\nliterarios que tiene en mente.<\/p>\n\n\n\n<p>Su libro est\u00e1 titulado como\nBlack, se trata seg\u00fan el autor, de un recorrido autobiogr\u00e1fico un poco\nnovelesco, en el que no ahonda en detalles exactos sobre las fechas, pero se\ncentra en las experiencias que han llevado por este camino.<\/p>\n\n\n\n<p>Un libro que puede servir de\ninspiraci\u00f3n o ayudar a la reflexi\u00f3n de otros j\u00f3venes como \u00e9l e invita a que lo\nacompa\u00f1en a escuchar su historia.<\/p>\n","protected":false},"excerpt":{"rendered":"<p>A trav\u00e9s del espacio Foro Cultural de la Escuela de Artes Hablar\u00e1 sobre la experiencia&#8230;<\/p>\n","protected":false},"author":1,"featured_media":8129,"comment_status":"open","ping_status":"open","sticky":false,"template":"","format":"standard","meta":{"jetpack_post_was_ever_published":false,"_jetpack_newsletter_access":"","_jetpack_dont_email_post_to_subs":false,"_jetpack_newsletter_tier_id":0,"_jetpack_memberships_contains_paywalled_content":false,"_jetpack_memberships_contains_paid_content":false,"footnotes":"","jetpack_publicize_message":"","jetpack_publicize_feature_enabled":true,"jetpack_social_post_already_shared":false,"jetpack_social_options":{"image_generator_settings":{"template":"highway","enabled":false},"version":2}},"categories":[1],"tags":[15],"class_list":["post-8128","post","type-post","status-publish","format-standard","has-post-thumbnail","hentry","category-la-piedad","tag-la-piedad"],"jetpack_publicize_connections":[],"jetpack_sharing_enabled":true,"featured_image_urls":{"full":["http:\/\/tvalaire.com\/wp-content\/uploads\/2020\/10\/1-8.jpeg",801,801,false],"thumbnail":["http:\/\/tvalaire.com\/wp-content\/uploads\/2020\/10\/1-8-150x150.jpeg",150,150,true],"medium":["http:\/\/tvalaire.com\/wp-content\/uploads\/2020\/10\/1-8-300x300.jpeg",300,300,true],"medium_large":["http:\/\/tvalaire.com\/wp-content\/uploads\/2020\/10\/1-8-768x768.jpeg",640,640,true],"large":["http:\/\/tvalaire.com\/wp-content\/uploads\/2020\/10\/1-8.jpeg",640,640,false],"post-slider-thumb-size":["http:\/\/tvalaire.com\/wp-content\/uploads\/2020\/10\/1-8-330x190.jpeg",330,190,true],"post-category-slider-size":["http:\/\/tvalaire.com\/wp-content\/uploads\/2020\/10\/1-8.jpeg",330,330,false],"1536x1536":["http:\/\/tvalaire.com\/wp-content\/uploads\/2020\/10\/1-8.jpeg",801,801,false],"2048x2048":["http:\/\/tvalaire.com\/wp-content\/uploads\/2020\/10\/1-8.jpeg",801,801,false],"newsium-slider-full":["http:\/\/tvalaire.com\/wp-content\/uploads\/2020\/10\/1-8.jpeg",801,801,false],"newsium-featured":["http:\/\/tvalaire.com\/wp-content\/uploads\/2020\/10\/1-8.jpeg",801,801,false],"newsium-medium":["http:\/\/tvalaire.com\/wp-content\/uploads\/2020\/10\/1-8-720x475.jpeg",720,475,true]},"author_info":{"info":["tvalairenoti"]},"category_info":"<a href=\"http:\/\/tvalaire.com\/?cat=1\" rel=\"category\">La Piedad<\/a>","tag_info":"La Piedad","comment_count":"0","jetpack_featured_media_url":"http:\/\/tvalaire.com\/wp-content\/uploads\/2020\/10\/1-8.jpeg","_links":{"self":[{"href":"http:\/\/tvalaire.com\/index.php?rest_route=\/wp\/v2\/posts\/8128"}],"collection":[{"href":"http:\/\/tvalaire.com\/index.php?rest_route=\/wp\/v2\/posts"}],"about":[{"href":"http:\/\/tvalaire.com\/index.php?rest_route=\/wp\/v2\/types\/post"}],"author":[{"embeddable":true,"href":"http:\/\/tvalaire.com\/index.php?rest_route=\/wp\/v2\/users\/1"}],"replies":[{"embeddable":true,"href":"http:\/\/tvalaire.com\/index.php?rest_route=%2Fwp%2Fv2%2Fcomments&post=8128"}],"version-history":[{"count":2,"href":"http:\/\/tvalaire.com\/index.php?rest_route=\/wp\/v2\/posts\/8128\/revisions"}],"predecessor-version":[{"id":8131,"href":"http:\/\/tvalaire.com\/index.php?rest_route=\/wp\/v2\/posts\/8128\/revisions\/8131"}],"wp:featuredmedia":[{"embeddable":true,"href":"http:\/\/tvalaire.com\/index.php?rest_route=\/wp\/v2\/media\/8129"}],"wp:attachment":[{"href":"http:\/\/tvalaire.com\/index.php?rest_route=%2Fwp%2Fv2%2Fmedia&parent=8128"}],"wp:term":[{"taxonomy":"category","embeddable":true,"href":"http:\/\/tvalaire.com\/index.php?rest_route=%2Fwp%2Fv2%2Fcategories&post=8128"},{"taxonomy":"post_tag","embeddable":true,"href":"http:\/\/tvalaire.com\/index.php?rest_route=%2Fwp%2Fv2%2Ftags&post=8128"}],"curies":[{"name":"wp","href":"https:\/\/api.w.org\/{rel}","templated":true}]}}