{"id":8102,"date":"2020-10-02T16:18:00","date_gmt":"2020-10-02T21:18:00","guid":{"rendered":"http:\/\/tvalaire.com\/?p=8102"},"modified":"2020-10-06T16:19:42","modified_gmt":"2020-10-06T21:19:42","slug":"anuncian-rehabilitacion-del-libramiento-oriente-la-piedad","status":"publish","type":"post","link":"http:\/\/tvalaire.com\/?p=8102","title":{"rendered":"ANUNCIAN REHABILITACI\u00d3N DEL LIBRAMIENTO ORIENTE LA PIEDAD"},"content":{"rendered":"\n<p><\/p>\n\n\n\n<ul class=\"wp-block-list\"><li><strong>Reparar\u00e1n\nla carpeta asf\u00e1ltica en un trayecto de 13 kil\u00f3metros<\/strong><\/li><li><strong>Los\ntrabajos los har\u00e1 RCO con un costo de 260 millones de pesos<\/strong><\/li><\/ul>\n\n\n\n<p>A partir del lunes 12 de\noctubre, la empresa Red de Carreteras de Occidente (RCO), iniciar\u00e1 los trabajos\nde reparaci\u00f3n integral del tramo 0+000 al kil\u00f3metro 13 +000 del Libramiento\nOriente; obra que tendr\u00e1 una inversi\u00f3n de 260 millones de pesos.<\/p>\n\n\n\n<p>Eleazar Hern\u00e1ndez,\nrepresentante del grupo RCO, indic\u00f3 que previo al arranque oficial, desde la\npr\u00f3xima semana comenzar\u00e1n con algunos tramos de prueba, pero el inicio oficial\nser\u00e1 a partir del 12 de octubre y se prev\u00e9 una duraci\u00f3n de cuatro meses.<\/p>\n\n\n\n<p>Explic\u00f3 que la\nrehabilitaci\u00f3n proyectada es integral, por tanto, habr\u00e1 cierre obligatorio del\ntramo desde el kil\u00f3metro 0+000 (carretera La Piedad-Irapuato)hasta el kil\u00f3metro\n7 (La Piedad-Carapan) por espacio de dos meses a partir del inicio de la obra;\nal t\u00e9rmino se abrir\u00e1 ese tramo y continuar\u00e1n del tramo del kil\u00f3metro 7 al 13\npor espacio de otros dos meses.<\/p>\n\n\n\n<p>La empresa constructora RCO\ntransportar\u00e1 hasta este lugar maquinaria pesada y personal especializado para\nrealizar los trabajos, aunque anticip\u00f3 que tomar\u00e1n tambi\u00e9n trabajadores de esta\nlocalidad para dar seguimiento a la obra.<\/p>\n\n\n\n<p>De acuerdo a las\nespecificaciones t\u00e9cnicas, coment\u00f3 que se prev\u00e9 levantar la carpeta en mal\nestado y mejorar las bases para luego colocar la carpeta asf\u00e1ltica de 6\ncent\u00edmetros de base m\u00e1s 5 cent\u00edmetros adicionales para dejarla al nivel que se\nencuentran.<\/p>\n\n\n\n<p>Incluir\u00e1 a su vez la\nreparaci\u00f3n de cunetas, pepena de basura, rehabilitaci\u00f3n de estructuras de\ndefensa met\u00e1licas, colocaci\u00f3n de se\u00f1alizaci\u00f3n tanto horizontal como vertical\nnueva, balizamiento, entre otros.<\/p>\n\n\n\n<p>Explic\u00f3 que los recursos ya\nest\u00e1n asignados y contemplados para esta obra en espec\u00edfico, por tanto una vez\niniciados los trabajos se realizar\u00e1n de manera ininterrumpida y durante los cuatro\nmeses proyectados.<\/p>\n\n\n\n<p>En tanto inicien las obras y\nen el arranque de la misma, se colocar\u00e1n se\u00f1alamientos informativos para\nproporcionar orientaci\u00f3n a los conductores y se les marcar\u00e1 las rutas alternas.<\/p>\n\n\n\n<p>De hecho, mencion\u00f3 que en la\ncalle Luis de Portugal ya comenzaron con las nivelaciones de las coladeras,\ndesazolves de las cunetas existentes, los cierres laterales del camino y en\nunos d\u00edas m\u00e1s, se colocar\u00e1n los se\u00f1alamientos verticales y tipo fantasma con\nvialetas para ubicar y orientar mejor a los conductores.<br>\n<br>\n<\/p>\n","protected":false},"excerpt":{"rendered":"<p>Reparar\u00e1n la carpeta asf\u00e1ltica en un trayecto de 13 kil\u00f3metros Los trabajos los har\u00e1 RCO&#8230;<\/p>\n","protected":false},"author":1,"featured_media":8103,"comment_status":"open","ping_status":"open","sticky":false,"template":"","format":"standard","meta":{"jetpack_post_was_ever_published":false,"_jetpack_newsletter_access":"","_jetpack_dont_email_post_to_subs":false,"_jetpack_newsletter_tier_id":0,"_jetpack_memberships_contains_paywalled_content":false,"_jetpack_memberships_contains_paid_content":false,"footnotes":"","jetpack_publicize_message":"","jetpack_publicize_feature_enabled":true,"jetpack_social_post_already_shared":false,"jetpack_social_options":{"image_generator_settings":{"template":"highway","enabled":false},"version":2}},"categories":[1],"tags":[15],"class_list":["post-8102","post","type-post","status-publish","format-standard","has-post-thumbnail","hentry","category-la-piedad","tag-la-piedad"],"jetpack_publicize_connections":[],"jetpack_sharing_enabled":true,"featured_image_urls":{"full":["http:\/\/tvalaire.com\/wp-content\/uploads\/2020\/10\/1-2-2-1.jpeg",1200,1280,false],"thumbnail":["http:\/\/tvalaire.com\/wp-content\/uploads\/2020\/10\/1-2-2-1-150x150.jpeg",150,150,true],"medium":["http:\/\/tvalaire.com\/wp-content\/uploads\/2020\/10\/1-2-2-1-281x300.jpeg",281,300,true],"medium_large":["http:\/\/tvalaire.com\/wp-content\/uploads\/2020\/10\/1-2-2-1-768x819.jpeg",640,683,true],"large":["http:\/\/tvalaire.com\/wp-content\/uploads\/2020\/10\/1-2-2-1-960x1024.jpeg",640,683,true],"post-slider-thumb-size":["http:\/\/tvalaire.com\/wp-content\/uploads\/2020\/10\/1-2-2-1-330x190.jpeg",330,190,true],"post-category-slider-size":["http:\/\/tvalaire.com\/wp-content\/uploads\/2020\/10\/1-2-2-1.jpeg",328,350,false],"1536x1536":["http:\/\/tvalaire.com\/wp-content\/uploads\/2020\/10\/1-2-2-1.jpeg",1200,1280,false],"2048x2048":["http:\/\/tvalaire.com\/wp-content\/uploads\/2020\/10\/1-2-2-1.jpeg",1200,1280,false],"newsium-slider-full":["http:\/\/tvalaire.com\/wp-content\/uploads\/2020\/10\/1-2-2-1-1200x845.jpeg",1200,845,true],"newsium-featured":["http:\/\/tvalaire.com\/wp-content\/uploads\/2020\/10\/1-2-2-1-1024x1092.jpeg",1024,1092,true],"newsium-medium":["http:\/\/tvalaire.com\/wp-content\/uploads\/2020\/10\/1-2-2-1-720x475.jpeg",720,475,true]},"author_info":{"info":["tvalairenoti"]},"category_info":"<a href=\"http:\/\/tvalaire.com\/?cat=1\" rel=\"category\">La Piedad<\/a>","tag_info":"La Piedad","comment_count":"0","jetpack_featured_media_url":"http:\/\/tvalaire.com\/wp-content\/uploads\/2020\/10\/1-2-2-1.jpeg","_links":{"self":[{"href":"http:\/\/tvalaire.com\/index.php?rest_route=\/wp\/v2\/posts\/8102"}],"collection":[{"href":"http:\/\/tvalaire.com\/index.php?rest_route=\/wp\/v2\/posts"}],"about":[{"href":"http:\/\/tvalaire.com\/index.php?rest_route=\/wp\/v2\/types\/post"}],"author":[{"embeddable":true,"href":"http:\/\/tvalaire.com\/index.php?rest_route=\/wp\/v2\/users\/1"}],"replies":[{"embeddable":true,"href":"http:\/\/tvalaire.com\/index.php?rest_route=%2Fwp%2Fv2%2Fcomments&post=8102"}],"version-history":[{"count":1,"href":"http:\/\/tvalaire.com\/index.php?rest_route=\/wp\/v2\/posts\/8102\/revisions"}],"predecessor-version":[{"id":8104,"href":"http:\/\/tvalaire.com\/index.php?rest_route=\/wp\/v2\/posts\/8102\/revisions\/8104"}],"wp:featuredmedia":[{"embeddable":true,"href":"http:\/\/tvalaire.com\/index.php?rest_route=\/wp\/v2\/media\/8103"}],"wp:attachment":[{"href":"http:\/\/tvalaire.com\/index.php?rest_route=%2Fwp%2Fv2%2Fmedia&parent=8102"}],"wp:term":[{"taxonomy":"category","embeddable":true,"href":"http:\/\/tvalaire.com\/index.php?rest_route=%2Fwp%2Fv2%2Fcategories&post=8102"},{"taxonomy":"post_tag","embeddable":true,"href":"http:\/\/tvalaire.com\/index.php?rest_route=%2Fwp%2Fv2%2Ftags&post=8102"}],"curies":[{"name":"wp","href":"https:\/\/api.w.org\/{rel}","templated":true}]}}