{"id":8092,"date":"2020-10-02T16:13:00","date_gmt":"2020-10-02T21:13:00","guid":{"rendered":"http:\/\/tvalaire.com\/?p=8092"},"modified":"2020-10-06T16:15:15","modified_gmt":"2020-10-06T21:15:15","slug":"presentan-muestra-de-cine-independente-de-jalisco-miax","status":"publish","type":"post","link":"http:\/\/tvalaire.com\/?p=8092","title":{"rendered":"PRESENTAN MUESTRA DE CINE INDEPENDENTE DE JALISCO \u201cMIAX\u201d"},"content":{"rendered":"\n<p><\/p>\n\n\n\n<ul class=\"wp-block-list\"><li><strong>En\nformato de autocinema se desarrollar\u00e1 del 26 al 29 de noviembre<\/strong><\/li><li><strong>Exhibir\u00e1n\npel\u00edculas de talla internacional en dos horarios<\/strong><\/li><\/ul>\n\n\n\n<p>Por primera vez los\ncreadores de la muestra de cine independiente de Jalisco \u201cMIAX\u201d, extender\u00e1n su\nfestival anual al municipio de La Piedad y se desarrollar\u00e1 mediante el formato\nde autocinema y con todas las medidas sanitarias.<\/p>\n\n\n\n<p>La extensi\u00f3n de esta muestra\nse llevar\u00e1 a cabo del 26 al 29 de noviembre y la sede ser\u00e1 el jard\u00edn del hotel\nCerro Grande; fecha en las que se prev\u00e9n dos funciones una a las 7:00 y otra a\nlas 9:00 de la noche, con un costo de 100 pesos por autom\u00f3vil.<\/p>\n\n\n\n<p>El anuncio sobre la\nrealizaci\u00f3n del evento fue dado a conocer en rueda de prensa por la delegada de\nturismo de Zamora, Mercedalia Reyes; el director de MIAX Occidente, Sergio\nFernando Garc\u00eda; el coordinador de turismo local, Ra\u00fal Alonso Mac\u00edas; el\ncoordinador de MIAX La Piedad, Yeseda\u00edn Ram\u00edrez; Socorro Emilia Gonz\u00e1lez\npresidenta de la CANACO; Tania Ba\u00f1ales directora de Se Arte; Guillermo Rico,\nentre otros.<\/p>\n\n\n\n<p>Esta Primera Muestra de Cine\nIndependiente \u201cMIAX\u201d, es el resultado del esfuerzo compartido entre la\nDelegaci\u00f3n y coordinaci\u00f3n de Turismo Local con los representantes del cine de\narte internacional, quienes llevar\u00e1n a cabo la Octava edici\u00f3n de este evento\nque nace en Jalisco y que ahora buscan extender a todo el Occidente del pa\u00eds.<\/p>\n\n\n\n<p>Previo a este evento,\nrepresentantes del cine independencia realizaron la convocatoria a cineastas de\ntodas partes del mundo para que participaran enviado sus cortometrajes,\nlargometrajes y documentales para que el comit\u00e9 de MIAX los pudiera seleccionar.<\/p>\n\n\n\n<p>Este a\u00f1o recibieron m\u00e1s de\n700 pel\u00edculas de distintas partes del mundo de las cuales eligieron 118 y de\nesas, algunas ser\u00e1n exhibidas en esta ciudad.<\/p>\n\n\n\n<p>Ra\u00fal Alonso indic\u00f3 que con\neste tipo de eventos, el Gobierno Municipal busca generar una derrama econ\u00f3mica\ny detonar el atractivo tur\u00edstico bajo las normas de salud.<\/p>\n\n\n\n<p>Mercedalia Reyes delegada de\nturismo en Zamora, indic\u00f3 que el arte va de la mano con el turismo y con\neventos de este tipo, los j\u00f3venes pueden plasmar sus ideas, emociones,\nconocimientos, historias de vida que ayudar\u00e1n a ser referentes y aprender a salir\nadelante.<\/p>\n\n\n\n<figure class=\"wp-block-image size-large\"><img loading=\"lazy\" decoding=\"async\" width=\"1024\" height=\"576\" src=\"http:\/\/tvalaire.com\/wp-content\/uploads\/2020\/10\/1-3-5-1024x576.jpeg\" alt=\"\" class=\"wp-image-8094\" srcset=\"http:\/\/tvalaire.com\/wp-content\/uploads\/2020\/10\/1-3-5-1024x576.jpeg 1024w, http:\/\/tvalaire.com\/wp-content\/uploads\/2020\/10\/1-3-5-300x169.jpeg 300w, http:\/\/tvalaire.com\/wp-content\/uploads\/2020\/10\/1-3-5-768x432.jpeg 768w, http:\/\/tvalaire.com\/wp-content\/uploads\/2020\/10\/1-3-5.jpeg 1280w\" sizes=\"(max-width: 1024px) 100vw, 1024px\" \/><\/figure>\n","protected":false},"excerpt":{"rendered":"<p>En formato de autocinema se desarrollar\u00e1 del 26 al 29 de noviembre Exhibir\u00e1n pel\u00edculas de&#8230;<\/p>\n","protected":false},"author":1,"featured_media":8093,"comment_status":"open","ping_status":"open","sticky":false,"template":"","format":"standard","meta":{"jetpack_post_was_ever_published":false,"_jetpack_newsletter_access":"","_jetpack_dont_email_post_to_subs":false,"_jetpack_newsletter_tier_id":0,"_jetpack_memberships_contains_paywalled_content":false,"_jetpack_memberships_contains_paid_content":false,"footnotes":"","jetpack_publicize_message":"","jetpack_publicize_feature_enabled":true,"jetpack_social_post_already_shared":false,"jetpack_social_options":{"image_generator_settings":{"template":"highway","enabled":false},"version":2}},"categories":[1],"tags":[15],"class_list":["post-8092","post","type-post","status-publish","format-standard","has-post-thumbnail","hentry","category-la-piedad","tag-la-piedad"],"jetpack_publicize_connections":[],"jetpack_sharing_enabled":true,"featured_image_urls":{"full":["http:\/\/tvalaire.com\/wp-content\/uploads\/2020\/10\/1-2-2.jpeg",1280,720,false],"thumbnail":["http:\/\/tvalaire.com\/wp-content\/uploads\/2020\/10\/1-2-2-150x150.jpeg",150,150,true],"medium":["http:\/\/tvalaire.com\/wp-content\/uploads\/2020\/10\/1-2-2-300x169.jpeg",300,169,true],"medium_large":["http:\/\/tvalaire.com\/wp-content\/uploads\/2020\/10\/1-2-2-768x432.jpeg",640,360,true],"large":["http:\/\/tvalaire.com\/wp-content\/uploads\/2020\/10\/1-2-2-1024x576.jpeg",640,360,true],"post-slider-thumb-size":["http:\/\/tvalaire.com\/wp-content\/uploads\/2020\/10\/1-2-2-330x190.jpeg",330,190,true],"post-category-slider-size":["http:\/\/tvalaire.com\/wp-content\/uploads\/2020\/10\/1-2-2.jpeg",330,186,false],"1536x1536":["http:\/\/tvalaire.com\/wp-content\/uploads\/2020\/10\/1-2-2.jpeg",1280,720,false],"2048x2048":["http:\/\/tvalaire.com\/wp-content\/uploads\/2020\/10\/1-2-2.jpeg",1280,720,false],"newsium-slider-full":["http:\/\/tvalaire.com\/wp-content\/uploads\/2020\/10\/1-2-2.jpeg",1280,720,false],"newsium-featured":["http:\/\/tvalaire.com\/wp-content\/uploads\/2020\/10\/1-2-2-1024x576.jpeg",1024,576,true],"newsium-medium":["http:\/\/tvalaire.com\/wp-content\/uploads\/2020\/10\/1-2-2-720x475.jpeg",720,475,true]},"author_info":{"info":["tvalairenoti"]},"category_info":"<a href=\"http:\/\/tvalaire.com\/?cat=1\" rel=\"category\">La Piedad<\/a>","tag_info":"La Piedad","comment_count":"0","jetpack_featured_media_url":"http:\/\/tvalaire.com\/wp-content\/uploads\/2020\/10\/1-2-2.jpeg","_links":{"self":[{"href":"http:\/\/tvalaire.com\/index.php?rest_route=\/wp\/v2\/posts\/8092"}],"collection":[{"href":"http:\/\/tvalaire.com\/index.php?rest_route=\/wp\/v2\/posts"}],"about":[{"href":"http:\/\/tvalaire.com\/index.php?rest_route=\/wp\/v2\/types\/post"}],"author":[{"embeddable":true,"href":"http:\/\/tvalaire.com\/index.php?rest_route=\/wp\/v2\/users\/1"}],"replies":[{"embeddable":true,"href":"http:\/\/tvalaire.com\/index.php?rest_route=%2Fwp%2Fv2%2Fcomments&post=8092"}],"version-history":[{"count":1,"href":"http:\/\/tvalaire.com\/index.php?rest_route=\/wp\/v2\/posts\/8092\/revisions"}],"predecessor-version":[{"id":8095,"href":"http:\/\/tvalaire.com\/index.php?rest_route=\/wp\/v2\/posts\/8092\/revisions\/8095"}],"wp:featuredmedia":[{"embeddable":true,"href":"http:\/\/tvalaire.com\/index.php?rest_route=\/wp\/v2\/media\/8093"}],"wp:attachment":[{"href":"http:\/\/tvalaire.com\/index.php?rest_route=%2Fwp%2Fv2%2Fmedia&parent=8092"}],"wp:term":[{"taxonomy":"category","embeddable":true,"href":"http:\/\/tvalaire.com\/index.php?rest_route=%2Fwp%2Fv2%2Fcategories&post=8092"},{"taxonomy":"post_tag","embeddable":true,"href":"http:\/\/tvalaire.com\/index.php?rest_route=%2Fwp%2Fv2%2Ftags&post=8092"}],"curies":[{"name":"wp","href":"https:\/\/api.w.org\/{rel}","templated":true}]}}