{"id":8037,"date":"2020-10-01T10:11:00","date_gmt":"2020-10-01T15:11:00","guid":{"rendered":"http:\/\/tvalaire.com\/?p=8037"},"modified":"2020-10-02T10:12:13","modified_gmt":"2020-10-02T15:12:13","slug":"la-piedad-apoya-gestion-para-hacer-funcionar-planta-de-tratamiento-en-santa-ana","status":"publish","type":"post","link":"http:\/\/tvalaire.com\/?p=8037","title":{"rendered":"LA PIEDAD APOYA GESTI\u00d3N PARA HACER FUNCIONAR PLANTA DE TRATAMIENTO EN SANTA ANA"},"content":{"rendered":"\n<p><\/p>\n\n\n\n<ul class=\"wp-block-list\"><li><strong>Se\nre\u00fane alcalde Alex Espinoza con el Presidente de P\u00e9njamo<\/strong><\/li><li><strong>Analizan\nproyectos para beneficio de ambos municipios<\/strong><\/li><\/ul>\n\n\n\n<p>Alcaldes de P\u00e9njamo y La\nPiedad, se reunieron este jueves con el presidente del Consejo Cuenca\nLerma-Chapala y el director de SAPAS, para analizar el proyecto de la Planta de\nTratamiento de Santa Ana Pacueco, con el fin de seguir con los trabajos de gesti\u00f3n\npara lograr la cristalizaci\u00f3n de esa obra.<\/p>\n\n\n\n<p>El objetivo de la reuni\u00f3n,\nfue ayudar a su hom\u00f3logo de P\u00e9njamo, para que la delegaci\u00f3n de Santa Ana\nPacueco pueda iniciar con el tratamiento de sus aguas negras que beneficie\ndirectamente tanto al Lerma como a los habitantes de ambas poblaciones.<\/p>\n\n\n\n<p>En la sesi\u00f3n de trabajo\nadem\u00e1s de nuestro alcalde Alex Espinoza, estuvo presente su hom\u00f3logo de P\u00e9njamo,\nJuan Jos\u00e9 Garc\u00eda; el presidente del Consejo de Cuenca, Roberto Casta\u00f1eda Tejeda\ny el director del Sistema de Agua Potable y Saneamiento de esta ciudad, Jorge\nRubio Olivares.<\/p>\n\n\n\n<p>Durante la reuni\u00f3n, tuvieron\nun enlace telef\u00f3nico con el diputado federal y presidente de la Comisi\u00f3n de\nRecursos Hidr\u00e1ulicos, Feliciano Flores, para pedirle el apoyo a la Federaci\u00f3n\npara la realizaci\u00f3n de la obra.<\/p>\n\n\n\n<p>En respuesta, el Diputado\nFederal accedi\u00f3 a la petici\u00f3n y \u00fanicamente pidi\u00f3 la validaci\u00f3n del proyecto\npara poder tener una reuni\u00f3n de forma posterior y determinar las acciones a\nseguir para obtener el apoyo y respaldo de la Federaci\u00f3n.<\/p>\n\n\n\n<p>Otro de los temas que fueron\ntratados, fue el seguimiento que se tuvo al compromiso establecido entre ambos\nmunicipios para la eliminaci\u00f3n de la caseta de cobro entre Santa Ana y La\nPiedad.<\/p>\n\n\n\n<p>Tambi\u00e9n, se vieron otros\nproyectos de infraestructura entre ellos, los permisos correspondientes para\nque la empresa RCO, con el fin de que estos sigan con los trabajos de\nrehabilitaci\u00f3n del Libramiento Oriente que ya comenzaron a realizarse.<\/p>\n","protected":false},"excerpt":{"rendered":"<p>Se re\u00fane alcalde Alex Espinoza con el Presidente de P\u00e9njamo Analizan proyectos para beneficio de&#8230;<\/p>\n","protected":false},"author":1,"featured_media":8038,"comment_status":"open","ping_status":"open","sticky":false,"template":"","format":"standard","meta":{"jetpack_post_was_ever_published":false,"_jetpack_newsletter_access":"","_jetpack_dont_email_post_to_subs":false,"_jetpack_newsletter_tier_id":0,"_jetpack_memberships_contains_paywalled_content":false,"_jetpack_memberships_contains_paid_content":false,"footnotes":"","jetpack_publicize_message":"","jetpack_publicize_feature_enabled":true,"jetpack_social_post_already_shared":false,"jetpack_social_options":{"image_generator_settings":{"template":"highway","enabled":false},"version":2}},"categories":[1],"tags":[15],"class_list":["post-8037","post","type-post","status-publish","format-standard","has-post-thumbnail","hentry","category-la-piedad","tag-la-piedad"],"jetpack_publicize_connections":[],"jetpack_sharing_enabled":true,"featured_image_urls":{"full":["http:\/\/tvalaire.com\/wp-content\/uploads\/2020\/10\/1.jpeg",1280,721,false],"thumbnail":["http:\/\/tvalaire.com\/wp-content\/uploads\/2020\/10\/1-150x150.jpeg",150,150,true],"medium":["http:\/\/tvalaire.com\/wp-content\/uploads\/2020\/10\/1-300x169.jpeg",300,169,true],"medium_large":["http:\/\/tvalaire.com\/wp-content\/uploads\/2020\/10\/1-768x433.jpeg",640,361,true],"large":["http:\/\/tvalaire.com\/wp-content\/uploads\/2020\/10\/1-1024x577.jpeg",640,361,true],"post-slider-thumb-size":["http:\/\/tvalaire.com\/wp-content\/uploads\/2020\/10\/1-330x190.jpeg",330,190,true],"post-category-slider-size":["http:\/\/tvalaire.com\/wp-content\/uploads\/2020\/10\/1.jpeg",330,186,false],"1536x1536":["http:\/\/tvalaire.com\/wp-content\/uploads\/2020\/10\/1.jpeg",1280,721,false],"2048x2048":["http:\/\/tvalaire.com\/wp-content\/uploads\/2020\/10\/1.jpeg",1280,721,false],"newsium-slider-full":["http:\/\/tvalaire.com\/wp-content\/uploads\/2020\/10\/1.jpeg",1280,721,false],"newsium-featured":["http:\/\/tvalaire.com\/wp-content\/uploads\/2020\/10\/1-1024x577.jpeg",1024,577,true],"newsium-medium":["http:\/\/tvalaire.com\/wp-content\/uploads\/2020\/10\/1-720x475.jpeg",720,475,true]},"author_info":{"info":["tvalairenoti"]},"category_info":"<a href=\"http:\/\/tvalaire.com\/?cat=1\" rel=\"category\">La Piedad<\/a>","tag_info":"La Piedad","comment_count":"0","jetpack_featured_media_url":"http:\/\/tvalaire.com\/wp-content\/uploads\/2020\/10\/1.jpeg","_links":{"self":[{"href":"http:\/\/tvalaire.com\/index.php?rest_route=\/wp\/v2\/posts\/8037"}],"collection":[{"href":"http:\/\/tvalaire.com\/index.php?rest_route=\/wp\/v2\/posts"}],"about":[{"href":"http:\/\/tvalaire.com\/index.php?rest_route=\/wp\/v2\/types\/post"}],"author":[{"embeddable":true,"href":"http:\/\/tvalaire.com\/index.php?rest_route=\/wp\/v2\/users\/1"}],"replies":[{"embeddable":true,"href":"http:\/\/tvalaire.com\/index.php?rest_route=%2Fwp%2Fv2%2Fcomments&post=8037"}],"version-history":[{"count":1,"href":"http:\/\/tvalaire.com\/index.php?rest_route=\/wp\/v2\/posts\/8037\/revisions"}],"predecessor-version":[{"id":8039,"href":"http:\/\/tvalaire.com\/index.php?rest_route=\/wp\/v2\/posts\/8037\/revisions\/8039"}],"wp:featuredmedia":[{"embeddable":true,"href":"http:\/\/tvalaire.com\/index.php?rest_route=\/wp\/v2\/media\/8038"}],"wp:attachment":[{"href":"http:\/\/tvalaire.com\/index.php?rest_route=%2Fwp%2Fv2%2Fmedia&parent=8037"}],"wp:term":[{"taxonomy":"category","embeddable":true,"href":"http:\/\/tvalaire.com\/index.php?rest_route=%2Fwp%2Fv2%2Fcategories&post=8037"},{"taxonomy":"post_tag","embeddable":true,"href":"http:\/\/tvalaire.com\/index.php?rest_route=%2Fwp%2Fv2%2Ftags&post=8037"}],"curies":[{"name":"wp","href":"https:\/\/api.w.org\/{rel}","templated":true}]}}