{"id":7985,"date":"2020-09-24T13:41:00","date_gmt":"2020-09-24T18:41:00","guid":{"rendered":"http:\/\/tvalaire.com\/?p=7985"},"modified":"2020-09-27T13:43:34","modified_gmt":"2020-09-27T18:43:34","slug":"entrega-fundacion-vamos-mexico-sillas-de-ruedas-a-traves-del-sistema-dif","status":"publish","type":"post","link":"http:\/\/tvalaire.com\/?p=7985","title":{"rendered":"ENTREGA FUNDACI\u00d3N \u201cVAMOS M\u00c9XICO\u201d SILLAS DE RUEDAS A TRAV\u00c9S DEL SISTEMA DIF"},"content":{"rendered":"\n<p><\/p>\n\n\n\n<ul class=\"wp-block-list\"><li><strong>Favorecen\ncondiciones de personas con alguna discapacidad motriz<\/strong><\/li><li><strong>Gerente\nde la Fundaci\u00f3n entregaapoyos directamente a beneficiados<\/strong><\/li><\/ul>\n\n\n\n<p>La fundaci\u00f3n \u201cVamos M\u00e9xico\u201d\na trav\u00e9s del DIF Municipal, entreg\u00f3 por tercer a\u00f1o consecutivo un paquete desillas\nde ruedas a personas con discapacidad.<\/p>\n\n\n\n<p>El evento se realiz\u00f3 esta\nma\u00f1ana en las instalaciones del DIF y estuvo encabezado por nuestro alcalde, Alex\nEspinoza; la gerente de la Fundaci\u00f3n Teresita Robledo y la directora de la\ndependencia social, Ana Raquel Salazar. En el lugar otorgaron seis sillas y el\nresto, acudieron a los domicilios para entregarlas personalmente.<\/p>\n\n\n\n<p>En su mensaje, Teresita\nRobledo explic\u00f3 que el objetivo del programa es mejorar la calidad de vida de\nlas personas para quienes m\u00e1s que una herramienta, sirve para transformar tanto\nsu vida, como la de sus acompa\u00f1antes y familia.<\/p>\n\n\n\n<p>Nuestro Alcalde por su\nparte, se dijo feliz de ver a las personas que este a\u00f1o fueron beneficiados con\nuna silla de ruedas que mejorar\u00e1 su condici\u00f3n de movilidad.<\/p>\n\n\n\n<p>Agradeci\u00f3 a la fundaci\u00f3n\n\u201cVamos M\u00e9xico\u201d, pues por tercera vez en lo que va de la actual administraci\u00f3n,\nha trabajado en equipo con este municipio colaborando en la dignificaci\u00f3n de\nlas familias. Coment\u00f3 que cuando se trabaja en equipo sociedad, gobierno,\nfundaciones y empresarios, las cosas se convierten en extraordinarias para los\nmexicanos.<\/p>\n\n\n\n<p>A nombre de la presidenta\ndel Sistema DIF, Liliana Flores Castro, env\u00edo a los dirigentes de la Fundaci\u00f3n\nun saludo desde este municipio que espera pronto recibirlos, para agradecer ese\nempuje que dignifica la vida de las personas que hoy obtuvieron una silla de\nruedas.<\/p>\n\n\n\n<p>Ofreci\u00f3 responder a la\npoblaci\u00f3n en quienes empe\u00f1\u00f3 su compromiso por mejorar las condiciones de vida,\npara que juntos puedan transitar de la mejor manera con un gobierno humano y\ncercano a la gente hasta el \u00faltimo d\u00eda de su tarea como Presidente Municipal.<\/p>\n\n\n\n<p>La directora del Sistema\nDIF, Ana Raquel Salazar agradeci\u00f3 tanto a la Fundaci\u00f3n como a nuestro Alcalde\npor siempre brindar los recursos que requiere el DIF Municipal, para los m\u00e1s\nnecesitados.<\/p>\n\n\n\n<figure class=\"wp-block-image size-large\"><img loading=\"lazy\" decoding=\"async\" width=\"1024\" height=\"682\" src=\"http:\/\/tvalaire.com\/wp-content\/uploads\/2020\/09\/1-4-6-1024x682.jpeg\" alt=\"\" class=\"wp-image-7987\" srcset=\"http:\/\/tvalaire.com\/wp-content\/uploads\/2020\/09\/1-4-6-1024x682.jpeg 1024w, http:\/\/tvalaire.com\/wp-content\/uploads\/2020\/09\/1-4-6-300x200.jpeg 300w, http:\/\/tvalaire.com\/wp-content\/uploads\/2020\/09\/1-4-6-768x512.jpeg 768w, http:\/\/tvalaire.com\/wp-content\/uploads\/2020\/09\/1-4-6.jpeg 1280w\" sizes=\"(max-width: 1024px) 100vw, 1024px\" \/><\/figure>\n\n\n\n<figure class=\"wp-block-image size-large\"><img loading=\"lazy\" decoding=\"async\" width=\"1024\" height=\"682\" src=\"http:\/\/tvalaire.com\/wp-content\/uploads\/2020\/09\/1-3-4-1024x682.jpeg\" alt=\"\" class=\"wp-image-7988\" srcset=\"http:\/\/tvalaire.com\/wp-content\/uploads\/2020\/09\/1-3-4-1024x682.jpeg 1024w, http:\/\/tvalaire.com\/wp-content\/uploads\/2020\/09\/1-3-4-300x200.jpeg 300w, http:\/\/tvalaire.com\/wp-content\/uploads\/2020\/09\/1-3-4-768x512.jpeg 768w, http:\/\/tvalaire.com\/wp-content\/uploads\/2020\/09\/1-3-4.jpeg 1280w\" sizes=\"(max-width: 1024px) 100vw, 1024px\" \/><\/figure>\n\n\n\n<figure class=\"wp-block-image size-large\"><img loading=\"lazy\" decoding=\"async\" width=\"1024\" height=\"682\" src=\"http:\/\/tvalaire.com\/wp-content\/uploads\/2020\/09\/1-2-8-1024x682.jpeg\" alt=\"\" class=\"wp-image-7989\" srcset=\"http:\/\/tvalaire.com\/wp-content\/uploads\/2020\/09\/1-2-8-1024x682.jpeg 1024w, http:\/\/tvalaire.com\/wp-content\/uploads\/2020\/09\/1-2-8-300x200.jpeg 300w, http:\/\/tvalaire.com\/wp-content\/uploads\/2020\/09\/1-2-8-768x512.jpeg 768w, http:\/\/tvalaire.com\/wp-content\/uploads\/2020\/09\/1-2-8.jpeg 1280w\" sizes=\"(max-width: 1024px) 100vw, 1024px\" \/><\/figure>\n\n\n\n<figure class=\"wp-block-image size-large\"><img loading=\"lazy\" decoding=\"async\" width=\"1024\" height=\"682\" src=\"http:\/\/tvalaire.com\/wp-content\/uploads\/2020\/09\/1-2-9-1024x682.jpeg\" alt=\"\" class=\"wp-image-7990\" srcset=\"http:\/\/tvalaire.com\/wp-content\/uploads\/2020\/09\/1-2-9-1024x682.jpeg 1024w, http:\/\/tvalaire.com\/wp-content\/uploads\/2020\/09\/1-2-9-300x200.jpeg 300w, http:\/\/tvalaire.com\/wp-content\/uploads\/2020\/09\/1-2-9-768x512.jpeg 768w, http:\/\/tvalaire.com\/wp-content\/uploads\/2020\/09\/1-2-9.jpeg 1280w\" sizes=\"(max-width: 1024px) 100vw, 1024px\" \/><\/figure>\n\n\n\n<figure class=\"wp-block-image size-large\"><img loading=\"lazy\" decoding=\"async\" width=\"1024\" height=\"682\" src=\"http:\/\/tvalaire.com\/wp-content\/uploads\/2020\/09\/1-5-4-1024x682.jpeg\" alt=\"\" class=\"wp-image-7991\" srcset=\"http:\/\/tvalaire.com\/wp-content\/uploads\/2020\/09\/1-5-4-1024x682.jpeg 1024w, http:\/\/tvalaire.com\/wp-content\/uploads\/2020\/09\/1-5-4-300x200.jpeg 300w, http:\/\/tvalaire.com\/wp-content\/uploads\/2020\/09\/1-5-4-768x512.jpeg 768w, http:\/\/tvalaire.com\/wp-content\/uploads\/2020\/09\/1-5-4.jpeg 1280w\" sizes=\"(max-width: 1024px) 100vw, 1024px\" \/><\/figure>\n","protected":false},"excerpt":{"rendered":"<p>Favorecen condiciones de personas con alguna discapacidad motriz Gerente de la Fundaci\u00f3n entregaapoyos directamente a&#8230;<\/p>\n","protected":false},"author":1,"featured_media":7986,"comment_status":"open","ping_status":"open","sticky":false,"template":"","format":"standard","meta":{"jetpack_post_was_ever_published":false,"_jetpack_newsletter_access":"","_jetpack_dont_email_post_to_subs":false,"_jetpack_newsletter_tier_id":0,"_jetpack_memberships_contains_paywalled_content":false,"_jetpack_memberships_contains_paid_content":false,"footnotes":"","jetpack_publicize_message":"","jetpack_publicize_feature_enabled":true,"jetpack_social_post_already_shared":false,"jetpack_social_options":{"image_generator_settings":{"template":"highway","enabled":false},"version":2}},"categories":[1],"tags":[15,36],"class_list":["post-7985","post","type-post","status-publish","format-standard","has-post-thumbnail","hentry","category-la-piedad","tag-la-piedad","tag-principales"],"jetpack_publicize_connections":[],"jetpack_sharing_enabled":true,"featured_image_urls":{"full":["http:\/\/tvalaire.com\/wp-content\/uploads\/2020\/09\/1-1-8.jpeg",1280,853,false],"thumbnail":["http:\/\/tvalaire.com\/wp-content\/uploads\/2020\/09\/1-1-8-150x150.jpeg",150,150,true],"medium":["http:\/\/tvalaire.com\/wp-content\/uploads\/2020\/09\/1-1-8-300x200.jpeg",300,200,true],"medium_large":["http:\/\/tvalaire.com\/wp-content\/uploads\/2020\/09\/1-1-8-768x512.jpeg",640,427,true],"large":["http:\/\/tvalaire.com\/wp-content\/uploads\/2020\/09\/1-1-8-1024x682.jpeg",640,426,true],"post-slider-thumb-size":["http:\/\/tvalaire.com\/wp-content\/uploads\/2020\/09\/1-1-8-330x190.jpeg",330,190,true],"post-category-slider-size":["http:\/\/tvalaire.com\/wp-content\/uploads\/2020\/09\/1-1-8.jpeg",330,220,false],"1536x1536":["http:\/\/tvalaire.com\/wp-content\/uploads\/2020\/09\/1-1-8.jpeg",1280,853,false],"2048x2048":["http:\/\/tvalaire.com\/wp-content\/uploads\/2020\/09\/1-1-8.jpeg",1280,853,false],"newsium-slider-full":["http:\/\/tvalaire.com\/wp-content\/uploads\/2020\/09\/1-1-8-1280x845.jpeg",1280,845,true],"newsium-featured":["http:\/\/tvalaire.com\/wp-content\/uploads\/2020\/09\/1-1-8-1024x682.jpeg",1024,682,true],"newsium-medium":["http:\/\/tvalaire.com\/wp-content\/uploads\/2020\/09\/1-1-8-720x475.jpeg",720,475,true]},"author_info":{"info":["tvalairenoti"]},"category_info":"<a href=\"http:\/\/tvalaire.com\/?cat=1\" rel=\"category\">La Piedad<\/a>","tag_info":"La Piedad","comment_count":"0","jetpack_featured_media_url":"http:\/\/tvalaire.com\/wp-content\/uploads\/2020\/09\/1-1-8.jpeg","_links":{"self":[{"href":"http:\/\/tvalaire.com\/index.php?rest_route=\/wp\/v2\/posts\/7985"}],"collection":[{"href":"http:\/\/tvalaire.com\/index.php?rest_route=\/wp\/v2\/posts"}],"about":[{"href":"http:\/\/tvalaire.com\/index.php?rest_route=\/wp\/v2\/types\/post"}],"author":[{"embeddable":true,"href":"http:\/\/tvalaire.com\/index.php?rest_route=\/wp\/v2\/users\/1"}],"replies":[{"embeddable":true,"href":"http:\/\/tvalaire.com\/index.php?rest_route=%2Fwp%2Fv2%2Fcomments&post=7985"}],"version-history":[{"count":1,"href":"http:\/\/tvalaire.com\/index.php?rest_route=\/wp\/v2\/posts\/7985\/revisions"}],"predecessor-version":[{"id":7992,"href":"http:\/\/tvalaire.com\/index.php?rest_route=\/wp\/v2\/posts\/7985\/revisions\/7992"}],"wp:featuredmedia":[{"embeddable":true,"href":"http:\/\/tvalaire.com\/index.php?rest_route=\/wp\/v2\/media\/7986"}],"wp:attachment":[{"href":"http:\/\/tvalaire.com\/index.php?rest_route=%2Fwp%2Fv2%2Fmedia&parent=7985"}],"wp:term":[{"taxonomy":"category","embeddable":true,"href":"http:\/\/tvalaire.com\/index.php?rest_route=%2Fwp%2Fv2%2Fcategories&post=7985"},{"taxonomy":"post_tag","embeddable":true,"href":"http:\/\/tvalaire.com\/index.php?rest_route=%2Fwp%2Fv2%2Ftags&post=7985"}],"curies":[{"name":"wp","href":"https:\/\/api.w.org\/{rel}","templated":true}]}}