{"id":794,"date":"2017-03-09T09:29:23","date_gmt":"2017-03-09T15:29:23","guid":{"rendered":"http:\/\/tvalaire.com\/?p=794"},"modified":"2017-03-09T09:29:23","modified_gmt":"2017-03-09T15:29:23","slug":"se-llevaron-a-cabo-conferencias-con-motivo-del-dia-de-la-mujer","status":"publish","type":"post","link":"http:\/\/tvalaire.com\/?p=794","title":{"rendered":"SE LLEVARON A CABO CONFERENCIAS CON MOTIVO DEL D\u00cdA DE LA MUJER"},"content":{"rendered":"<p>El Gobierno Municipal de La Piedad encabezado por Juan\u00a0Manuel\u00a0Estrada Medina en\u00a0coordinaci\u00f3n\u00a0con el\u00a0Instituto\u00a0de la Mujer (IMM) prepar\u00f3 la impartici\u00f3n de conferencias con el motivo del\u00a0D\u00eda\u00a0de la Mujer y en las cuales\u00a0participaron\u00a0instituciones educativas como\u00a0Conalep\u00a0y el ICATMI.<br \/>\nLas actividades iniciaron en el auditorio de las instalaciones del\u00a0Conalep\u00a0en donde la titular del IMM en el municipio se encarg\u00f3 de dar la bienvenida y al mismo tiempo de parte del Alcalde Estrada Medina felicitar a todas las f\u00e9minas asistentes a la actividad, dejando claro que no solo este d\u00eda se debe festejar a la mujer.<\/p>\n<p>Se present\u00f3 un video mensaje por parte del Presidente Juan Manuel Estrada Medina, quien dijo que las mujeres son una parte muy\u00a0importante en cualquier rol, destacando que el gobierno que administra lleva a cabo diferente actividades para\u00a0poder\u00a0disminuir la violencia de g\u00e9nero, subrayando que hay cero tolerancia en este tema\u00a0y por lo tanto cualquier alerta\u00a0ser\u00e1\u00a0castigada por las autoridades correspondientes.<br \/>\nPor su parte Yadira Avi\u00f1a\u00a0Kick,\u00a0ponente, ofreci\u00f3 la conferencia\u00a0motivacional\u00a0con un mensaje para cada uno de los\u00a0j\u00f3venes\u00a0que estuvieron presentes, ah\u00ed dirigi\u00f3 una din\u00e1mica y narr\u00f3 una historia en la que invit\u00f3 a los asistentes a la reflexi\u00f3n.<\/p>\n<p>En la segunda conferencia que se realiz\u00f3 en el Instituto de\u00a0Capacitaci\u00f3n\u00a0para el Trabajo del Estado de\u00a0Michoac\u00e1n\u00a0(ICATMI) las ponentes fueron la\u00a0Psic\u00f3loga\u00a0Ana Guadalupe\u00a0N\u00fa\u00f1ez\u00a0Aguilar y \u00a0Paulina Ayala Ayala las cuales enfocaron la\u00a0pl\u00e1tica\u00a0en la mujer\u00a0m\u00e1s\u00a0que un\u00a0g\u00e9nero, explicando al mismo tiempo el significado de la palabra y llevando a cabo algunas din\u00e1micas entre la concurrencia.<\/p>\n","protected":false},"excerpt":{"rendered":"<p>El Gobierno Municipal de La Piedad encabezado por Juan\u00a0Manuel\u00a0Estrada Medina en\u00a0coordinaci\u00f3n\u00a0con el\u00a0Instituto\u00a0de la Mujer (IMM)&#8230;<\/p>\n","protected":false},"author":1,"featured_media":791,"comment_status":"open","ping_status":"open","sticky":false,"template":"","format":"standard","meta":{"jetpack_post_was_ever_published":false,"_jetpack_newsletter_access":"","_jetpack_dont_email_post_to_subs":false,"_jetpack_newsletter_tier_id":0,"_jetpack_memberships_contains_paywalled_content":false,"_jetpack_memberships_contains_paid_content":false,"footnotes":"","jetpack_publicize_message":"","jetpack_publicize_feature_enabled":true,"jetpack_social_post_already_shared":false,"jetpack_social_options":{"image_generator_settings":{"template":"highway","enabled":false},"version":2}},"categories":[1],"tags":[15,36],"class_list":["post-794","post","type-post","status-publish","format-standard","has-post-thumbnail","hentry","category-la-piedad","tag-la-piedad","tag-principales"],"jetpack_publicize_connections":[],"jetpack_sharing_enabled":true,"featured_image_urls":{"full":["http:\/\/tvalaire.com\/wp-content\/uploads\/2017\/03\/SE-LLEVARON-A-CABO-CONFERENCIAS-CON-MOTIVO-DEL-D\u00cdA-DE-LA-MUJER.jpg",1024,683,false],"thumbnail":["http:\/\/tvalaire.com\/wp-content\/uploads\/2017\/03\/SE-LLEVARON-A-CABO-CONFERENCIAS-CON-MOTIVO-DEL-D\u00cdA-DE-LA-MUJER-150x150.jpg",150,150,true],"medium":["http:\/\/tvalaire.com\/wp-content\/uploads\/2017\/03\/SE-LLEVARON-A-CABO-CONFERENCIAS-CON-MOTIVO-DEL-D\u00cdA-DE-LA-MUJER-300x200.jpg",300,200,true],"medium_large":["http:\/\/tvalaire.com\/wp-content\/uploads\/2017\/03\/SE-LLEVARON-A-CABO-CONFERENCIAS-CON-MOTIVO-DEL-D\u00cdA-DE-LA-MUJER-768x512.jpg",640,427,true],"large":["http:\/\/tvalaire.com\/wp-content\/uploads\/2017\/03\/SE-LLEVARON-A-CABO-CONFERENCIAS-CON-MOTIVO-DEL-D\u00cdA-DE-LA-MUJER-1024x683.jpg",640,427,true],"post-slider-thumb-size":["http:\/\/tvalaire.com\/wp-content\/uploads\/2017\/03\/SE-LLEVARON-A-CABO-CONFERENCIAS-CON-MOTIVO-DEL-D\u00cdA-DE-LA-MUJER.jpg",285,190,false],"post-category-slider-size":["http:\/\/tvalaire.com\/wp-content\/uploads\/2017\/03\/SE-LLEVARON-A-CABO-CONFERENCIAS-CON-MOTIVO-DEL-D\u00cdA-DE-LA-MUJER.jpg",330,220,false],"1536x1536":["http:\/\/tvalaire.com\/wp-content\/uploads\/2017\/03\/SE-LLEVARON-A-CABO-CONFERENCIAS-CON-MOTIVO-DEL-D\u00cdA-DE-LA-MUJER.jpg",1024,683,false],"2048x2048":["http:\/\/tvalaire.com\/wp-content\/uploads\/2017\/03\/SE-LLEVARON-A-CABO-CONFERENCIAS-CON-MOTIVO-DEL-D\u00cdA-DE-LA-MUJER.jpg",1024,683,false],"newsium-slider-full":["http:\/\/tvalaire.com\/wp-content\/uploads\/2017\/03\/SE-LLEVARON-A-CABO-CONFERENCIAS-CON-MOTIVO-DEL-D\u00cdA-DE-LA-MUJER.jpg",1024,683,false],"newsium-featured":["http:\/\/tvalaire.com\/wp-content\/uploads\/2017\/03\/SE-LLEVARON-A-CABO-CONFERENCIAS-CON-MOTIVO-DEL-D\u00cdA-DE-LA-MUJER.jpg",1024,683,false],"newsium-medium":["http:\/\/tvalaire.com\/wp-content\/uploads\/2017\/03\/SE-LLEVARON-A-CABO-CONFERENCIAS-CON-MOTIVO-DEL-D\u00cdA-DE-LA-MUJER.jpg",712,475,false]},"author_info":{"info":["tvalairenoti"]},"category_info":"<a href=\"http:\/\/tvalaire.com\/?cat=1\" rel=\"category\">La Piedad<\/a>","tag_info":"La Piedad","comment_count":"0","jetpack_featured_media_url":"http:\/\/tvalaire.com\/wp-content\/uploads\/2017\/03\/SE-LLEVARON-A-CABO-CONFERENCIAS-CON-MOTIVO-DEL-D\u00cdA-DE-LA-MUJER.jpg","_links":{"self":[{"href":"http:\/\/tvalaire.com\/index.php?rest_route=\/wp\/v2\/posts\/794"}],"collection":[{"href":"http:\/\/tvalaire.com\/index.php?rest_route=\/wp\/v2\/posts"}],"about":[{"href":"http:\/\/tvalaire.com\/index.php?rest_route=\/wp\/v2\/types\/post"}],"author":[{"embeddable":true,"href":"http:\/\/tvalaire.com\/index.php?rest_route=\/wp\/v2\/users\/1"}],"replies":[{"embeddable":true,"href":"http:\/\/tvalaire.com\/index.php?rest_route=%2Fwp%2Fv2%2Fcomments&post=794"}],"version-history":[{"count":1,"href":"http:\/\/tvalaire.com\/index.php?rest_route=\/wp\/v2\/posts\/794\/revisions"}],"predecessor-version":[{"id":795,"href":"http:\/\/tvalaire.com\/index.php?rest_route=\/wp\/v2\/posts\/794\/revisions\/795"}],"wp:featuredmedia":[{"embeddable":true,"href":"http:\/\/tvalaire.com\/index.php?rest_route=\/wp\/v2\/media\/791"}],"wp:attachment":[{"href":"http:\/\/tvalaire.com\/index.php?rest_route=%2Fwp%2Fv2%2Fmedia&parent=794"}],"wp:term":[{"taxonomy":"category","embeddable":true,"href":"http:\/\/tvalaire.com\/index.php?rest_route=%2Fwp%2Fv2%2Fcategories&post=794"},{"taxonomy":"post_tag","embeddable":true,"href":"http:\/\/tvalaire.com\/index.php?rest_route=%2Fwp%2Fv2%2Ftags&post=794"}],"curies":[{"name":"wp","href":"https:\/\/api.w.org\/{rel}","templated":true}]}}