{"id":785,"date":"2017-03-08T09:56:29","date_gmt":"2017-03-08T15:56:29","guid":{"rendered":"http:\/\/tvalaire.com\/?p=785"},"modified":"2017-03-08T09:56:29","modified_gmt":"2017-03-08T15:56:29","slug":"quedo-instalado-el-comite-municipal-para-la-inclusion-de-personas-con-discapacidad-comipi","status":"publish","type":"post","link":"http:\/\/tvalaire.com\/?p=785","title":{"rendered":"QUED\u00d3 INSTALADO EL COMIT\u00c9 MUNICIPAL PARA LA INCLUSI\u00d3N DE PERSONAS CON DISCAPACIDAD (COMIPI)"},"content":{"rendered":"<p class=\"xmsonormal\" style=\"text-align: center; background: white;\" align=\"center\"><b><span style=\"font-size: 13.0pt; font-family: 'Arial','sans-serif'; color: #212121;\">\u00a0<\/span><\/b><\/p>\n<p class=\"xmsonormal\" style=\"text-align: justify; background: white; font-variant-ligatures: normal; font-variant-caps: normal; orphans: 2; widows: 2; -webkit-text-stroke-width: 0px; word-spacing: 0px;\"><span style=\"font-size: 13.0pt; font-family: 'Arial','sans-serif'; color: #212121;\">Qued\u00f3 debidamente instalado el Comit\u00e9 Municipal para la Inclusi\u00f3n de Personas con Discapacidad (COMIPI), organismo que ser\u00e1 el encargado en congregar todas las acciones ciudadanos y pol\u00edticas de gobierno hac\u00eda la poblaci\u00f3n que presentan alguna discapacidad.<\/span><\/p>\n<p class=\"xmsonormal\" style=\"text-align: justify; background: white;\"><span style=\"font-size: 13.0pt; font-family: 'Arial','sans-serif'; color: #212121;\">La instalaci\u00f3n y toma de protesta de este organismo reciente, lo encabeza por primera ocasi\u00f3n un ciudadano; en este caso, se trata del pintor, escritor y maestro David C\u00e1zares Pe\u00f1a como presidente; Carmen Judith Cabrera Salda\u00f1a como secretaria t\u00e9cnica.<\/span><\/p>\n<p class=\"xmsonormal\" style=\"text-align: justify; background: white;\"><span style=\"font-size: 13.0pt; font-family: 'Arial','sans-serif'; color: #212121;\">El acto se llev\u00f3 a cabo en el Centro Cultural y estuvo encabezado por el Secretario del Ayuntamiento, Daniel V\u00e1zquez Zavala en representaci\u00f3n del Alcalde Juan Manuel Estrada Medina, en donde tambi\u00e9n se cont\u00f3 con la presencia de la regidora Brenda Orozco Torres quien fue una de las impulsoras en la creaci\u00f3n de este comit\u00e9 y quien fue la encargada en hacer la exposici\u00f3n de motivos.<\/span><\/p>\n<p class=\"xmsonormal\" style=\"text-align: justify; background: white;\"><span style=\"font-size: 13.0pt; font-family: 'Arial','sans-serif'; color: #212121;\">Orozco Torres coment\u00f3 que de acuerdo al \u00faltimo censo de poblaci\u00f3n 2010, se establece que en La Piedad hay un promedio de 4 mil 500 personas con discapacidad, sin embargo, expuso que el resultado emitido no refleja la situaci\u00f3n que existe, ya que diariamente los casos se incrementan por muchas situaciones.<\/span><\/p>\n<p class=\"xmsonormal\" style=\"text-align: justify; background: white;\"><span style=\"font-size: 13.0pt; font-family: 'Arial','sans-serif'; color: #212121;\">El comit\u00e9 ser\u00e1 el organismo que congregar\u00e1 las acciones ciudadanas y las pol\u00edticas de gobierno, las cuales est\u00e9n encaminadas a las personas con alguna discapacidad. Expuso la regidora que la idea de invitar a David C\u00e1zares Pe\u00f1a como dirigente lo hizo el Alcalde Juan Manuel Estrada Medina con el fin de que \u00e9ste d\u00e9 una visi\u00f3n real sobre las barreras f\u00edsicas y culturales a las que todos los d\u00edas se enfrentan las personas que viven una discapacidad.<\/span><\/p>\n<p class=\"xmsonormal\" style=\"text-align: justify; background: white;\"><span style=\"font-size: 13.0pt; font-family: 'Arial','sans-serif'; color: #212121;\">Por lo que ahora les tocar\u00eda unir esfuerzos entre la comunidad y el gobierno para el establecimiento de pol\u00edticas encaminadas a este sector de la poblaci\u00f3n. Afortunadamente indic\u00f3 Brenda Orozco que el Gobierno Municipal que encabeza Juan Manuel Estrada Medina ha apoyado este tipo de actividades incluyentes y el alcade tiene la disposici\u00f3n de potencializarlas a\u00fan m\u00e1s.<\/span><\/p>\n<p class=\"xmsonormal\" style=\"text-align: justify; background: white;\"><span style=\"font-size: 13.0pt; font-family: 'Arial','sans-serif'; color: #212121;\">Durante el acto se anunciaron las acciones que lleva a cabo el Gobierno Municipal con la finalidad de generar espacios a este sector, uno de ellos es el programa de se\u00f1alamientos en \u00e1reas de estacionamiento para discapacitados y la instrucci\u00f3n que tiene el personal de tr\u00e1nsito y vialidad es hacer respetarlos y aplicar \u201ccero tolerancia\u201d para funcionarios o ciudadanos que incumplan con el reglamento.<\/span><\/p>\n<p class=\"xmsonormal\" style=\"text-align: justify; background: white;\"><span style=\"font-size: 13.0pt; font-family: 'Arial','sans-serif'; color: #212121;\">A su vez lo integrar\u00e1n siete subcomit\u00e9s los cuales contar\u00e1n con un enlace dentro del Ayuntamiento que son: Subcomit\u00e9 de Legislaci\u00f3n y Protecci\u00f3n de los Derechos que estar\u00e1 conformado por Margarita Gonz\u00e1lez Pu\u00f1a y Anita Beatriz Hern\u00e1ndez Cabrera, quien ser\u00e1 su enlace.El subcomit\u00e9 de educaci\u00f3n que lo preside Salvador Landa Zepeda y en el enlace es Marco Antonio Rodr\u00edguez Mac\u00edas.<\/span><\/p>\n<p class=\"xmsonormal\" style=\"text-align: justify; background: white;\"><span style=\"font-size: 13.0pt; font-family: 'Arial','sans-serif'; color: #212121;\">Subcomit\u00e9 de deporte, cultura y recreaci\u00f3n estar\u00e1 encabezado por Viridiana C\u00e1zares Hern\u00e1ndez y tendr\u00e1 como enlace a Jos\u00e9 Ram\u00f3n Maya Ibarra, Subcomit\u00e9 de condiciones urban\u00edsticas, accesibilidad y transporte lo encabeza Jos\u00e9 Luis \u00c1valos Mac\u00edas y su enlace es Mauricio Rodr\u00edguez Llamas.<\/span><\/p>\n<p class=\"xmsonormal\" style=\"text-align: justify; background: white;\"><span style=\"font-size: 13.0pt; font-family: 'Arial','sans-serif'; color: #212121;\">En el Subcomit\u00e9 de capacitaci\u00f3n y empleo que se encuentran, Carlos Alberto Estrada Medina. En el de salud y asistencia, Roberto Ibarra Pimentel y en enlace es Gustavo Andr\u00e9s Mares Alvarado.<\/span><\/p>\n<p class=\"xmsonormal\" style=\"text-align: justify; background: white;\"><span style=\"font-size: 13.0pt; font-family: 'Arial','sans-serif'; color: #212121;\">El subcomit\u00e9 de sensibilizaci\u00f3n y difusi\u00f3n que estar\u00e1 presidido por Pedro Tlelo Ram\u00edrez y el enlace es Alberto Guzm\u00e1n Reyes, Tambi\u00e9n se incluyeron los regidores, Laura Elena Valadez, Brenda Orozco Torres, Ra\u00fal Hern\u00e1ndez N\u00fa\u00f1ez y Yelitza T\u00e9llez Hern\u00e1ndez.<\/span><\/p>\n<p class=\"xmsonormal\" style=\"text-align: justify; background: white;\"><span style=\"font-size: 13.0pt; font-family: 'Arial','sans-serif'; color: #212121;\">Asimismo se anunci\u00f3 que ya se trabaja para que a trav\u00e9s de la direcci\u00f3n de Deportes se establezcan las bases para generar infraestructura deportiva en la cual se pueda hacer part\u00edcipes a las personas con alguna discapacidad para que realicen alguna actividad deportiva porque actualmente no la hay.<\/span><\/p>\n","protected":false},"excerpt":{"rendered":"<p>\u00a0 Qued\u00f3 debidamente instalado el Comit\u00e9 Municipal para la Inclusi\u00f3n de Personas con Discapacidad (COMIPI),&#8230;<\/p>\n","protected":false},"author":1,"featured_media":781,"comment_status":"open","ping_status":"open","sticky":false,"template":"","format":"standard","meta":{"jetpack_post_was_ever_published":false,"_jetpack_newsletter_access":"","_jetpack_dont_email_post_to_subs":false,"_jetpack_newsletter_tier_id":0,"_jetpack_memberships_contains_paywalled_content":false,"_jetpack_memberships_contains_paid_content":false,"footnotes":"","jetpack_publicize_message":"","jetpack_publicize_feature_enabled":true,"jetpack_social_post_already_shared":false,"jetpack_social_options":{"image_generator_settings":{"template":"highway","enabled":false},"version":2}},"categories":[1],"tags":[15,36],"class_list":["post-785","post","type-post","status-publish","format-standard","has-post-thumbnail","hentry","category-la-piedad","tag-la-piedad","tag-principales"],"jetpack_publicize_connections":[],"jetpack_sharing_enabled":true,"featured_image_urls":{"full":["http:\/\/tvalaire.com\/wp-content\/uploads\/2017\/03\/QUED\u00d3-INSTALADO-EL-COMIT\u00c9-MUNICIPAL-PARA-LA-INCLUSI\u00d3N-DE-PERSONAS-CON-DISCAPACIDAD-COMIPI.jpg",1024,683,false],"thumbnail":["http:\/\/tvalaire.com\/wp-content\/uploads\/2017\/03\/QUED\u00d3-INSTALADO-EL-COMIT\u00c9-MUNICIPAL-PARA-LA-INCLUSI\u00d3N-DE-PERSONAS-CON-DISCAPACIDAD-COMIPI-150x150.jpg",150,150,true],"medium":["http:\/\/tvalaire.com\/wp-content\/uploads\/2017\/03\/QUED\u00d3-INSTALADO-EL-COMIT\u00c9-MUNICIPAL-PARA-LA-INCLUSI\u00d3N-DE-PERSONAS-CON-DISCAPACIDAD-COMIPI-300x200.jpg",300,200,true],"medium_large":["http:\/\/tvalaire.com\/wp-content\/uploads\/2017\/03\/QUED\u00d3-INSTALADO-EL-COMIT\u00c9-MUNICIPAL-PARA-LA-INCLUSI\u00d3N-DE-PERSONAS-CON-DISCAPACIDAD-COMIPI-768x512.jpg",640,427,true],"large":["http:\/\/tvalaire.com\/wp-content\/uploads\/2017\/03\/QUED\u00d3-INSTALADO-EL-COMIT\u00c9-MUNICIPAL-PARA-LA-INCLUSI\u00d3N-DE-PERSONAS-CON-DISCAPACIDAD-COMIPI-1024x683.jpg",640,427,true],"post-slider-thumb-size":["http:\/\/tvalaire.com\/wp-content\/uploads\/2017\/03\/QUED\u00d3-INSTALADO-EL-COMIT\u00c9-MUNICIPAL-PARA-LA-INCLUSI\u00d3N-DE-PERSONAS-CON-DISCAPACIDAD-COMIPI.jpg",285,190,false],"post-category-slider-size":["http:\/\/tvalaire.com\/wp-content\/uploads\/2017\/03\/QUED\u00d3-INSTALADO-EL-COMIT\u00c9-MUNICIPAL-PARA-LA-INCLUSI\u00d3N-DE-PERSONAS-CON-DISCAPACIDAD-COMIPI.jpg",330,220,false],"1536x1536":["http:\/\/tvalaire.com\/wp-content\/uploads\/2017\/03\/QUED\u00d3-INSTALADO-EL-COMIT\u00c9-MUNICIPAL-PARA-LA-INCLUSI\u00d3N-DE-PERSONAS-CON-DISCAPACIDAD-COMIPI.jpg",1024,683,false],"2048x2048":["http:\/\/tvalaire.com\/wp-content\/uploads\/2017\/03\/QUED\u00d3-INSTALADO-EL-COMIT\u00c9-MUNICIPAL-PARA-LA-INCLUSI\u00d3N-DE-PERSONAS-CON-DISCAPACIDAD-COMIPI.jpg",1024,683,false],"newsium-slider-full":["http:\/\/tvalaire.com\/wp-content\/uploads\/2017\/03\/QUED\u00d3-INSTALADO-EL-COMIT\u00c9-MUNICIPAL-PARA-LA-INCLUSI\u00d3N-DE-PERSONAS-CON-DISCAPACIDAD-COMIPI.jpg",1024,683,false],"newsium-featured":["http:\/\/tvalaire.com\/wp-content\/uploads\/2017\/03\/QUED\u00d3-INSTALADO-EL-COMIT\u00c9-MUNICIPAL-PARA-LA-INCLUSI\u00d3N-DE-PERSONAS-CON-DISCAPACIDAD-COMIPI.jpg",1024,683,false],"newsium-medium":["http:\/\/tvalaire.com\/wp-content\/uploads\/2017\/03\/QUED\u00d3-INSTALADO-EL-COMIT\u00c9-MUNICIPAL-PARA-LA-INCLUSI\u00d3N-DE-PERSONAS-CON-DISCAPACIDAD-COMIPI.jpg",712,475,false]},"author_info":{"info":["tvalairenoti"]},"category_info":"<a href=\"http:\/\/tvalaire.com\/?cat=1\" rel=\"category\">La Piedad<\/a>","tag_info":"La Piedad","comment_count":"0","jetpack_featured_media_url":"http:\/\/tvalaire.com\/wp-content\/uploads\/2017\/03\/QUED\u00d3-INSTALADO-EL-COMIT\u00c9-MUNICIPAL-PARA-LA-INCLUSI\u00d3N-DE-PERSONAS-CON-DISCAPACIDAD-COMIPI.jpg","_links":{"self":[{"href":"http:\/\/tvalaire.com\/index.php?rest_route=\/wp\/v2\/posts\/785"}],"collection":[{"href":"http:\/\/tvalaire.com\/index.php?rest_route=\/wp\/v2\/posts"}],"about":[{"href":"http:\/\/tvalaire.com\/index.php?rest_route=\/wp\/v2\/types\/post"}],"author":[{"embeddable":true,"href":"http:\/\/tvalaire.com\/index.php?rest_route=\/wp\/v2\/users\/1"}],"replies":[{"embeddable":true,"href":"http:\/\/tvalaire.com\/index.php?rest_route=%2Fwp%2Fv2%2Fcomments&post=785"}],"version-history":[{"count":1,"href":"http:\/\/tvalaire.com\/index.php?rest_route=\/wp\/v2\/posts\/785\/revisions"}],"predecessor-version":[{"id":786,"href":"http:\/\/tvalaire.com\/index.php?rest_route=\/wp\/v2\/posts\/785\/revisions\/786"}],"wp:featuredmedia":[{"embeddable":true,"href":"http:\/\/tvalaire.com\/index.php?rest_route=\/wp\/v2\/media\/781"}],"wp:attachment":[{"href":"http:\/\/tvalaire.com\/index.php?rest_route=%2Fwp%2Fv2%2Fmedia&parent=785"}],"wp:term":[{"taxonomy":"category","embeddable":true,"href":"http:\/\/tvalaire.com\/index.php?rest_route=%2Fwp%2Fv2%2Fcategories&post=785"},{"taxonomy":"post_tag","embeddable":true,"href":"http:\/\/tvalaire.com\/index.php?rest_route=%2Fwp%2Fv2%2Ftags&post=785"}],"curies":[{"name":"wp","href":"https:\/\/api.w.org\/{rel}","templated":true}]}}