{"id":7848,"date":"2020-09-24T09:17:17","date_gmt":"2020-09-24T14:17:17","guid":{"rendered":"http:\/\/tvalaire.com\/?p=7848"},"modified":"2020-09-24T09:17:19","modified_gmt":"2020-09-24T14:17:19","slug":"habra-jornada-nacional-de-vacunacion-antirrabica-canina-y-felina","status":"publish","type":"post","link":"http:\/\/tvalaire.com\/?p=7848","title":{"rendered":"HABR\u00c1 JORNADA NACIONAL DE VACUNACI\u00d3N ANTIRR\u00c1BICA CANINA Y FELINA"},"content":{"rendered":"\n<p><\/p>\n\n\n\n<ul class=\"wp-block-list\"><li><strong>A\npartir de 09:00 de la ma\u00f1ana a 2:00 de la tarde y sin costo alguno<\/strong><\/li><li><strong>Del 28\nal 30 de septiembre en Centros Comunitarios y Parques<\/strong><\/li><\/ul>\n\n\n\n<p>Bajo una nueva mec\u00e1nica de\ntrabajo, la Secretar\u00eda de Salud a trav\u00e9s del Centro de Salud \u201cGuadalupe Mateos\ny Vega\u201d en coordinaci\u00f3n con el Gobierno Municipal, llevar\u00e1 a cabo la Primera\nJornada Nacional de Vacunaci\u00f3n Antirr\u00e1bica Canina y Felina del 28 al 30 de\nseptiembre.<\/p>\n\n\n\n<p>En esta ocasi\u00f3n se realizar\u00e1\n\u00fanicamente en los Centros Comunitarios y Parques Recreativos del municipio en\nhorario de 09:00 de la ma\u00f1ana a 2:00 de la tarde y ser\u00e1 aplicada por personal\nde la Jurisdicci\u00f3n Sanitaria No. 6 y sin costo alguno. <\/p>\n\n\n\n<p>Para garantizar la seguridad\nsanitaria, personal del Sector Salud pondr\u00e1n en marcha un estricto control, por\nlo que \u00fanicamente podr\u00e1 ingresar una persona por mascota y quienes deber\u00e1n\nportarcubrebocas, adem\u00e1s de respetar la sana distancia.<\/p>\n\n\n\n<p>Los espacios p\u00fablicos a los\nque deber\u00e1n acudir los propietarios de los caninos y felinos son: Centros\nComunitarios de las colonias Vasco de Quiroga; Los Laureles; fraccionamiento\nDelta; Santa Fe y colonia M\u00e9xico.<\/p>\n\n\n\n<p>Tambi\u00e9n acudir\u00e1n a los\nparques recreativos de las colonias L\u00e1zaro C\u00e1rdenas; Camelinas; Arroyo Delgado\n(frente a la Guarder\u00eda); Parque Morelos; Parque L\u00e1zaro C\u00e1rdenas mejor conocido\ncomo \u201cLa Placa\u201d.<\/p>\n\n\n\n<p>Se inform\u00f3 que en el caso\ndel Centro de Salud \u201cGuadalupe Mateos y Vega\u201d, la vacunaci\u00f3n inici\u00f3 desde el 20\nde septiembre y se mantendr\u00e1 hasta el 2 de octubre del presente a\u00f1o.<\/p>\n","protected":false},"excerpt":{"rendered":"<p>A partir de 09:00 de la ma\u00f1ana a 2:00 de la tarde y sin costo&#8230;<\/p>\n","protected":false},"author":1,"featured_media":7849,"comment_status":"open","ping_status":"open","sticky":false,"template":"","format":"standard","meta":{"jetpack_post_was_ever_published":false,"_jetpack_newsletter_access":"","_jetpack_dont_email_post_to_subs":false,"_jetpack_newsletter_tier_id":0,"_jetpack_memberships_contains_paywalled_content":false,"_jetpack_memberships_contains_paid_content":false,"footnotes":"","jetpack_publicize_message":"","jetpack_publicize_feature_enabled":true,"jetpack_social_post_already_shared":false,"jetpack_social_options":{"image_generator_settings":{"template":"highway","enabled":false},"version":2}},"categories":[1],"tags":[15,36],"class_list":["post-7848","post","type-post","status-publish","format-standard","has-post-thumbnail","hentry","category-la-piedad","tag-la-piedad","tag-principales"],"jetpack_publicize_connections":[],"jetpack_sharing_enabled":true,"featured_image_urls":{"full":["http:\/\/tvalaire.com\/wp-content\/uploads\/2020\/09\/1-3.jpg",1280,1024,false],"thumbnail":["http:\/\/tvalaire.com\/wp-content\/uploads\/2020\/09\/1-3-150x150.jpg",150,150,true],"medium":["http:\/\/tvalaire.com\/wp-content\/uploads\/2020\/09\/1-3-300x240.jpg",300,240,true],"medium_large":["http:\/\/tvalaire.com\/wp-content\/uploads\/2020\/09\/1-3-768x614.jpg",640,512,true],"large":["http:\/\/tvalaire.com\/wp-content\/uploads\/2020\/09\/1-3-1024x819.jpg",640,512,true],"post-slider-thumb-size":["http:\/\/tvalaire.com\/wp-content\/uploads\/2020\/09\/1-3-330x190.jpg",330,190,true],"post-category-slider-size":["http:\/\/tvalaire.com\/wp-content\/uploads\/2020\/09\/1-3.jpg",330,264,false],"1536x1536":["http:\/\/tvalaire.com\/wp-content\/uploads\/2020\/09\/1-3.jpg",1280,1024,false],"2048x2048":["http:\/\/tvalaire.com\/wp-content\/uploads\/2020\/09\/1-3.jpg",1280,1024,false],"newsium-slider-full":["http:\/\/tvalaire.com\/wp-content\/uploads\/2020\/09\/1-3-1280x845.jpg",1280,845,true],"newsium-featured":["http:\/\/tvalaire.com\/wp-content\/uploads\/2020\/09\/1-3-1024x819.jpg",1024,819,true],"newsium-medium":["http:\/\/tvalaire.com\/wp-content\/uploads\/2020\/09\/1-3-720x475.jpg",720,475,true]},"author_info":{"info":["tvalairenoti"]},"category_info":"<a href=\"http:\/\/tvalaire.com\/?cat=1\" rel=\"category\">La Piedad<\/a>","tag_info":"La Piedad","comment_count":"0","jetpack_featured_media_url":"http:\/\/tvalaire.com\/wp-content\/uploads\/2020\/09\/1-3.jpg","_links":{"self":[{"href":"http:\/\/tvalaire.com\/index.php?rest_route=\/wp\/v2\/posts\/7848"}],"collection":[{"href":"http:\/\/tvalaire.com\/index.php?rest_route=\/wp\/v2\/posts"}],"about":[{"href":"http:\/\/tvalaire.com\/index.php?rest_route=\/wp\/v2\/types\/post"}],"author":[{"embeddable":true,"href":"http:\/\/tvalaire.com\/index.php?rest_route=\/wp\/v2\/users\/1"}],"replies":[{"embeddable":true,"href":"http:\/\/tvalaire.com\/index.php?rest_route=%2Fwp%2Fv2%2Fcomments&post=7848"}],"version-history":[{"count":1,"href":"http:\/\/tvalaire.com\/index.php?rest_route=\/wp\/v2\/posts\/7848\/revisions"}],"predecessor-version":[{"id":7850,"href":"http:\/\/tvalaire.com\/index.php?rest_route=\/wp\/v2\/posts\/7848\/revisions\/7850"}],"wp:featuredmedia":[{"embeddable":true,"href":"http:\/\/tvalaire.com\/index.php?rest_route=\/wp\/v2\/media\/7849"}],"wp:attachment":[{"href":"http:\/\/tvalaire.com\/index.php?rest_route=%2Fwp%2Fv2%2Fmedia&parent=7848"}],"wp:term":[{"taxonomy":"category","embeddable":true,"href":"http:\/\/tvalaire.com\/index.php?rest_route=%2Fwp%2Fv2%2Fcategories&post=7848"},{"taxonomy":"post_tag","embeddable":true,"href":"http:\/\/tvalaire.com\/index.php?rest_route=%2Fwp%2Fv2%2Ftags&post=7848"}],"curies":[{"name":"wp","href":"https:\/\/api.w.org\/{rel}","templated":true}]}}