{"id":780,"date":"2017-03-08T09:53:50","date_gmt":"2017-03-08T15:53:50","guid":{"rendered":"http:\/\/tvalaire.com\/?p=780"},"modified":"2017-03-08T09:53:50","modified_gmt":"2017-03-08T15:53:50","slug":"sapas-arranca-inscripciones-a-la-carrera-por-el-agua-2017","status":"publish","type":"post","link":"http:\/\/tvalaire.com\/?p=780","title":{"rendered":"SAPAS ARRANCA INSCRIPCIONES A LA CARRERA POR EL AGUA 2017"},"content":{"rendered":"<p class=\"xmsonormal\" style=\"text-align: center; background: white;\" align=\"center\"><b><span style=\"font-family: 'Arial','sans-serif'; color: #212121;\">\u00a0<\/span><\/b><\/p>\n<p class=\"xmsonormal\" style=\"text-align: justify; background: white; font-variant-ligatures: normal; font-variant-caps: normal; orphans: 2; widows: 2; -webkit-text-stroke-width: 0px; word-spacing: 0px;\"><span style=\"font-family: 'Arial','sans-serif'; color: #212121;\">El Sistema de Agua Potable, Alcantarillado y Saneamiento de La Piedad (SAPAS) y en colaboraci\u00f3n con el gobierno municipal, lanz\u00f3 la convocatoria para la segunda edici\u00f3n de la Carrera Atl\u00e9tica por el Agua 2017, en la que invita a la poblaci\u00f3n en general a participar.<\/span><\/p>\n<p class=\"xmsonormal\" style=\"text-align: justify; background: white;\"><span style=\"font-family: 'Arial','sans-serif'; color: #212121;\">La competencia se realizar\u00e1 el pr\u00f3ximo domingo 26 de marzo partir de las 8:00 de la ma\u00f1ana. Las categor\u00edas son: Infantiles de 50 y 300 metros, juvenil de 2 kil\u00f3metros; libre varonil y femenil de 5 y 10 kil\u00f3metros.<\/span><\/p>\n<p class=\"xmsonormal\" style=\"text-align: justify; background: white;\"><span style=\"font-family: 'Arial','sans-serif'; color: #212121;\">El costo de inscripci\u00f3n es de 50 pesos, que incluye medalla, playera, n\u00famero de participaci\u00f3n y kit de hidrataci\u00f3n; los primero lugares de cada categor\u00eda tendr\u00e1n premios, en efectivo para los de 5 y 10 kil\u00f3metros y en especie para las infantiles y juveniles.<\/span><\/p>\n<p class=\"xmsonormal\" style=\"text-align: justify; background: white;\"><span style=\"font-family: 'Arial','sans-serif'; color: #212121;\">Los registros est\u00e1n abiertos desde el pasado 3 de marzo y hasta el lunes 20 del mismo mes y podr\u00e1n inscribirse en las tres sucursales del SAPAS La Piedad, en horario de oficina de lunes a viernes de 8:00 de la ma\u00f1ana a 16:00 horas de la tarde y s\u00e1bados de 9:00 de la ma\u00f1ana a 13:00 horas de la tarde.<\/span><\/p>\n<p class=\"xmsonormal\" style=\"text-align: justify; background: white;\"><span style=\"font-family: 'Arial','sans-serif'; color: #212121;\">Podr\u00e1n revisar la informaci\u00f3n con las bases, rutas, categor\u00edas, premiaci\u00f3n, fotos de la edici\u00f3n 2016 e incluso inscribirse directamente en la p\u00e1gina de internet oficial del evento:\u00a0<\/span><span style=\"font-size: 13.0pt; font-family: 'Segoe UI','sans-serif'; color: #212121;\"><a href=\"http:\/\/www.sapaslapiedad.gob.mx\/carreraporelagua\" target=\"_blank\"><span style=\"font-size: 12.0pt; font-family: 'Arial','sans-serif';\">www.sapaslapiedad.gob.mx\/carreraporelagua<\/span><\/a><\/span><span style=\"font-family: 'Arial','sans-serif'; color: #212121;\">\u00a0donde una vez realizado el pago en la sucursal bancaria se\u00f1alada, adjuntar la ficha respectiva para quedar registrado.<\/span><\/p>\n<p class=\"xmsonormal\" style=\"text-align: justify; background: white;\"><span style=\"font-family: 'Arial','sans-serif'; color: #212121;\">Cabe se\u00f1alar que el recorrido ser\u00e1 igual que el del a\u00f1o pasado, que va desde el centro de la ciudad hasta llegar a la oficina principal del SAPAS, una vuelta para los de 5 kil\u00f3metros y doble recorrido para los participantes de 10 kil\u00f3metros.<\/span><\/p>\n<p class=\"xmsonormal\" style=\"text-align: justify; background: white;\"><span style=\"font-family: 'Arial','sans-serif'; color: #212121;\">El director del organismo municipal, Jorge Rubio Olivares, extiende la invitaci\u00f3n a la poblaci\u00f3n en general, instituciones educativas de todos los niveles, asociaci\u00f3n de deportistas y corredores de la ciudad y la regi\u00f3n y a todo aquel que asisti\u00f3 a la edici\u00f3n 2016, a que se inscriba, corra y se haga part\u00edcipe de esta competencia que busca fomentar una cultura del agua a trav\u00e9s del deporte, y la convivencia familiar.<\/span><\/p>\n","protected":false},"excerpt":{"rendered":"<p>\u00a0 El Sistema de Agua Potable, Alcantarillado y Saneamiento de La Piedad (SAPAS) y en&#8230;<\/p>\n","protected":false},"author":1,"featured_media":783,"comment_status":"open","ping_status":"open","sticky":false,"template":"","format":"standard","meta":{"jetpack_post_was_ever_published":false,"_jetpack_newsletter_access":"","_jetpack_dont_email_post_to_subs":false,"_jetpack_newsletter_tier_id":0,"_jetpack_memberships_contains_paywalled_content":false,"_jetpack_memberships_contains_paid_content":false,"footnotes":"","jetpack_publicize_message":"","jetpack_publicize_feature_enabled":true,"jetpack_social_post_already_shared":false,"jetpack_social_options":{"image_generator_settings":{"template":"highway","enabled":false},"version":2}},"categories":[1],"tags":[15,36],"class_list":["post-780","post","type-post","status-publish","format-standard","has-post-thumbnail","hentry","category-la-piedad","tag-la-piedad","tag-principales"],"jetpack_publicize_connections":[],"jetpack_sharing_enabled":true,"featured_image_urls":{"full":["http:\/\/tvalaire.com\/wp-content\/uploads\/2017\/03\/SAPAS-ARRANCA-INSCRIPCIONES-A-LA-CARRERA-POR-EL-AGUA-2017.jpg",1500,1000,false],"thumbnail":["http:\/\/tvalaire.com\/wp-content\/uploads\/2017\/03\/SAPAS-ARRANCA-INSCRIPCIONES-A-LA-CARRERA-POR-EL-AGUA-2017-150x150.jpg",150,150,true],"medium":["http:\/\/tvalaire.com\/wp-content\/uploads\/2017\/03\/SAPAS-ARRANCA-INSCRIPCIONES-A-LA-CARRERA-POR-EL-AGUA-2017-300x200.jpg",300,200,true],"medium_large":["http:\/\/tvalaire.com\/wp-content\/uploads\/2017\/03\/SAPAS-ARRANCA-INSCRIPCIONES-A-LA-CARRERA-POR-EL-AGUA-2017-768x512.jpg",640,427,true],"large":["http:\/\/tvalaire.com\/wp-content\/uploads\/2017\/03\/SAPAS-ARRANCA-INSCRIPCIONES-A-LA-CARRERA-POR-EL-AGUA-2017-1024x683.jpg",640,427,true],"post-slider-thumb-size":["http:\/\/tvalaire.com\/wp-content\/uploads\/2017\/03\/SAPAS-ARRANCA-INSCRIPCIONES-A-LA-CARRERA-POR-EL-AGUA-2017.jpg",285,190,false],"post-category-slider-size":["http:\/\/tvalaire.com\/wp-content\/uploads\/2017\/03\/SAPAS-ARRANCA-INSCRIPCIONES-A-LA-CARRERA-POR-EL-AGUA-2017.jpg",330,220,false],"1536x1536":["http:\/\/tvalaire.com\/wp-content\/uploads\/2017\/03\/SAPAS-ARRANCA-INSCRIPCIONES-A-LA-CARRERA-POR-EL-AGUA-2017.jpg",1500,1000,false],"2048x2048":["http:\/\/tvalaire.com\/wp-content\/uploads\/2017\/03\/SAPAS-ARRANCA-INSCRIPCIONES-A-LA-CARRERA-POR-EL-AGUA-2017.jpg",1500,1000,false],"newsium-slider-full":["http:\/\/tvalaire.com\/wp-content\/uploads\/2017\/03\/SAPAS-ARRANCA-INSCRIPCIONES-A-LA-CARRERA-POR-EL-AGUA-2017.jpg",1268,845,false],"newsium-featured":["http:\/\/tvalaire.com\/wp-content\/uploads\/2017\/03\/SAPAS-ARRANCA-INSCRIPCIONES-A-LA-CARRERA-POR-EL-AGUA-2017.jpg",1024,683,false],"newsium-medium":["http:\/\/tvalaire.com\/wp-content\/uploads\/2017\/03\/SAPAS-ARRANCA-INSCRIPCIONES-A-LA-CARRERA-POR-EL-AGUA-2017.jpg",713,475,false]},"author_info":{"info":["tvalairenoti"]},"category_info":"<a href=\"http:\/\/tvalaire.com\/?cat=1\" rel=\"category\">La Piedad<\/a>","tag_info":"La Piedad","comment_count":"0","jetpack_featured_media_url":"http:\/\/tvalaire.com\/wp-content\/uploads\/2017\/03\/SAPAS-ARRANCA-INSCRIPCIONES-A-LA-CARRERA-POR-EL-AGUA-2017.jpg","_links":{"self":[{"href":"http:\/\/tvalaire.com\/index.php?rest_route=\/wp\/v2\/posts\/780"}],"collection":[{"href":"http:\/\/tvalaire.com\/index.php?rest_route=\/wp\/v2\/posts"}],"about":[{"href":"http:\/\/tvalaire.com\/index.php?rest_route=\/wp\/v2\/types\/post"}],"author":[{"embeddable":true,"href":"http:\/\/tvalaire.com\/index.php?rest_route=\/wp\/v2\/users\/1"}],"replies":[{"embeddable":true,"href":"http:\/\/tvalaire.com\/index.php?rest_route=%2Fwp%2Fv2%2Fcomments&post=780"}],"version-history":[{"count":1,"href":"http:\/\/tvalaire.com\/index.php?rest_route=\/wp\/v2\/posts\/780\/revisions"}],"predecessor-version":[{"id":784,"href":"http:\/\/tvalaire.com\/index.php?rest_route=\/wp\/v2\/posts\/780\/revisions\/784"}],"wp:featuredmedia":[{"embeddable":true,"href":"http:\/\/tvalaire.com\/index.php?rest_route=\/wp\/v2\/media\/783"}],"wp:attachment":[{"href":"http:\/\/tvalaire.com\/index.php?rest_route=%2Fwp%2Fv2%2Fmedia&parent=780"}],"wp:term":[{"taxonomy":"category","embeddable":true,"href":"http:\/\/tvalaire.com\/index.php?rest_route=%2Fwp%2Fv2%2Fcategories&post=780"},{"taxonomy":"post_tag","embeddable":true,"href":"http:\/\/tvalaire.com\/index.php?rest_route=%2Fwp%2Fv2%2Ftags&post=780"}],"curies":[{"name":"wp","href":"https:\/\/api.w.org\/{rel}","templated":true}]}}