{"id":7764,"date":"2020-08-31T10:51:00","date_gmt":"2020-08-31T15:51:00","guid":{"rendered":"http:\/\/tvalaire.com\/?p=7764"},"modified":"2020-09-01T10:54:01","modified_gmt":"2020-09-01T15:54:01","slug":"amplian-capacidad-del-drenaje-pluvial-en-fraccionamiento-cuitzillo-y-ensueno","status":"publish","type":"post","link":"http:\/\/tvalaire.com\/?p=7764","title":{"rendered":"AMPL\u00cdAN CAPACIDAD DEL DRENAJE PLUVIAL EN FRACCIONAMIENTO CUITZILLO Y ENSUE\u00d1O"},"content":{"rendered":"\n<p><\/p>\n\n\n\n<ul class=\"wp-block-list\"><li><strong>SAPAS\ny Obras P\u00fablicas trabajan en conjunto en las acciones<\/strong><\/li><li><strong>Esperan\nlas actividades queden listas a la brevedad posible <\/strong><\/li><\/ul>\n\n\n\n<p>Luego de haber controlado\nlos encharcamientosque gener\u00f3 la tormenta registrada en la madrugada de este\ndomingo en los fraccionamientos El Cuitzillo y El\nEnsue\u00f1o, Obras P\u00fablicas y SAPAS, trabajan en colaboraci\u00f3n para llevar a cabo\ntrabajos de mitigaci\u00f3n de da\u00f1os.<\/p>\n\n\n\n<p>Uno de los trabajos\nconsisti\u00f3 en abrir un canal que cruzara porel camino que conduce a estos\nfraccionamientos para permitir que el agua desfogara y disminuir el nivel del\nagua pluvial.&nbsp; <\/p>\n\n\n\n<p>Jos\u00e9 Luis Melgoza,\nsubdirector de Obras P\u00fablicas inform\u00f3 que el problema se origin\u00f3 por latormenta\ndel pasado domingo la cual provoc\u00f3 se acumulara el agua a espaldas del\nfraccionamiento El Cuitzillo, as\u00ed como un bloqueo por basura del tubo de\ndesag\u00fce.<\/p>\n\n\n\n<p>En la parte de El Ensue\u00f1o, las\nafectaciones tambi\u00e9n tuvieron que ver con la basura, pues el canal de desag\u00fce\nestaba bloqueado con gran cantidad la cual en su momento se retir\u00f3. <\/p>\n\n\n\n<p>El funcionario mencion\u00f3 que\ndentro de las acciones ya se plantean los trabajos para colocar tubos con una m\u00e1s\ncircunferencia y as\u00ed poder desfogar la mayor cantidad posible de metros c\u00fabicos\nde agua. <\/p>\n\n\n\n<p>Durante los trabajos que se\nestar\u00e1n realizando en uno de los tramos del camino que conduce a estas zonas\nhabitacionales, se invita a la poblaci\u00f3n a ser pacientes y considerar v\u00edas\nalternas por el lado de la colonia Melchor Ocampo o por el lado de la comunidad\nde R\u00edo Grande.&nbsp; <\/p>\n\n\n\n<p>As\u00ed mismo dijo que por\ninstrucciones de nuestro alcalde Alex Espinoza, la direcci\u00f3n de Obras P\u00fablicas\nen colaboraci\u00f3n con otras dependencias de Gobierno permanecer\u00e1n pendientes a\ncualquier situaci\u00f3n. <\/p>\n","protected":false},"excerpt":{"rendered":"<p>SAPAS y Obras P\u00fablicas trabajan en conjunto en las acciones Esperan las actividades queden listas&#8230;<\/p>\n","protected":false},"author":1,"featured_media":7765,"comment_status":"open","ping_status":"open","sticky":false,"template":"","format":"standard","meta":{"jetpack_post_was_ever_published":false,"_jetpack_newsletter_access":"","_jetpack_dont_email_post_to_subs":false,"_jetpack_newsletter_tier_id":0,"_jetpack_memberships_contains_paywalled_content":false,"_jetpack_memberships_contains_paid_content":false,"footnotes":"","jetpack_publicize_message":"","jetpack_publicize_feature_enabled":true,"jetpack_social_post_already_shared":false,"jetpack_social_options":{"image_generator_settings":{"template":"highway","enabled":false},"version":2}},"categories":[1],"tags":[15],"class_list":["post-7764","post","type-post","status-publish","format-standard","has-post-thumbnail","hentry","category-la-piedad","tag-la-piedad"],"jetpack_publicize_connections":[],"jetpack_sharing_enabled":true,"featured_image_urls":{"full":["http:\/\/tvalaire.com\/wp-content\/uploads\/2020\/09\/1-3-1.jpeg",1280,720,false],"thumbnail":["http:\/\/tvalaire.com\/wp-content\/uploads\/2020\/09\/1-3-1-150x150.jpeg",150,150,true],"medium":["http:\/\/tvalaire.com\/wp-content\/uploads\/2020\/09\/1-3-1-300x169.jpeg",300,169,true],"medium_large":["http:\/\/tvalaire.com\/wp-content\/uploads\/2020\/09\/1-3-1-768x432.jpeg",640,360,true],"large":["http:\/\/tvalaire.com\/wp-content\/uploads\/2020\/09\/1-3-1-1024x576.jpeg",640,360,true],"post-slider-thumb-size":["http:\/\/tvalaire.com\/wp-content\/uploads\/2020\/09\/1-3-1-330x190.jpeg",330,190,true],"post-category-slider-size":["http:\/\/tvalaire.com\/wp-content\/uploads\/2020\/09\/1-3-1.jpeg",330,186,false],"1536x1536":["http:\/\/tvalaire.com\/wp-content\/uploads\/2020\/09\/1-3-1.jpeg",1280,720,false],"2048x2048":["http:\/\/tvalaire.com\/wp-content\/uploads\/2020\/09\/1-3-1.jpeg",1280,720,false],"newsium-slider-full":["http:\/\/tvalaire.com\/wp-content\/uploads\/2020\/09\/1-3-1.jpeg",1280,720,false],"newsium-featured":["http:\/\/tvalaire.com\/wp-content\/uploads\/2020\/09\/1-3-1-1024x576.jpeg",1024,576,true],"newsium-medium":["http:\/\/tvalaire.com\/wp-content\/uploads\/2020\/09\/1-3-1-720x475.jpeg",720,475,true]},"author_info":{"info":["tvalairenoti"]},"category_info":"<a href=\"http:\/\/tvalaire.com\/?cat=1\" rel=\"category\">La Piedad<\/a>","tag_info":"La Piedad","comment_count":"0","jetpack_featured_media_url":"http:\/\/tvalaire.com\/wp-content\/uploads\/2020\/09\/1-3-1.jpeg","_links":{"self":[{"href":"http:\/\/tvalaire.com\/index.php?rest_route=\/wp\/v2\/posts\/7764"}],"collection":[{"href":"http:\/\/tvalaire.com\/index.php?rest_route=\/wp\/v2\/posts"}],"about":[{"href":"http:\/\/tvalaire.com\/index.php?rest_route=\/wp\/v2\/types\/post"}],"author":[{"embeddable":true,"href":"http:\/\/tvalaire.com\/index.php?rest_route=\/wp\/v2\/users\/1"}],"replies":[{"embeddable":true,"href":"http:\/\/tvalaire.com\/index.php?rest_route=%2Fwp%2Fv2%2Fcomments&post=7764"}],"version-history":[{"count":1,"href":"http:\/\/tvalaire.com\/index.php?rest_route=\/wp\/v2\/posts\/7764\/revisions"}],"predecessor-version":[{"id":7766,"href":"http:\/\/tvalaire.com\/index.php?rest_route=\/wp\/v2\/posts\/7764\/revisions\/7766"}],"wp:featuredmedia":[{"embeddable":true,"href":"http:\/\/tvalaire.com\/index.php?rest_route=\/wp\/v2\/media\/7765"}],"wp:attachment":[{"href":"http:\/\/tvalaire.com\/index.php?rest_route=%2Fwp%2Fv2%2Fmedia&parent=7764"}],"wp:term":[{"taxonomy":"category","embeddable":true,"href":"http:\/\/tvalaire.com\/index.php?rest_route=%2Fwp%2Fv2%2Fcategories&post=7764"},{"taxonomy":"post_tag","embeddable":true,"href":"http:\/\/tvalaire.com\/index.php?rest_route=%2Fwp%2Fv2%2Ftags&post=7764"}],"curies":[{"name":"wp","href":"https:\/\/api.w.org\/{rel}","templated":true}]}}