{"id":7748,"date":"2020-08-27T17:33:51","date_gmt":"2020-08-27T22:33:51","guid":{"rendered":"http:\/\/tvalaire.com\/?p=7748"},"modified":"2020-08-27T17:33:53","modified_gmt":"2020-08-27T22:33:53","slug":"presentacion-de-candidatas-a-reina-de-fiestas-patrias-sera-virtual","status":"publish","type":"post","link":"http:\/\/tvalaire.com\/?p=7748","title":{"rendered":"PRESENTACI\u00d3N DE CANDIDATAS A REINA DE FIESTAS PATRIAS SER\u00c1 VIRTUAL"},"content":{"rendered":"\n<p><\/p>\n\n\n\n<ul class=\"wp-block-list\"><li><strong>Transmisi\u00f3n\npor redes sociales este domingo a partir de las 20:30<\/strong><\/li><li><strong>Son\ncinco las jovencitas que aspiran a obtener el t\u00edtulo<\/strong><\/li><\/ul>\n\n\n\n<p>Debido a que todos los eventos\nmasivos de septiembre fueron cancelados por la pandemia, el Gobierno Municipal\na trav\u00e9s del Comit\u00e9 de Festejos Patrios informa que s\u00ed habr\u00e1 elecci\u00f3n para\nReina de Fiestas Patrias la cual se realizar\u00e1 de forma virtuala puerta cerrada y\ncon poco p\u00fablico.<\/p>\n\n\n\n<p>La presentaci\u00f3n de las\ncandidatas se llevar\u00e1 a cabo el domingo 30 de agosto a las 8:30 de la noche en\nla Escuela de Artes y se transmitir\u00e1 a trav\u00e9s de la p\u00e1gina de Facebook de La\nPiedad Municipio.<\/p>\n\n\n\n<p>En esta ocasi\u00f3n se\nregistraron cinco jovencitas que son: Regina Meza; Ilian Acevedo; Gaby Gonz\u00e1lez;\nCarolina Gonz\u00e1lez y Anayeli Maya, de las cuales una de ellas ser\u00e1 electa el\npr\u00f3ximo 14 de septiembre en un evento que tambi\u00e9n ser\u00e1 virtual. <\/p>\n\n\n\n<p>Para ello, el Gobierno\nMunicipal hace una invitaci\u00f3n a la poblaci\u00f3n a estar pendiente de esta\ntransmisi\u00f3n para que conozcan m\u00e1s detalles de las participantes y las puedan\napoyar en su aspiraci\u00f3n para ser la representante de las festividades patrias\nde este a\u00f1o en La Piedad.<\/p>\n\n\n\n<p>En este evento de\npresentaci\u00f3n de candidatas, tambi\u00e9n se contar\u00e1 con la presencia de la reina\nsaliente, Mar\u00eda Guadalupe Andrade Mart\u00ednez, as\u00ed como Celeste Ram\u00edrez y\nElizabeth N\u00fa\u00f1ez primera y segunda princesa respectivamente.<\/p>\n\n\n\n<p>Ana Raquel Salazar,\ndirectora del DIF Municipal e integrante del Comit\u00e9 de Festejos Patrios, indic\u00f3\nque la forma de elecci\u00f3n el 14 de septiembre ser\u00e1 mediante jurado y su\nresultado ser\u00e1 inapelable.<\/p>\n\n\n\n<p>En ese mismo evento, se\nllevar\u00e1 a cabo la coronaci\u00f3n de la reina del Adulto Mayor, la cual se realizar\u00e1\nmediante likes, a partir de que las im\u00e1genes de las participantes se muestren\nen la p\u00e1gina de Facebook de DIF La Piedad ma\u00f1ana viernes.<\/p>\n\n\n\n<p>La coronaci\u00f3n de la Reina\ndel Adulto Mayor se realizar\u00e1 a su vez, el 14 de septiembre en uno de los\nintermedios de la presentaci\u00f3n y coronaci\u00f3n de la Reina de Fiestas Patrias.<\/p>\n","protected":false},"excerpt":{"rendered":"<p>Transmisi\u00f3n por redes sociales este domingo a partir de las 20:30 Son cinco las jovencitas&#8230;<\/p>\n","protected":false},"author":1,"featured_media":7749,"comment_status":"open","ping_status":"open","sticky":false,"template":"","format":"standard","meta":{"jetpack_post_was_ever_published":false,"_jetpack_newsletter_access":"","_jetpack_dont_email_post_to_subs":false,"_jetpack_newsletter_tier_id":0,"_jetpack_memberships_contains_paywalled_content":false,"_jetpack_memberships_contains_paid_content":false,"footnotes":"","jetpack_publicize_message":"","jetpack_publicize_feature_enabled":true,"jetpack_social_post_already_shared":false,"jetpack_social_options":{"image_generator_settings":{"template":"highway","enabled":false},"version":2}},"categories":[1],"tags":[15],"class_list":["post-7748","post","type-post","status-publish","format-standard","has-post-thumbnail","hentry","category-la-piedad","tag-la-piedad"],"jetpack_publicize_connections":[],"jetpack_sharing_enabled":true,"featured_image_urls":{"full":["http:\/\/tvalaire.com\/wp-content\/uploads\/2020\/08\/1-12.jpeg",1280,1280,false],"thumbnail":["http:\/\/tvalaire.com\/wp-content\/uploads\/2020\/08\/1-12-150x150.jpeg",150,150,true],"medium":["http:\/\/tvalaire.com\/wp-content\/uploads\/2020\/08\/1-12-300x300.jpeg",300,300,true],"medium_large":["http:\/\/tvalaire.com\/wp-content\/uploads\/2020\/08\/1-12-768x768.jpeg",640,640,true],"large":["http:\/\/tvalaire.com\/wp-content\/uploads\/2020\/08\/1-12-1024x1024.jpeg",640,640,true],"post-slider-thumb-size":["http:\/\/tvalaire.com\/wp-content\/uploads\/2020\/08\/1-12-330x190.jpeg",330,190,true],"post-category-slider-size":["http:\/\/tvalaire.com\/wp-content\/uploads\/2020\/08\/1-12.jpeg",330,330,false],"1536x1536":["http:\/\/tvalaire.com\/wp-content\/uploads\/2020\/08\/1-12.jpeg",1280,1280,false],"2048x2048":["http:\/\/tvalaire.com\/wp-content\/uploads\/2020\/08\/1-12.jpeg",1280,1280,false],"newsium-slider-full":["http:\/\/tvalaire.com\/wp-content\/uploads\/2020\/08\/1-12-1280x845.jpeg",1280,845,true],"newsium-featured":["http:\/\/tvalaire.com\/wp-content\/uploads\/2020\/08\/1-12-1024x1024.jpeg",1024,1024,true],"newsium-medium":["http:\/\/tvalaire.com\/wp-content\/uploads\/2020\/08\/1-12-720x475.jpeg",720,475,true]},"author_info":{"info":["tvalairenoti"]},"category_info":"<a href=\"http:\/\/tvalaire.com\/?cat=1\" rel=\"category\">La Piedad<\/a>","tag_info":"La Piedad","comment_count":"0","jetpack_featured_media_url":"http:\/\/tvalaire.com\/wp-content\/uploads\/2020\/08\/1-12.jpeg","_links":{"self":[{"href":"http:\/\/tvalaire.com\/index.php?rest_route=\/wp\/v2\/posts\/7748"}],"collection":[{"href":"http:\/\/tvalaire.com\/index.php?rest_route=\/wp\/v2\/posts"}],"about":[{"href":"http:\/\/tvalaire.com\/index.php?rest_route=\/wp\/v2\/types\/post"}],"author":[{"embeddable":true,"href":"http:\/\/tvalaire.com\/index.php?rest_route=\/wp\/v2\/users\/1"}],"replies":[{"embeddable":true,"href":"http:\/\/tvalaire.com\/index.php?rest_route=%2Fwp%2Fv2%2Fcomments&post=7748"}],"version-history":[{"count":1,"href":"http:\/\/tvalaire.com\/index.php?rest_route=\/wp\/v2\/posts\/7748\/revisions"}],"predecessor-version":[{"id":7750,"href":"http:\/\/tvalaire.com\/index.php?rest_route=\/wp\/v2\/posts\/7748\/revisions\/7750"}],"wp:featuredmedia":[{"embeddable":true,"href":"http:\/\/tvalaire.com\/index.php?rest_route=\/wp\/v2\/media\/7749"}],"wp:attachment":[{"href":"http:\/\/tvalaire.com\/index.php?rest_route=%2Fwp%2Fv2%2Fmedia&parent=7748"}],"wp:term":[{"taxonomy":"category","embeddable":true,"href":"http:\/\/tvalaire.com\/index.php?rest_route=%2Fwp%2Fv2%2Fcategories&post=7748"},{"taxonomy":"post_tag","embeddable":true,"href":"http:\/\/tvalaire.com\/index.php?rest_route=%2Fwp%2Fv2%2Ftags&post=7748"}],"curies":[{"name":"wp","href":"https:\/\/api.w.org\/{rel}","templated":true}]}}