{"id":7745,"date":"2020-08-27T17:28:26","date_gmt":"2020-08-27T22:28:26","guid":{"rendered":"http:\/\/tvalaire.com\/?p=7745"},"modified":"2020-08-27T17:28:36","modified_gmt":"2020-08-27T22:28:36","slug":"inician-talleres-en-la-escuela-de-artes","status":"publish","type":"post","link":"http:\/\/tvalaire.com\/?p=7745","title":{"rendered":"INICIAN TALLERES EN LA ESCUELA DE ARTES"},"content":{"rendered":"\n<p><\/p>\n\n\n\n<ul class=\"wp-block-list\"><li><strong>A\npartir de las 5:00 a las 7:00 de la tarde <\/strong><\/li><li><strong>Las\nclases son presenciales, pero con las medidas de higiene <\/strong><\/li><\/ul>\n\n\n\n<p>Bajo estrictas medidas de\ncontrol sanitario, el Gobierno Municipal a trav\u00e9s de la direcci\u00f3n de Cultura inici\u00f3\ncon un programa que consta de cuatro talleres en la Escuela de Artes.<\/p>\n\n\n\n<p>Guillermo Rico Romero,\ntitular de Cultura inform\u00f3 que las clases son presenciales y se desarrollan por\nlas tardes a partir de las 5:00 a las 7:00 de la tarde, con un cupo limitado y\natendido todas las medidas de salubridad.<\/p>\n\n\n\n<p>Los talleres que se abrieron\nson en piano, dibujo, viol\u00edn y canto, en las cuales los asistentes podr\u00e1n\nobtener las herramientas necesarias para conocer de manera amplia las t\u00e9cnicas\nque deben utilizar.<\/p>\n\n\n\n<p>Mencion\u00f3 que al abrir los\ntalleres presenciales, tuvieron que realizar adecuaciones y poner en marcha el\nProtocolo de Regreso Seguro a Clases marcado por la Secretar\u00eda de Educaci\u00f3n\nP\u00fablica y de Salud, la cual establece limpieza y desinfecci\u00f3n de cada espacio\nutilizado como sal\u00f3n; la limpieza de las superficies como bancas, sillas,\nmesas, butacas, archiveros y ventanas de manera frecuente.<\/p>\n\n\n\n<p>En el caso de los materiales\ny herramientas de trabajo, aplicar las mismas medidas de desinfecci\u00f3n al\nt\u00e9rmino de cada uso.<\/p>\n\n\n\n<p>En las aulas educativas,\ncuentan con los espacios marcados con la sana distancia, con el fin de evitar\nel contacto f\u00edsico y se mantiene como obligatorio el uso del cubrebocas o\nmascarilla de acr\u00edlico. No compartir, ni recibir alimentos, evitar prestar\nart\u00edculos escolares y est\u00e1 prohibido llevarse a la boca materiales como\nl\u00e1pices, plumas, borradores, entre otros que pudieran servir como medio de\nacarreo del virus a su organismo.<\/p>\n\n\n\n<p>Dentro de las instalaciones\nest\u00e1 garantizado el acceso a jab\u00f3n antibacterial y garantizar la sana\ndistancia, as\u00ed como recreos escalonados, lugares fijos asignados para los\nalumnos, y una asistencia alternada a la escuela durante el taller maximizando\nlos espacios abiertos.<\/p>\n","protected":false},"excerpt":{"rendered":"<p>A partir de las 5:00 a las 7:00 de la tarde Las clases son presenciales,&#8230;<\/p>\n","protected":false},"author":1,"featured_media":7746,"comment_status":"open","ping_status":"open","sticky":false,"template":"","format":"standard","meta":{"jetpack_post_was_ever_published":false,"_jetpack_newsletter_access":"","_jetpack_dont_email_post_to_subs":false,"_jetpack_newsletter_tier_id":0,"_jetpack_memberships_contains_paywalled_content":false,"_jetpack_memberships_contains_paid_content":false,"footnotes":"","jetpack_publicize_message":"","jetpack_publicize_feature_enabled":true,"jetpack_social_post_already_shared":false,"jetpack_social_options":{"image_generator_settings":{"template":"highway","enabled":false},"version":2}},"categories":[1],"tags":[15],"class_list":["post-7745","post","type-post","status-publish","format-standard","has-post-thumbnail","hentry","category-la-piedad","tag-la-piedad"],"jetpack_publicize_connections":[],"jetpack_sharing_enabled":true,"featured_image_urls":{"full":["http:\/\/tvalaire.com\/wp-content\/uploads\/2020\/08\/1-3-15.jpeg",1280,720,false],"thumbnail":["http:\/\/tvalaire.com\/wp-content\/uploads\/2020\/08\/1-3-15-150x150.jpeg",150,150,true],"medium":["http:\/\/tvalaire.com\/wp-content\/uploads\/2020\/08\/1-3-15-300x169.jpeg",300,169,true],"medium_large":["http:\/\/tvalaire.com\/wp-content\/uploads\/2020\/08\/1-3-15-768x432.jpeg",640,360,true],"large":["http:\/\/tvalaire.com\/wp-content\/uploads\/2020\/08\/1-3-15-1024x576.jpeg",640,360,true],"post-slider-thumb-size":["http:\/\/tvalaire.com\/wp-content\/uploads\/2020\/08\/1-3-15-330x190.jpeg",330,190,true],"post-category-slider-size":["http:\/\/tvalaire.com\/wp-content\/uploads\/2020\/08\/1-3-15.jpeg",330,186,false],"1536x1536":["http:\/\/tvalaire.com\/wp-content\/uploads\/2020\/08\/1-3-15.jpeg",1280,720,false],"2048x2048":["http:\/\/tvalaire.com\/wp-content\/uploads\/2020\/08\/1-3-15.jpeg",1280,720,false],"newsium-slider-full":["http:\/\/tvalaire.com\/wp-content\/uploads\/2020\/08\/1-3-15.jpeg",1280,720,false],"newsium-featured":["http:\/\/tvalaire.com\/wp-content\/uploads\/2020\/08\/1-3-15-1024x576.jpeg",1024,576,true],"newsium-medium":["http:\/\/tvalaire.com\/wp-content\/uploads\/2020\/08\/1-3-15-720x475.jpeg",720,475,true]},"author_info":{"info":["tvalairenoti"]},"category_info":"<a href=\"http:\/\/tvalaire.com\/?cat=1\" rel=\"category\">La Piedad<\/a>","tag_info":"La Piedad","comment_count":"0","jetpack_featured_media_url":"http:\/\/tvalaire.com\/wp-content\/uploads\/2020\/08\/1-3-15.jpeg","_links":{"self":[{"href":"http:\/\/tvalaire.com\/index.php?rest_route=\/wp\/v2\/posts\/7745"}],"collection":[{"href":"http:\/\/tvalaire.com\/index.php?rest_route=\/wp\/v2\/posts"}],"about":[{"href":"http:\/\/tvalaire.com\/index.php?rest_route=\/wp\/v2\/types\/post"}],"author":[{"embeddable":true,"href":"http:\/\/tvalaire.com\/index.php?rest_route=\/wp\/v2\/users\/1"}],"replies":[{"embeddable":true,"href":"http:\/\/tvalaire.com\/index.php?rest_route=%2Fwp%2Fv2%2Fcomments&post=7745"}],"version-history":[{"count":1,"href":"http:\/\/tvalaire.com\/index.php?rest_route=\/wp\/v2\/posts\/7745\/revisions"}],"predecessor-version":[{"id":7747,"href":"http:\/\/tvalaire.com\/index.php?rest_route=\/wp\/v2\/posts\/7745\/revisions\/7747"}],"wp:featuredmedia":[{"embeddable":true,"href":"http:\/\/tvalaire.com\/index.php?rest_route=\/wp\/v2\/media\/7746"}],"wp:attachment":[{"href":"http:\/\/tvalaire.com\/index.php?rest_route=%2Fwp%2Fv2%2Fmedia&parent=7745"}],"wp:term":[{"taxonomy":"category","embeddable":true,"href":"http:\/\/tvalaire.com\/index.php?rest_route=%2Fwp%2Fv2%2Fcategories&post=7745"},{"taxonomy":"post_tag","embeddable":true,"href":"http:\/\/tvalaire.com\/index.php?rest_route=%2Fwp%2Fv2%2Ftags&post=7745"}],"curies":[{"name":"wp","href":"https:\/\/api.w.org\/{rel}","templated":true}]}}