{"id":7739,"date":"2020-08-26T15:25:12","date_gmt":"2020-08-26T20:25:12","guid":{"rendered":"http:\/\/tvalaire.com\/?p=7739"},"modified":"2020-08-26T15:25:14","modified_gmt":"2020-08-26T20:25:14","slug":"abren-al-publico-area-de-computacion-y-tv-para-clases","status":"publish","type":"post","link":"http:\/\/tvalaire.com\/?p=7739","title":{"rendered":"ABREN AL P\u00daBLICO \u00c1REA DE COMPUTACI\u00d3N Y TV PARA CLASES"},"content":{"rendered":"\n<p><\/p>\n\n\n\n<ul class=\"wp-block-list\"><li><strong>En\natenci\u00f3n para quien no cuente con internet<\/strong><\/li><li><strong>Pueden\nacudir a la biblioteca \u201cJos\u00e9 Hern\u00e1ndez Moreno\u201d<\/strong><\/li><\/ul>\n\n\n\n<p>El Gobierno Municipal a\ntrav\u00e9s de la coordinaci\u00f3n de Bibliotecas, puso en marcha el programa \u201cRegreso a\nClases Aprende en Casa 2\u201d, mediante el cual estudiantes del nivel b\u00e1sico que no\ncuenten con las herramientas tecnol\u00f3gicas ni se\u00f1al de televisi\u00f3n para seguir\nsus clases, puedan hacerlo en el acervo cultural, \u201cJos\u00e9 Hern\u00e1ndez Moreno\u201d.<\/p>\n\n\n\n<p>Francisco R\u00edos, coordinador\nde bibliotecas inform\u00f3 que debido a las condiciones sanitarias por las que se\nvive en el mundo, el n\u00famero de alumnos que podr\u00edan recibir es limitado, puesto\nque en este espacio cuentan \u00fanicamente con 6 computadoras, mismas que puso a\ndisposici\u00f3n de aquellos ni\u00f1os que no cuenten con este tipo de herramienta\ndigital para seguir sus clases.<\/p>\n\n\n\n<p>Coment\u00f3 que abrir\u00e1n tambi\u00e9n\nel servicio de Wi-Fi, para quienes cuenten con Tablet o laptop y requieran de\nesta se\u00f1al o bien, acaban de obtener una antena para sintonizar la se\u00f1al de\ntelevisi\u00f3n, por tanto,transmitir\u00e1n las clases a quienes\ndeseen hacerlo de esta forma, para los cuales cuentan con espacio y mobiliario\npara atender hasta 15 ni\u00f1os de Primaria o Secundaria.<\/p>\n\n\n\n<p>Francisco R\u00edos pidi\u00f3 a los\npadres de familia que requieran ya sea del \u00e1rea de computaci\u00f3n, televisi\u00f3n o la\nse\u00f1al de Wi-Fi, que lleve o env\u00eden a sus hijos, pero con la supervisi\u00f3n de un\nadulto y, sobre todo, pedirles acatar las medidas sanitarias utilizando en todo\nmomento el cubrebocas y respetar las \u00e1reas de sana distancia dentro del\ninmueble.<\/p>\n\n\n\n<p>La biblioteca \u201cJos\u00e9\nHern\u00e1ndez Moreno\u201d, se encuentra ubicada en la calle Pino Su\u00e1rez #500 a un\ncostado del Parque Morelos.<\/p>\n","protected":false},"excerpt":{"rendered":"<p>En atenci\u00f3n para quien no cuente con internet Pueden acudir a la biblioteca \u201cJos\u00e9 Hern\u00e1ndez&#8230;<\/p>\n","protected":false},"author":1,"featured_media":7740,"comment_status":"open","ping_status":"open","sticky":false,"template":"","format":"standard","meta":{"jetpack_post_was_ever_published":false,"_jetpack_newsletter_access":"","_jetpack_dont_email_post_to_subs":false,"_jetpack_newsletter_tier_id":0,"_jetpack_memberships_contains_paywalled_content":false,"_jetpack_memberships_contains_paid_content":false,"footnotes":"","jetpack_publicize_message":"","jetpack_publicize_feature_enabled":true,"jetpack_social_post_already_shared":false,"jetpack_social_options":{"image_generator_settings":{"template":"highway","enabled":false},"version":2}},"categories":[1],"tags":[15],"class_list":["post-7739","post","type-post","status-publish","format-standard","has-post-thumbnail","hentry","category-la-piedad","tag-la-piedad"],"jetpack_publicize_connections":[],"jetpack_sharing_enabled":true,"featured_image_urls":{"full":["http:\/\/tvalaire.com\/wp-content\/uploads\/2020\/08\/1-2-13.jpeg",1280,960,false],"thumbnail":["http:\/\/tvalaire.com\/wp-content\/uploads\/2020\/08\/1-2-13-150x150.jpeg",150,150,true],"medium":["http:\/\/tvalaire.com\/wp-content\/uploads\/2020\/08\/1-2-13-300x225.jpeg",300,225,true],"medium_large":["http:\/\/tvalaire.com\/wp-content\/uploads\/2020\/08\/1-2-13-768x576.jpeg",640,480,true],"large":["http:\/\/tvalaire.com\/wp-content\/uploads\/2020\/08\/1-2-13-1024x768.jpeg",640,480,true],"post-slider-thumb-size":["http:\/\/tvalaire.com\/wp-content\/uploads\/2020\/08\/1-2-13-330x190.jpeg",330,190,true],"post-category-slider-size":["http:\/\/tvalaire.com\/wp-content\/uploads\/2020\/08\/1-2-13.jpeg",330,248,false],"1536x1536":["http:\/\/tvalaire.com\/wp-content\/uploads\/2020\/08\/1-2-13.jpeg",1280,960,false],"2048x2048":["http:\/\/tvalaire.com\/wp-content\/uploads\/2020\/08\/1-2-13.jpeg",1280,960,false],"newsium-slider-full":["http:\/\/tvalaire.com\/wp-content\/uploads\/2020\/08\/1-2-13-1280x845.jpeg",1280,845,true],"newsium-featured":["http:\/\/tvalaire.com\/wp-content\/uploads\/2020\/08\/1-2-13-1024x768.jpeg",1024,768,true],"newsium-medium":["http:\/\/tvalaire.com\/wp-content\/uploads\/2020\/08\/1-2-13-720x475.jpeg",720,475,true]},"author_info":{"info":["tvalairenoti"]},"category_info":"<a href=\"http:\/\/tvalaire.com\/?cat=1\" rel=\"category\">La Piedad<\/a>","tag_info":"La Piedad","comment_count":"0","jetpack_featured_media_url":"http:\/\/tvalaire.com\/wp-content\/uploads\/2020\/08\/1-2-13.jpeg","_links":{"self":[{"href":"http:\/\/tvalaire.com\/index.php?rest_route=\/wp\/v2\/posts\/7739"}],"collection":[{"href":"http:\/\/tvalaire.com\/index.php?rest_route=\/wp\/v2\/posts"}],"about":[{"href":"http:\/\/tvalaire.com\/index.php?rest_route=\/wp\/v2\/types\/post"}],"author":[{"embeddable":true,"href":"http:\/\/tvalaire.com\/index.php?rest_route=\/wp\/v2\/users\/1"}],"replies":[{"embeddable":true,"href":"http:\/\/tvalaire.com\/index.php?rest_route=%2Fwp%2Fv2%2Fcomments&post=7739"}],"version-history":[{"count":1,"href":"http:\/\/tvalaire.com\/index.php?rest_route=\/wp\/v2\/posts\/7739\/revisions"}],"predecessor-version":[{"id":7741,"href":"http:\/\/tvalaire.com\/index.php?rest_route=\/wp\/v2\/posts\/7739\/revisions\/7741"}],"wp:featuredmedia":[{"embeddable":true,"href":"http:\/\/tvalaire.com\/index.php?rest_route=\/wp\/v2\/media\/7740"}],"wp:attachment":[{"href":"http:\/\/tvalaire.com\/index.php?rest_route=%2Fwp%2Fv2%2Fmedia&parent=7739"}],"wp:term":[{"taxonomy":"category","embeddable":true,"href":"http:\/\/tvalaire.com\/index.php?rest_route=%2Fwp%2Fv2%2Fcategories&post=7739"},{"taxonomy":"post_tag","embeddable":true,"href":"http:\/\/tvalaire.com\/index.php?rest_route=%2Fwp%2Fv2%2Ftags&post=7739"}],"curies":[{"name":"wp","href":"https:\/\/api.w.org\/{rel}","templated":true}]}}