{"id":7679,"date":"2020-08-19T14:36:00","date_gmt":"2020-08-19T19:36:00","guid":{"rendered":"http:\/\/tvalaire.com\/?p=7679"},"modified":"2020-08-20T14:37:06","modified_gmt":"2020-08-20T19:37:06","slug":"esta-por-termina-recepcion-de-solicitudes-para-becas-de-primaria","status":"publish","type":"post","link":"http:\/\/tvalaire.com\/?p=7679","title":{"rendered":"EST\u00c1 POR TERMINA RECEPCI\u00d3N DE SOLICITUDES PARA BECAS DE PRIMARIA"},"content":{"rendered":"\n<p><\/p>\n\n\n\n<ul class=\"wp-block-list\"><li><strong>Pr\u00f3xima\nsemana recibir\u00e1n solo solicitudes para beca de Secundaria<\/strong><\/li><li><strong>Viernes\n21 \u00faltimo d\u00eda para recibir la documentaci\u00f3n <\/strong><\/li><\/ul>\n\n\n\n<p>La recepci\u00f3n de solicitudes\npara la obtenci\u00f3n de una beca para alumnos de Primaria concluir\u00e1 este pr\u00f3ximo\nviernes; la siguiente semana \u00fanicamente realizar\u00e1n tr\u00e1mites para la obtenci\u00f3n\nde este est\u00edmulo a adolescentes de Secundaria.<\/p>\n\n\n\n<p>Horacio Mart\u00edn S\u00e1nchez Molina,\ndirector de Educaci\u00f3n reconoci\u00f3 la actitud de las personas que hasta el d\u00eda de\nhoy han acudido a iniciar tr\u00e1mites para la obtenci\u00f3n de una beca econ\u00f3mica para\nlos ni\u00f1os de Primaria, ya que ha sido de mucho respeto y acatamiento a las\nmedidas de sana distancia implementadas para evitar aglomeraciones y cuidar as\u00ed\nsu salud y la del personal de la dependencia municipal.<\/p>\n\n\n\n<p>Inform\u00f3 que las fechas\nprevistas para la recepci\u00f3n de solicitudes es la misma y no habr\u00e1 pr\u00f3rroga, por\ntanto,quienes a\u00fan no se hayan presentado a iniciar los tr\u00e1mites todav\u00eda tienen\njueves y viernes para hacerlo.<\/p>\n\n\n\n<p>Indic\u00f3 que, con base a la\nprogramaci\u00f3n establecida, del 24 al 28 de agosto se recibir\u00e1n \u00fanicamente\nsolicitudes para la obtenci\u00f3n de becas para Secundaria y del 31 de agosto al 4\nde septiembre las de Preparatoria y Universidad.<\/p>\n\n\n\n<p>El funcionario p\u00fablico\nmencion\u00f3 que los espacios vacantes que habr\u00e1 para el pr\u00f3ximo ciclo escolar es\nde mil a mil 200 lugares; pues un promedio de 3 mil est\u00e1n por ser renovadas.<\/p>\n","protected":false},"excerpt":{"rendered":"<p>Pr\u00f3xima semana recibir\u00e1n solo solicitudes para beca de Secundaria Viernes 21 \u00faltimo d\u00eda para recibir&#8230;<\/p>\n","protected":false},"author":1,"featured_media":7680,"comment_status":"open","ping_status":"open","sticky":false,"template":"","format":"standard","meta":{"jetpack_post_was_ever_published":false,"_jetpack_newsletter_access":"","_jetpack_dont_email_post_to_subs":false,"_jetpack_newsletter_tier_id":0,"_jetpack_memberships_contains_paywalled_content":false,"_jetpack_memberships_contains_paid_content":false,"footnotes":"","jetpack_publicize_message":"","jetpack_publicize_feature_enabled":true,"jetpack_social_post_already_shared":false,"jetpack_social_options":{"image_generator_settings":{"template":"highway","enabled":false},"version":2}},"categories":[1],"tags":[15],"class_list":["post-7679","post","type-post","status-publish","format-standard","has-post-thumbnail","hentry","category-la-piedad","tag-la-piedad"],"jetpack_publicize_connections":[],"jetpack_sharing_enabled":true,"featured_image_urls":{"full":["http:\/\/tvalaire.com\/wp-content\/uploads\/2020\/08\/1-3-1-2.jpeg",1280,853,false],"thumbnail":["http:\/\/tvalaire.com\/wp-content\/uploads\/2020\/08\/1-3-1-2-150x150.jpeg",150,150,true],"medium":["http:\/\/tvalaire.com\/wp-content\/uploads\/2020\/08\/1-3-1-2-300x200.jpeg",300,200,true],"medium_large":["http:\/\/tvalaire.com\/wp-content\/uploads\/2020\/08\/1-3-1-2-768x512.jpeg",640,427,true],"large":["http:\/\/tvalaire.com\/wp-content\/uploads\/2020\/08\/1-3-1-2-1024x682.jpeg",640,426,true],"post-slider-thumb-size":["http:\/\/tvalaire.com\/wp-content\/uploads\/2020\/08\/1-3-1-2-330x190.jpeg",330,190,true],"post-category-slider-size":["http:\/\/tvalaire.com\/wp-content\/uploads\/2020\/08\/1-3-1-2.jpeg",330,220,false],"1536x1536":["http:\/\/tvalaire.com\/wp-content\/uploads\/2020\/08\/1-3-1-2.jpeg",1280,853,false],"2048x2048":["http:\/\/tvalaire.com\/wp-content\/uploads\/2020\/08\/1-3-1-2.jpeg",1280,853,false],"newsium-slider-full":["http:\/\/tvalaire.com\/wp-content\/uploads\/2020\/08\/1-3-1-2-1280x845.jpeg",1280,845,true],"newsium-featured":["http:\/\/tvalaire.com\/wp-content\/uploads\/2020\/08\/1-3-1-2-1024x682.jpeg",1024,682,true],"newsium-medium":["http:\/\/tvalaire.com\/wp-content\/uploads\/2020\/08\/1-3-1-2-720x475.jpeg",720,475,true]},"author_info":{"info":["tvalairenoti"]},"category_info":"<a href=\"http:\/\/tvalaire.com\/?cat=1\" rel=\"category\">La Piedad<\/a>","tag_info":"La Piedad","comment_count":"0","jetpack_featured_media_url":"http:\/\/tvalaire.com\/wp-content\/uploads\/2020\/08\/1-3-1-2.jpeg","_links":{"self":[{"href":"http:\/\/tvalaire.com\/index.php?rest_route=\/wp\/v2\/posts\/7679"}],"collection":[{"href":"http:\/\/tvalaire.com\/index.php?rest_route=\/wp\/v2\/posts"}],"about":[{"href":"http:\/\/tvalaire.com\/index.php?rest_route=\/wp\/v2\/types\/post"}],"author":[{"embeddable":true,"href":"http:\/\/tvalaire.com\/index.php?rest_route=\/wp\/v2\/users\/1"}],"replies":[{"embeddable":true,"href":"http:\/\/tvalaire.com\/index.php?rest_route=%2Fwp%2Fv2%2Fcomments&post=7679"}],"version-history":[{"count":1,"href":"http:\/\/tvalaire.com\/index.php?rest_route=\/wp\/v2\/posts\/7679\/revisions"}],"predecessor-version":[{"id":7681,"href":"http:\/\/tvalaire.com\/index.php?rest_route=\/wp\/v2\/posts\/7679\/revisions\/7681"}],"wp:featuredmedia":[{"embeddable":true,"href":"http:\/\/tvalaire.com\/index.php?rest_route=\/wp\/v2\/media\/7680"}],"wp:attachment":[{"href":"http:\/\/tvalaire.com\/index.php?rest_route=%2Fwp%2Fv2%2Fmedia&parent=7679"}],"wp:term":[{"taxonomy":"category","embeddable":true,"href":"http:\/\/tvalaire.com\/index.php?rest_route=%2Fwp%2Fv2%2Fcategories&post=7679"},{"taxonomy":"post_tag","embeddable":true,"href":"http:\/\/tvalaire.com\/index.php?rest_route=%2Fwp%2Fv2%2Ftags&post=7679"}],"curies":[{"name":"wp","href":"https:\/\/api.w.org\/{rel}","templated":true}]}}