{"id":7658,"date":"2020-08-04T17:54:00","date_gmt":"2020-08-04T22:54:00","guid":{"rendered":"http:\/\/tvalaire.com\/?p=7658"},"modified":"2020-08-17T17:55:09","modified_gmt":"2020-08-17T22:55:09","slug":"es-obligatorio-uso-de-cubrebocas-en-la-piedad","status":"publish","type":"post","link":"http:\/\/tvalaire.com\/?p=7658","title":{"rendered":"ES OBLIGATORIO USO DE CUBREBOCAS EN LA PIEDAD"},"content":{"rendered":"\n<p><\/p>\n\n\n\n<ul class=\"wp-block-list\"><li><strong>Consejo\nde Salud ratifica decreto emitido por el Gobernador<\/strong><\/li><li><strong>Seguridad\nP\u00fablica vigilar\u00e1 el cumplimiento de esta disposici\u00f3n <\/strong><\/li><\/ul>\n\n\n\n<p>Integrantes del Consejo\nMunicipal de Salud acordaron aplicar las medidas establecidas en el Decreto emitido\npor el Gobernador del Estado, Silvano Aureoles Conejo, sobre el uso obligatorio\ndel cubrebocas para todas las personas que se encuentren en espacios p\u00fablicos,\nal interior de empresas, comercios, oficinas y del transporte p\u00fablico.<\/p>\n\n\n\n<p>Ratificaron a su vez, las\nsanciones que contempla el mismo Decreto y que aplicar\u00e1n para quienes incumplan\nlas medidas los cuales van desde una amonestaci\u00f3n; multa de 10 a 30 UMAS;\nclausura temporal o definitiva del negocio e incluso, arresto de hasta 36 horas,\npara lo cual personal de Seguridad P\u00fablica podr\u00e1 auxiliarlos en la ejecuci\u00f3n de\ndichas sanciones.<\/p>\n\n\n\n<p>Nuestro alcalde Alex\nEspinoza, en calidad de Presidente del Consejo, propuso tambi\u00e9n mantener mayor\ncontrol en los salones para fiestas y limitar el acceso al 50% en esos\nespacios, as\u00ed como en los bares los cuales deber\u00e1n cerrar de domingo a martes.<\/p>\n\n\n\n<p>En el caso de los restaurantes,\ndebido al incremento de casos de COVID-19 en La Piedad, \u00fanicamente podr\u00e1n permitir\nel ingreso de hasta el 50% de su capacidad siempre y cuando cumpla con las\nmedidas sanitarias y uso del cubrebocas y aplicar\u00e1n estricta vigilancia con\nvendedores de tacos y frutas.<\/p>\n\n\n\n<p>El prop\u00f3sito de la reuni\u00f3n\nfue conocer la situaci\u00f3n real de la semana n\u00famero 9 de la Nueva Convivencia en\nLa Piedad, que a decir del Jefe de la Jurisdicci\u00f3n Sanitaria No. 6, la epidemia\nen vez de retroceder, va al alza a nivel local. Sin embargo, reconoci\u00f3 el\ntrabajo del Gobierno Municipal, pero el comportamiento de casos sigue creciendo\ny la mayor\u00eda de las personas atendidas al parecer se han enfermado en\nconvivios. <\/p>\n\n\n\n<p>La reuni\u00f3n de trabajo se\nllev\u00f3 a cabo en la Escuela de Artes y estuvo encabezada por nuestro alcalde\nAlex Espinoza; el jefe de la jurisdicci\u00f3n sanitaria No. 6, Luis Alberto Arriaga\nBelman; el secretario del Ayuntamiento, Samuel Hidalgo, as\u00ed como directores de\nEducaci\u00f3n, Tesorer\u00eda, Ecolog\u00eda, Reglamentos, Mercados, Tr\u00e1nsito local,\nSeguridad P\u00fablica, INJUP, DIF Municipal, Servicios P\u00fablicos, Fomento\nAgropecuario; Protecci\u00f3n Civil, Centro de Integraci\u00f3n Juvenil y el regidor Luis\nL\u00f3pez.<\/p>\n","protected":false},"excerpt":{"rendered":"<p>Consejo de Salud ratifica decreto emitido por el Gobernador Seguridad P\u00fablica vigilar\u00e1 el cumplimiento de&#8230;<\/p>\n","protected":false},"author":1,"featured_media":7659,"comment_status":"open","ping_status":"open","sticky":false,"template":"","format":"standard","meta":{"jetpack_post_was_ever_published":false,"_jetpack_newsletter_access":"","_jetpack_dont_email_post_to_subs":false,"_jetpack_newsletter_tier_id":0,"_jetpack_memberships_contains_paywalled_content":false,"_jetpack_memberships_contains_paid_content":false,"footnotes":"","jetpack_publicize_message":"","jetpack_publicize_feature_enabled":true,"jetpack_social_post_already_shared":false,"jetpack_social_options":{"image_generator_settings":{"template":"highway","enabled":false},"version":2}},"categories":[1],"tags":[15],"class_list":["post-7658","post","type-post","status-publish","format-standard","has-post-thumbnail","hentry","category-la-piedad","tag-la-piedad"],"jetpack_publicize_connections":[],"jetpack_sharing_enabled":true,"featured_image_urls":{"full":["http:\/\/tvalaire.com\/wp-content\/uploads\/2020\/08\/1-3-5-1.jpeg",1280,720,false],"thumbnail":["http:\/\/tvalaire.com\/wp-content\/uploads\/2020\/08\/1-3-5-1-150x150.jpeg",150,150,true],"medium":["http:\/\/tvalaire.com\/wp-content\/uploads\/2020\/08\/1-3-5-1-300x169.jpeg",300,169,true],"medium_large":["http:\/\/tvalaire.com\/wp-content\/uploads\/2020\/08\/1-3-5-1-768x432.jpeg",640,360,true],"large":["http:\/\/tvalaire.com\/wp-content\/uploads\/2020\/08\/1-3-5-1-1024x576.jpeg",640,360,true],"post-slider-thumb-size":["http:\/\/tvalaire.com\/wp-content\/uploads\/2020\/08\/1-3-5-1-330x190.jpeg",330,190,true],"post-category-slider-size":["http:\/\/tvalaire.com\/wp-content\/uploads\/2020\/08\/1-3-5-1.jpeg",330,186,false],"1536x1536":["http:\/\/tvalaire.com\/wp-content\/uploads\/2020\/08\/1-3-5-1.jpeg",1280,720,false],"2048x2048":["http:\/\/tvalaire.com\/wp-content\/uploads\/2020\/08\/1-3-5-1.jpeg",1280,720,false],"newsium-slider-full":["http:\/\/tvalaire.com\/wp-content\/uploads\/2020\/08\/1-3-5-1.jpeg",1280,720,false],"newsium-featured":["http:\/\/tvalaire.com\/wp-content\/uploads\/2020\/08\/1-3-5-1-1024x576.jpeg",1024,576,true],"newsium-medium":["http:\/\/tvalaire.com\/wp-content\/uploads\/2020\/08\/1-3-5-1-720x475.jpeg",720,475,true]},"author_info":{"info":["tvalairenoti"]},"category_info":"<a href=\"http:\/\/tvalaire.com\/?cat=1\" rel=\"category\">La Piedad<\/a>","tag_info":"La Piedad","comment_count":"0","jetpack_featured_media_url":"http:\/\/tvalaire.com\/wp-content\/uploads\/2020\/08\/1-3-5-1.jpeg","_links":{"self":[{"href":"http:\/\/tvalaire.com\/index.php?rest_route=\/wp\/v2\/posts\/7658"}],"collection":[{"href":"http:\/\/tvalaire.com\/index.php?rest_route=\/wp\/v2\/posts"}],"about":[{"href":"http:\/\/tvalaire.com\/index.php?rest_route=\/wp\/v2\/types\/post"}],"author":[{"embeddable":true,"href":"http:\/\/tvalaire.com\/index.php?rest_route=\/wp\/v2\/users\/1"}],"replies":[{"embeddable":true,"href":"http:\/\/tvalaire.com\/index.php?rest_route=%2Fwp%2Fv2%2Fcomments&post=7658"}],"version-history":[{"count":1,"href":"http:\/\/tvalaire.com\/index.php?rest_route=\/wp\/v2\/posts\/7658\/revisions"}],"predecessor-version":[{"id":7660,"href":"http:\/\/tvalaire.com\/index.php?rest_route=\/wp\/v2\/posts\/7658\/revisions\/7660"}],"wp:featuredmedia":[{"embeddable":true,"href":"http:\/\/tvalaire.com\/index.php?rest_route=\/wp\/v2\/media\/7659"}],"wp:attachment":[{"href":"http:\/\/tvalaire.com\/index.php?rest_route=%2Fwp%2Fv2%2Fmedia&parent=7658"}],"wp:term":[{"taxonomy":"category","embeddable":true,"href":"http:\/\/tvalaire.com\/index.php?rest_route=%2Fwp%2Fv2%2Fcategories&post=7658"},{"taxonomy":"post_tag","embeddable":true,"href":"http:\/\/tvalaire.com\/index.php?rest_route=%2Fwp%2Fv2%2Ftags&post=7658"}],"curies":[{"name":"wp","href":"https:\/\/api.w.org\/{rel}","templated":true}]}}