{"id":7655,"date":"2020-08-04T17:52:00","date_gmt":"2020-08-04T22:52:00","guid":{"rendered":"http:\/\/tvalaire.com\/?p=7655"},"modified":"2020-08-17T17:54:07","modified_gmt":"2020-08-17T22:54:07","slug":"grito-de-independencia-sera-virtual-en-la-piedad","status":"publish","type":"post","link":"http:\/\/tvalaire.com\/?p=7655","title":{"rendered":"GRITO DE INDEPENDENCIA SER\u00c1 VIRTUAL EN LA PIEDAD"},"content":{"rendered":"\n<p><\/p>\n\n\n\n<ul class=\"wp-block-list\"><li><strong>Eventos\nmasivos de gran tradici\u00f3n quedan cancelados<\/strong><\/li><li><strong>Algunas\nactividades ser\u00e1n presentadas de manera digital<\/strong><\/li><\/ul>\n\n\n\n<p>Todos los eventos masivos\nque forman parte de las tradiciones de Fiestas Patrias en La Piedad, ser\u00e1n\ncancelados por recomendaci\u00f3n del Consejo Municipal de Salud con el fin de\ncontener la cadena de contagios por el COVID-19.<\/p>\n\n\n\n<p>Se espera que la propuesta\nsea ratificada en pr\u00f3ximos d\u00edas ante el pleno del Ayuntamiento.<\/p>\n\n\n\n<p>Con el acuerdo aprobado,\neventos de gran tradici\u00f3n mexicana como el desfile del 16 de septiembre; la\ncarrera de burros; la carrera de meseros y la cabalgata, ser\u00e1n cancelados\ndebido al gran n\u00famero de personas que se concentran.<\/p>\n\n\n\n<p>En el caso de otros eventos\nsociales como el Grito de Independencia, la coronaci\u00f3n de la Reina de Fiestas\nPatrias y del Adulto Mayor, se acord\u00f3 que se prev\u00e9 su realizaci\u00f3n y\npresentaci\u00f3n virtual.<\/p>\n\n\n\n<p>El acuerdo tomado desde el\nConsejo Municipal de Salud, ser\u00e1 enviado al Cabildo y canalizado al Comit\u00e9 de\nFestejos Patrios con el fin de que sea tomado en cuenta al momento de elaborar\nel bando patrio de este a\u00f1o.<\/p>\n\n\n\n<p>Lo anterior qued\u00f3\nestablecido como uno de los acuerdos tomados esta ma\u00f1ana durante la reuni\u00f3n de\ntrabajo del Consejo Municipal de Salud, celebrada en la Escuela de Artes la\ncual estuvo presidida por nuestro alcalde Alex Espinoza; el jefe de la\njurisdicci\u00f3n sanitaria No. 6, Luis Alberto Arriaga Belman; el secretario del\nAyuntamiento, Samuel Hidalgo, as\u00ed como directores de diversas dependencias de\nGobierno.<\/p>\n","protected":false},"excerpt":{"rendered":"<p>Eventos masivos de gran tradici\u00f3n quedan cancelados Algunas actividades ser\u00e1n presentadas de manera digital Todos&#8230;<\/p>\n","protected":false},"author":1,"featured_media":7656,"comment_status":"open","ping_status":"open","sticky":false,"template":"","format":"standard","meta":{"jetpack_post_was_ever_published":false,"_jetpack_newsletter_access":"","_jetpack_dont_email_post_to_subs":false,"_jetpack_newsletter_tier_id":0,"_jetpack_memberships_contains_paywalled_content":false,"_jetpack_memberships_contains_paid_content":false,"footnotes":"","jetpack_publicize_message":"","jetpack_publicize_feature_enabled":true,"jetpack_social_post_already_shared":false,"jetpack_social_options":{"image_generator_settings":{"template":"highway","enabled":false},"version":2}},"categories":[1],"tags":[15],"class_list":["post-7655","post","type-post","status-publish","format-standard","has-post-thumbnail","hentry","category-la-piedad","tag-la-piedad"],"jetpack_publicize_connections":[],"jetpack_sharing_enabled":true,"featured_image_urls":{"full":["http:\/\/tvalaire.com\/wp-content\/uploads\/2020\/08\/1-3.jpg",1024,684,false],"thumbnail":["http:\/\/tvalaire.com\/wp-content\/uploads\/2020\/08\/1-3-150x150.jpg",150,150,true],"medium":["http:\/\/tvalaire.com\/wp-content\/uploads\/2020\/08\/1-3-300x200.jpg",300,200,true],"medium_large":["http:\/\/tvalaire.com\/wp-content\/uploads\/2020\/08\/1-3-768x513.jpg",640,428,true],"large":["http:\/\/tvalaire.com\/wp-content\/uploads\/2020\/08\/1-3.jpg",640,428,false],"post-slider-thumb-size":["http:\/\/tvalaire.com\/wp-content\/uploads\/2020\/08\/1-3-330x190.jpg",330,190,true],"post-category-slider-size":["http:\/\/tvalaire.com\/wp-content\/uploads\/2020\/08\/1-3.jpg",330,220,false],"1536x1536":["http:\/\/tvalaire.com\/wp-content\/uploads\/2020\/08\/1-3.jpg",1024,684,false],"2048x2048":["http:\/\/tvalaire.com\/wp-content\/uploads\/2020\/08\/1-3.jpg",1024,684,false],"newsium-slider-full":["http:\/\/tvalaire.com\/wp-content\/uploads\/2020\/08\/1-3.jpg",1024,684,false],"newsium-featured":["http:\/\/tvalaire.com\/wp-content\/uploads\/2020\/08\/1-3.jpg",1024,684,false],"newsium-medium":["http:\/\/tvalaire.com\/wp-content\/uploads\/2020\/08\/1-3-720x475.jpg",720,475,true]},"author_info":{"info":["tvalairenoti"]},"category_info":"<a href=\"http:\/\/tvalaire.com\/?cat=1\" rel=\"category\">La Piedad<\/a>","tag_info":"La Piedad","comment_count":"0","jetpack_featured_media_url":"http:\/\/tvalaire.com\/wp-content\/uploads\/2020\/08\/1-3.jpg","_links":{"self":[{"href":"http:\/\/tvalaire.com\/index.php?rest_route=\/wp\/v2\/posts\/7655"}],"collection":[{"href":"http:\/\/tvalaire.com\/index.php?rest_route=\/wp\/v2\/posts"}],"about":[{"href":"http:\/\/tvalaire.com\/index.php?rest_route=\/wp\/v2\/types\/post"}],"author":[{"embeddable":true,"href":"http:\/\/tvalaire.com\/index.php?rest_route=\/wp\/v2\/users\/1"}],"replies":[{"embeddable":true,"href":"http:\/\/tvalaire.com\/index.php?rest_route=%2Fwp%2Fv2%2Fcomments&post=7655"}],"version-history":[{"count":1,"href":"http:\/\/tvalaire.com\/index.php?rest_route=\/wp\/v2\/posts\/7655\/revisions"}],"predecessor-version":[{"id":7657,"href":"http:\/\/tvalaire.com\/index.php?rest_route=\/wp\/v2\/posts\/7655\/revisions\/7657"}],"wp:featuredmedia":[{"embeddable":true,"href":"http:\/\/tvalaire.com\/index.php?rest_route=\/wp\/v2\/media\/7656"}],"wp:attachment":[{"href":"http:\/\/tvalaire.com\/index.php?rest_route=%2Fwp%2Fv2%2Fmedia&parent=7655"}],"wp:term":[{"taxonomy":"category","embeddable":true,"href":"http:\/\/tvalaire.com\/index.php?rest_route=%2Fwp%2Fv2%2Fcategories&post=7655"},{"taxonomy":"post_tag","embeddable":true,"href":"http:\/\/tvalaire.com\/index.php?rest_route=%2Fwp%2Fv2%2Ftags&post=7655"}],"curies":[{"name":"wp","href":"https:\/\/api.w.org\/{rel}","templated":true}]}}