{"id":7649,"date":"2020-08-05T17:50:00","date_gmt":"2020-08-05T22:50:00","guid":{"rendered":"http:\/\/tvalaire.com\/?p=7649"},"modified":"2020-08-17T17:51:39","modified_gmt":"2020-08-17T22:51:39","slug":"se-invita-a-la-poblacion-a-usar-el-cubrebocas","status":"publish","type":"post","link":"http:\/\/tvalaire.com\/?p=7649","title":{"rendered":"SE INVITA A LA POBLACI\u00d3N A USAR EL CUBREBOCAS"},"content":{"rendered":"\n<p><\/p>\n\n\n\n<ul class=\"wp-block-list\"><li><strong>Reglamentos\nvisita comercios y pega cartelones&nbsp; <\/strong><\/li><li><strong>Exhortan\nal cumplimiento de la medida y evitar sanciones<\/strong><\/li><\/ul>\n\n\n\n<p>El Gobierno Municipal a\ntrav\u00e9s de la direcci\u00f3n de Reglamentos puso en marcha hoy la campa\u00f1a de uso obligatorio\nde cubrebocas en comercios y transporte p\u00fablico en todas sus modalidades.<\/p>\n\n\n\n<p>Jos\u00e9 Luis Ortiz Coronado,\ndirector de Reglamentos indic\u00f3 que en este primer recorrido se aprovech\u00f3 para\ncolocar cartelones alusivos, en donde se informa que el uso de cubrebocas es\nobligatorio y a su vez, se les hizo un exhorto para que en lo sucesivo permitan\nel acceso a sus establecimientos \u00fanicamente a las personas que lo porten y se\neviten sanciones por incumplimiento.<\/p>\n\n\n\n<p>Aclar\u00f3 que el uso de\ncubrebocas en Michoac\u00e1n est\u00e1 contemplado en el decreto que emiti\u00f3 el Gobernador\ndel Estado el 30 de julio del presente a\u00f1o en el Peri\u00f3dico Oficial y la\ninstrucci\u00f3n emitida este martes por los integrantes del Comit\u00e9 Municipal de\nSalud, fue adoptar la medida en el municipio.<\/p>\n\n\n\n<p>Por tanto, en este recorrido\na los establecimientos comerciales fue solo para colocar los cartelones\ninformativos y llamar a los propietarios cumplir y hacer cumplir a sus clientes\ncon esta medida o negarles el servicio, as\u00ed como avisarles que si existe\nincumplimiento por cualquiera de las partes habr\u00e1 sanciones o clausuras a\nquienes se sorprenda sin cubrebocas.<\/p>\n\n\n\n<p>Ortiz Coronado, indic\u00f3 que\nel recorrido inici\u00f3 esta ma\u00f1ana en la zona centro y el fraccionamiento Pe\u00f1a,\npero tambi\u00e9n visitar\u00e1n todas las colonias del municipio, comenzando con las m\u00e1s\ncomerciales.<\/p>\n\n\n\n<p>Con relaci\u00f3n a las\nsanciones, mencion\u00f3 que ser\u00e1 hasta la sesi\u00f3n de Cabildo de hoy por la tarde,\ncuando se establezcan o ratifiquen las mismas que est\u00e1n marcadas en el Decreto\ndel Gobernador del Estado.<\/p>\n","protected":false},"excerpt":{"rendered":"<p>Reglamentos visita comercios y pega cartelones&nbsp; Exhortan al cumplimiento de la medida y evitar sanciones&#8230;<\/p>\n","protected":false},"author":1,"featured_media":7650,"comment_status":"open","ping_status":"open","sticky":false,"template":"","format":"standard","meta":{"jetpack_post_was_ever_published":false,"_jetpack_newsletter_access":"","_jetpack_dont_email_post_to_subs":false,"_jetpack_newsletter_tier_id":0,"_jetpack_memberships_contains_paywalled_content":false,"_jetpack_memberships_contains_paid_content":false,"footnotes":"","jetpack_publicize_message":"","jetpack_publicize_feature_enabled":true,"jetpack_social_post_already_shared":false,"jetpack_social_options":{"image_generator_settings":{"template":"highway","enabled":false},"version":2}},"categories":[1],"tags":[15],"class_list":["post-7649","post","type-post","status-publish","format-standard","has-post-thumbnail","hentry","category-la-piedad","tag-la-piedad"],"jetpack_publicize_connections":[],"jetpack_sharing_enabled":true,"featured_image_urls":{"full":["http:\/\/tvalaire.com\/wp-content\/uploads\/2020\/08\/1-2-6-1.jpeg",952,527,false],"thumbnail":["http:\/\/tvalaire.com\/wp-content\/uploads\/2020\/08\/1-2-6-1-150x150.jpeg",150,150,true],"medium":["http:\/\/tvalaire.com\/wp-content\/uploads\/2020\/08\/1-2-6-1-300x166.jpeg",300,166,true],"medium_large":["http:\/\/tvalaire.com\/wp-content\/uploads\/2020\/08\/1-2-6-1-768x425.jpeg",640,354,true],"large":["http:\/\/tvalaire.com\/wp-content\/uploads\/2020\/08\/1-2-6-1.jpeg",640,354,false],"post-slider-thumb-size":["http:\/\/tvalaire.com\/wp-content\/uploads\/2020\/08\/1-2-6-1-330x190.jpeg",330,190,true],"post-category-slider-size":["http:\/\/tvalaire.com\/wp-content\/uploads\/2020\/08\/1-2-6-1.jpeg",330,183,false],"1536x1536":["http:\/\/tvalaire.com\/wp-content\/uploads\/2020\/08\/1-2-6-1.jpeg",952,527,false],"2048x2048":["http:\/\/tvalaire.com\/wp-content\/uploads\/2020\/08\/1-2-6-1.jpeg",952,527,false],"newsium-slider-full":["http:\/\/tvalaire.com\/wp-content\/uploads\/2020\/08\/1-2-6-1.jpeg",952,527,false],"newsium-featured":["http:\/\/tvalaire.com\/wp-content\/uploads\/2020\/08\/1-2-6-1.jpeg",952,527,false],"newsium-medium":["http:\/\/tvalaire.com\/wp-content\/uploads\/2020\/08\/1-2-6-1-720x475.jpeg",720,475,true]},"author_info":{"info":["tvalairenoti"]},"category_info":"<a href=\"http:\/\/tvalaire.com\/?cat=1\" rel=\"category\">La Piedad<\/a>","tag_info":"La Piedad","comment_count":"0","jetpack_featured_media_url":"http:\/\/tvalaire.com\/wp-content\/uploads\/2020\/08\/1-2-6-1.jpeg","_links":{"self":[{"href":"http:\/\/tvalaire.com\/index.php?rest_route=\/wp\/v2\/posts\/7649"}],"collection":[{"href":"http:\/\/tvalaire.com\/index.php?rest_route=\/wp\/v2\/posts"}],"about":[{"href":"http:\/\/tvalaire.com\/index.php?rest_route=\/wp\/v2\/types\/post"}],"author":[{"embeddable":true,"href":"http:\/\/tvalaire.com\/index.php?rest_route=\/wp\/v2\/users\/1"}],"replies":[{"embeddable":true,"href":"http:\/\/tvalaire.com\/index.php?rest_route=%2Fwp%2Fv2%2Fcomments&post=7649"}],"version-history":[{"count":1,"href":"http:\/\/tvalaire.com\/index.php?rest_route=\/wp\/v2\/posts\/7649\/revisions"}],"predecessor-version":[{"id":7651,"href":"http:\/\/tvalaire.com\/index.php?rest_route=\/wp\/v2\/posts\/7649\/revisions\/7651"}],"wp:featuredmedia":[{"embeddable":true,"href":"http:\/\/tvalaire.com\/index.php?rest_route=\/wp\/v2\/media\/7650"}],"wp:attachment":[{"href":"http:\/\/tvalaire.com\/index.php?rest_route=%2Fwp%2Fv2%2Fmedia&parent=7649"}],"wp:term":[{"taxonomy":"category","embeddable":true,"href":"http:\/\/tvalaire.com\/index.php?rest_route=%2Fwp%2Fv2%2Fcategories&post=7649"},{"taxonomy":"post_tag","embeddable":true,"href":"http:\/\/tvalaire.com\/index.php?rest_route=%2Fwp%2Fv2%2Ftags&post=7649"}],"curies":[{"name":"wp","href":"https:\/\/api.w.org\/{rel}","templated":true}]}}