{"id":7643,"date":"2020-08-06T17:46:00","date_gmt":"2020-08-06T22:46:00","guid":{"rendered":"http:\/\/tvalaire.com\/?p=7643"},"modified":"2020-08-17T17:48:03","modified_gmt":"2020-08-17T22:48:03","slug":"transito-vigilara-uso-de-cubre-bocas-transporte-publico","status":"publish","type":"post","link":"http:\/\/tvalaire.com\/?p=7643","title":{"rendered":"TR\u00c1NSITO VIGILAR\u00c1 USO DE CUBRE BOCAS TRANSPORTE P\u00daBLICO"},"content":{"rendered":"\n<p><\/p>\n\n\n\n<ul class=\"wp-block-list\"><li><strong>Se informa\na concesionarios sobre medidas de salud<\/strong><\/li><li><strong>Inician\nrevisi\u00f3n exhaustiva en microbuses y servicio de taxis<\/strong><\/li><\/ul>\n\n\n\n<p>Debido al incremento de\ncasos por COVID-19 en la localidad, el Gobierno Municipal a trav\u00e9s de la\ndirecci\u00f3n de Tr\u00e1nsito ha endurecido los operativos de vigilancia para\ngarantizar el uso de cubrebocas entre los transportistas del servicio colectivo\ny taxis, as\u00ed como por parte de los usuarios.<\/p>\n\n\n\n<p>Gabriel Anguiano Maga\u00f1a,\ndirector de la corporaci\u00f3n vial inform\u00f3 que el Decreto emitido por el\nGobernador del Estado y aprobado por el Cabildo en sesi\u00f3n extraordinaria este\nmi\u00e9rcoles por la tarde, les da facultades para endurecer los operativos y\nexigir a transportistas y usuarios el uso de cubrebocas.<\/p>\n\n\n\n<p>La ampara a su vez que, ante\nel incumplimiento de esta medida, ya sea por parte del conductor del microb\u00fas o\ntaxi, as\u00ed como de los mismos usuarios, el personal de Tr\u00e1nsito Municipal pueda\naplicarles una sanci\u00f3n e incluso, que la unidad les sea remitida al corral\u00f3n.<\/p>\n\n\n\n<p>Lo anterior con base al\nReglamento de Tr\u00e1nsito en su art\u00edculo 148, fracci\u00f3n D, que indica las razones\npor las cuales un veh\u00edculo puede salir de la circulaci\u00f3n.<\/p>\n\n\n\n<p>Indic\u00f3 que las sanciones por\neste motivo ser\u00e1n de hasta 2 mil 600 pesos, por lo que invit\u00f3 a los conductores\nde alguna unidad de transporte p\u00fablico a cumplir con las disposiciones e instar\nellos mismos a los usuarios a portar el cubrebocas o negar el servicio, ya que\nquien pagar\u00e1 la sanci\u00f3n ser\u00e1n ellos.<\/p>\n\n\n\n<p>Gabriel Anguiano se\u00f1al\u00f3 quea\npartir de hoy las medidas son m\u00e1s estrictas con el objetivo de contribuir con\nlas instancias de salud a bajar los \u00edndices de casos de contagios por\ncoronavirus.<\/p>\n","protected":false},"excerpt":{"rendered":"<p>Se informa a concesionarios sobre medidas de salud Inician revisi\u00f3n exhaustiva en microbuses y servicio&#8230;<\/p>\n","protected":false},"author":1,"featured_media":7644,"comment_status":"open","ping_status":"open","sticky":false,"template":"","format":"standard","meta":{"jetpack_post_was_ever_published":false,"_jetpack_newsletter_access":"","_jetpack_dont_email_post_to_subs":false,"_jetpack_newsletter_tier_id":0,"_jetpack_memberships_contains_paywalled_content":false,"_jetpack_memberships_contains_paid_content":false,"footnotes":"","jetpack_publicize_message":"","jetpack_publicize_feature_enabled":true,"jetpack_social_post_already_shared":false,"jetpack_social_options":{"image_generator_settings":{"template":"highway","enabled":false},"version":2}},"categories":[1],"tags":[15],"class_list":["post-7643","post","type-post","status-publish","format-standard","has-post-thumbnail","hentry","category-la-piedad","tag-la-piedad"],"jetpack_publicize_connections":[],"jetpack_sharing_enabled":true,"featured_image_urls":{"full":["http:\/\/tvalaire.com\/wp-content\/uploads\/2020\/08\/1-3-3-1.jpeg",1280,853,false],"thumbnail":["http:\/\/tvalaire.com\/wp-content\/uploads\/2020\/08\/1-3-3-1-150x150.jpeg",150,150,true],"medium":["http:\/\/tvalaire.com\/wp-content\/uploads\/2020\/08\/1-3-3-1-300x200.jpeg",300,200,true],"medium_large":["http:\/\/tvalaire.com\/wp-content\/uploads\/2020\/08\/1-3-3-1-768x512.jpeg",640,427,true],"large":["http:\/\/tvalaire.com\/wp-content\/uploads\/2020\/08\/1-3-3-1-1024x682.jpeg",640,426,true],"post-slider-thumb-size":["http:\/\/tvalaire.com\/wp-content\/uploads\/2020\/08\/1-3-3-1-330x190.jpeg",330,190,true],"post-category-slider-size":["http:\/\/tvalaire.com\/wp-content\/uploads\/2020\/08\/1-3-3-1.jpeg",330,220,false],"1536x1536":["http:\/\/tvalaire.com\/wp-content\/uploads\/2020\/08\/1-3-3-1.jpeg",1280,853,false],"2048x2048":["http:\/\/tvalaire.com\/wp-content\/uploads\/2020\/08\/1-3-3-1.jpeg",1280,853,false],"newsium-slider-full":["http:\/\/tvalaire.com\/wp-content\/uploads\/2020\/08\/1-3-3-1-1280x845.jpeg",1280,845,true],"newsium-featured":["http:\/\/tvalaire.com\/wp-content\/uploads\/2020\/08\/1-3-3-1-1024x682.jpeg",1024,682,true],"newsium-medium":["http:\/\/tvalaire.com\/wp-content\/uploads\/2020\/08\/1-3-3-1-720x475.jpeg",720,475,true]},"author_info":{"info":["tvalairenoti"]},"category_info":"<a href=\"http:\/\/tvalaire.com\/?cat=1\" rel=\"category\">La Piedad<\/a>","tag_info":"La Piedad","comment_count":"0","jetpack_featured_media_url":"http:\/\/tvalaire.com\/wp-content\/uploads\/2020\/08\/1-3-3-1.jpeg","_links":{"self":[{"href":"http:\/\/tvalaire.com\/index.php?rest_route=\/wp\/v2\/posts\/7643"}],"collection":[{"href":"http:\/\/tvalaire.com\/index.php?rest_route=\/wp\/v2\/posts"}],"about":[{"href":"http:\/\/tvalaire.com\/index.php?rest_route=\/wp\/v2\/types\/post"}],"author":[{"embeddable":true,"href":"http:\/\/tvalaire.com\/index.php?rest_route=\/wp\/v2\/users\/1"}],"replies":[{"embeddable":true,"href":"http:\/\/tvalaire.com\/index.php?rest_route=%2Fwp%2Fv2%2Fcomments&post=7643"}],"version-history":[{"count":1,"href":"http:\/\/tvalaire.com\/index.php?rest_route=\/wp\/v2\/posts\/7643\/revisions"}],"predecessor-version":[{"id":7645,"href":"http:\/\/tvalaire.com\/index.php?rest_route=\/wp\/v2\/posts\/7643\/revisions\/7645"}],"wp:featuredmedia":[{"embeddable":true,"href":"http:\/\/tvalaire.com\/index.php?rest_route=\/wp\/v2\/media\/7644"}],"wp:attachment":[{"href":"http:\/\/tvalaire.com\/index.php?rest_route=%2Fwp%2Fv2%2Fmedia&parent=7643"}],"wp:term":[{"taxonomy":"category","embeddable":true,"href":"http:\/\/tvalaire.com\/index.php?rest_route=%2Fwp%2Fv2%2Fcategories&post=7643"},{"taxonomy":"post_tag","embeddable":true,"href":"http:\/\/tvalaire.com\/index.php?rest_route=%2Fwp%2Fv2%2Ftags&post=7643"}],"curies":[{"name":"wp","href":"https:\/\/api.w.org\/{rel}","templated":true}]}}