{"id":7634,"date":"2020-08-07T17:42:00","date_gmt":"2020-08-07T22:42:00","guid":{"rendered":"http:\/\/tvalaire.com\/?p=7634"},"modified":"2020-08-17T17:43:41","modified_gmt":"2020-08-17T22:43:41","slug":"aplican-infracciones-a-establecimientos-comerciales-por-omision","status":"publish","type":"post","link":"http:\/\/tvalaire.com\/?p=7634","title":{"rendered":"APLICAN INFRACCIONES A ESTABLECIMIENTOS COMERCIALES POR OMISI\u00d3N"},"content":{"rendered":"\n<p><\/p>\n\n\n\n<ul class=\"wp-block-list\"><li><strong>El\npersonal no portaba el cubrebocas obligatorio<\/strong><\/li><li><strong>La segunda\ninfracci\u00f3n representa clausura del establecimiento<\/strong><\/li><\/ul>\n\n\n\n<p>Dentro del operativo de\nvigilancia que lleva a cabo personal de Reglamentos en todo el comercio local,\ntanto ambulante como en establecimientos comerciales, este viernes se\nlevantaron dos infracciones por desacato al Decreto emitido por las autoridades\nestatales que instauraron como obligatorio el uso delcubrebocas.<\/p>\n\n\n\n<p>Jos\u00e9 Luis Ortiz Coronado,\ndirector de la dependencia explic\u00f3 que este operativo se cre\u00f3 para dar\ncumplimiento al Decreto por el que se establecen diversas medidas\nextraordinarias ante el crecimiento de la epidemia por el COVID-19.<\/p>\n\n\n\n<p>Ortiz Coronado, indic\u00f3 que,\nen cumplimiento a este acuerdo, hasta el momento se han infraccionado dos\nestablecimientos comerciales por desacato a la indicaci\u00f3n del uso obligatorio\ndel cubrebocas.<\/p>\n\n\n\n<p>Explic\u00f3 que el mismo acuerdo\ncontempla que en caso de una segunda infracci\u00f3n, se proceder\u00e1 a la clausura del\nestablecimiento de manera parcial en cuanto a la venta de art\u00edculos no\nesenciales; en caso de no regularizarse habr\u00e1 clausura total.<\/p>\n\n\n\n<p>S\u00ed se tratara de un puesto\nambulante, el funcionario se\u00f1al\u00f3 que se le suspender\u00e1n las actividades de 2 a 5\nd\u00edas h\u00e1biles.<\/p>\n\n\n\n<p>Por lo que invit\u00f3 a los\ncomerciantes establecidos y ambulantes a cumplir con este mandato y portar el\ncubrebocas de manera correcta en todo momento, as\u00ed como exigir a sus clientes\nutilizarlo para no negarles el servicio o la atenci\u00f3n.<\/p>\n","protected":false},"excerpt":{"rendered":"<p>El personal no portaba el cubrebocas obligatorio La segunda infracci\u00f3n representa clausura del establecimiento Dentro&#8230;<\/p>\n","protected":false},"author":1,"featured_media":7635,"comment_status":"open","ping_status":"open","sticky":false,"template":"","format":"standard","meta":{"jetpack_post_was_ever_published":false,"_jetpack_newsletter_access":"","_jetpack_dont_email_post_to_subs":false,"_jetpack_newsletter_tier_id":0,"_jetpack_memberships_contains_paywalled_content":false,"_jetpack_memberships_contains_paid_content":false,"footnotes":"","jetpack_publicize_message":"","jetpack_publicize_feature_enabled":true,"jetpack_social_post_already_shared":false,"jetpack_social_options":{"image_generator_settings":{"template":"highway","enabled":false},"version":2}},"categories":[1],"tags":[15],"class_list":["post-7634","post","type-post","status-publish","format-standard","has-post-thumbnail","hentry","category-la-piedad","tag-la-piedad"],"jetpack_publicize_connections":[],"jetpack_sharing_enabled":true,"featured_image_urls":{"full":["http:\/\/tvalaire.com\/wp-content\/uploads\/2020\/08\/1-2-4-1.jpeg",1092,798,false],"thumbnail":["http:\/\/tvalaire.com\/wp-content\/uploads\/2020\/08\/1-2-4-1-150x150.jpeg",150,150,true],"medium":["http:\/\/tvalaire.com\/wp-content\/uploads\/2020\/08\/1-2-4-1-300x219.jpeg",300,219,true],"medium_large":["http:\/\/tvalaire.com\/wp-content\/uploads\/2020\/08\/1-2-4-1-768x561.jpeg",640,468,true],"large":["http:\/\/tvalaire.com\/wp-content\/uploads\/2020\/08\/1-2-4-1-1024x748.jpeg",640,468,true],"post-slider-thumb-size":["http:\/\/tvalaire.com\/wp-content\/uploads\/2020\/08\/1-2-4-1-330x190.jpeg",330,190,true],"post-category-slider-size":["http:\/\/tvalaire.com\/wp-content\/uploads\/2020\/08\/1-2-4-1.jpeg",330,241,false],"1536x1536":["http:\/\/tvalaire.com\/wp-content\/uploads\/2020\/08\/1-2-4-1.jpeg",1092,798,false],"2048x2048":["http:\/\/tvalaire.com\/wp-content\/uploads\/2020\/08\/1-2-4-1.jpeg",1092,798,false],"newsium-slider-full":["http:\/\/tvalaire.com\/wp-content\/uploads\/2020\/08\/1-2-4-1.jpeg",1092,798,false],"newsium-featured":["http:\/\/tvalaire.com\/wp-content\/uploads\/2020\/08\/1-2-4-1-1024x748.jpeg",1024,748,true],"newsium-medium":["http:\/\/tvalaire.com\/wp-content\/uploads\/2020\/08\/1-2-4-1-720x475.jpeg",720,475,true]},"author_info":{"info":["tvalairenoti"]},"category_info":"<a href=\"http:\/\/tvalaire.com\/?cat=1\" rel=\"category\">La Piedad<\/a>","tag_info":"La Piedad","comment_count":"0","jetpack_featured_media_url":"http:\/\/tvalaire.com\/wp-content\/uploads\/2020\/08\/1-2-4-1.jpeg","_links":{"self":[{"href":"http:\/\/tvalaire.com\/index.php?rest_route=\/wp\/v2\/posts\/7634"}],"collection":[{"href":"http:\/\/tvalaire.com\/index.php?rest_route=\/wp\/v2\/posts"}],"about":[{"href":"http:\/\/tvalaire.com\/index.php?rest_route=\/wp\/v2\/types\/post"}],"author":[{"embeddable":true,"href":"http:\/\/tvalaire.com\/index.php?rest_route=\/wp\/v2\/users\/1"}],"replies":[{"embeddable":true,"href":"http:\/\/tvalaire.com\/index.php?rest_route=%2Fwp%2Fv2%2Fcomments&post=7634"}],"version-history":[{"count":1,"href":"http:\/\/tvalaire.com\/index.php?rest_route=\/wp\/v2\/posts\/7634\/revisions"}],"predecessor-version":[{"id":7636,"href":"http:\/\/tvalaire.com\/index.php?rest_route=\/wp\/v2\/posts\/7634\/revisions\/7636"}],"wp:featuredmedia":[{"embeddable":true,"href":"http:\/\/tvalaire.com\/index.php?rest_route=\/wp\/v2\/media\/7635"}],"wp:attachment":[{"href":"http:\/\/tvalaire.com\/index.php?rest_route=%2Fwp%2Fv2%2Fmedia&parent=7634"}],"wp:term":[{"taxonomy":"category","embeddable":true,"href":"http:\/\/tvalaire.com\/index.php?rest_route=%2Fwp%2Fv2%2Fcategories&post=7634"},{"taxonomy":"post_tag","embeddable":true,"href":"http:\/\/tvalaire.com\/index.php?rest_route=%2Fwp%2Fv2%2Ftags&post=7634"}],"curies":[{"name":"wp","href":"https:\/\/api.w.org\/{rel}","templated":true}]}}