{"id":7628,"date":"2020-08-10T17:40:00","date_gmt":"2020-08-10T22:40:00","guid":{"rendered":"http:\/\/tvalaire.com\/?p=7628"},"modified":"2020-08-17T17:40:47","modified_gmt":"2020-08-17T22:40:47","slug":"inicia-recepcion-de-solicitudes-para-nuevas-becas-municipales","status":"publish","type":"post","link":"http:\/\/tvalaire.com\/?p=7628","title":{"rendered":"INICIA RECEPCI\u00d3N DE SOLICITUDES PARA NUEVAS BECAS MUNICIPALES"},"content":{"rendered":"\n<p><\/p>\n\n\n\n<ul class=\"wp-block-list\"><li><strong>Entrega\nde ficha a partir de las 07:00 de la ma\u00f1ana en Educaci\u00f3n<\/strong><\/li><li><strong>Se\ntiene un control m\u00e1s estricto para evitar aglomeraciones<\/strong><\/li><\/ul>\n\n\n\n<p>El Gobierno Municipal a\ntrav\u00e9s de la Direcci\u00f3n de Educaci\u00f3n, abri\u00f3 esta ma\u00f1ana el proceso de recepci\u00f3n\nde solicitudes para la obtenci\u00f3n de una beca para estudiantes de todos los\nniveles educativos que cuenten con calificaci\u00f3n de 8.5 en adelante.<\/p>\n\n\n\n<p>Tal como se hab\u00eda anunciado\na los aspirantes a obtener este est\u00edmulo, desde las 07:00 horas se comenz\u00f3 con\nla entrega de fichas de atenci\u00f3n, pues de acuerdo con el protocolo de seguridad\nsanitaria se acord\u00f3 entregar 50 fichas por d\u00eda.<\/p>\n\n\n\n<p>Para ello, los interesados o\npadres de familia deben entregar copias del acta de nacimiento, CURP,\nconstancia de estudios vigente, boleta de calificaciones del ciclo anterior,\ncomprobante de domicilio, dos fotograf\u00edas tama\u00f1o infantil del estudiante y\ncopia de la credencial de elector del padre o tutor.<\/p>\n\n\n\n<p>En este nuevo ciclo escolar\npodr\u00e1n ingresar al programa mil estudiantes de los cuales 500 espacios ser\u00e1\npara primaria; 250 para secundaria y 250 m\u00e1s entre alumnos de preparatoria y universidad.<\/p>\n\n\n\n<p>La instrucci\u00f3n de nuestro\nalcalde Alex Espinoza es enfocarse en las solicitudes de alumnos con una mayor\nnecesidad y se dar\u00e1n previo estudio socioecon\u00f3mico, as\u00ed como ser flexibles en\ncuanto a aquellos estudiantes a quienes, en estos momentos por cuestiones de la\npandemia, aun no cuentan con la boleta de calificaci\u00f3n m\u00e1s reciente. <\/p>\n\n\n\n<p>Record\u00f3 que no habr\u00e1\npr\u00f3rroga en las fechas de recepci\u00f3n de documentos para nuevo ingreso ser\u00e1 del\n10 al 21 de agosto; los de Secundaria del 24 al 28 del mismo mes y en el caso\nde la Preparatoria del 31 de agosto al 4 de septiembre, aunque podr\u00e1n esperar\nla boleta de calificaci\u00f3n dos semanas.<\/p>\n","protected":false},"excerpt":{"rendered":"<p>Entrega de ficha a partir de las 07:00 de la ma\u00f1ana en Educaci\u00f3n Se tiene&#8230;<\/p>\n","protected":false},"author":1,"featured_media":7629,"comment_status":"open","ping_status":"open","sticky":false,"template":"","format":"standard","meta":{"jetpack_post_was_ever_published":false,"_jetpack_newsletter_access":"","_jetpack_dont_email_post_to_subs":false,"_jetpack_newsletter_tier_id":0,"_jetpack_memberships_contains_paywalled_content":false,"_jetpack_memberships_contains_paid_content":false,"footnotes":"","jetpack_publicize_message":"","jetpack_publicize_feature_enabled":true,"jetpack_social_post_already_shared":false,"jetpack_social_options":{"image_generator_settings":{"template":"highway","enabled":false},"version":2}},"categories":[1],"tags":[15],"class_list":["post-7628","post","type-post","status-publish","format-standard","has-post-thumbnail","hentry","category-la-piedad","tag-la-piedad"],"jetpack_publicize_connections":[],"jetpack_sharing_enabled":true,"featured_image_urls":{"full":["http:\/\/tvalaire.com\/wp-content\/uploads\/2020\/08\/1.jpg",960,960,false],"thumbnail":["http:\/\/tvalaire.com\/wp-content\/uploads\/2020\/08\/1-150x150.jpg",150,150,true],"medium":["http:\/\/tvalaire.com\/wp-content\/uploads\/2020\/08\/1-300x300.jpg",300,300,true],"medium_large":["http:\/\/tvalaire.com\/wp-content\/uploads\/2020\/08\/1-768x768.jpg",640,640,true],"large":["http:\/\/tvalaire.com\/wp-content\/uploads\/2020\/08\/1.jpg",640,640,false],"post-slider-thumb-size":["http:\/\/tvalaire.com\/wp-content\/uploads\/2020\/08\/1-330x190.jpg",330,190,true],"post-category-slider-size":["http:\/\/tvalaire.com\/wp-content\/uploads\/2020\/08\/1.jpg",330,330,false],"1536x1536":["http:\/\/tvalaire.com\/wp-content\/uploads\/2020\/08\/1.jpg",960,960,false],"2048x2048":["http:\/\/tvalaire.com\/wp-content\/uploads\/2020\/08\/1.jpg",960,960,false],"newsium-slider-full":["http:\/\/tvalaire.com\/wp-content\/uploads\/2020\/08\/1-960x845.jpg",960,845,true],"newsium-featured":["http:\/\/tvalaire.com\/wp-content\/uploads\/2020\/08\/1.jpg",960,960,false],"newsium-medium":["http:\/\/tvalaire.com\/wp-content\/uploads\/2020\/08\/1-720x475.jpg",720,475,true]},"author_info":{"info":["tvalairenoti"]},"category_info":"<a href=\"http:\/\/tvalaire.com\/?cat=1\" rel=\"category\">La Piedad<\/a>","tag_info":"La Piedad","comment_count":"0","jetpack_featured_media_url":"http:\/\/tvalaire.com\/wp-content\/uploads\/2020\/08\/1.jpg","_links":{"self":[{"href":"http:\/\/tvalaire.com\/index.php?rest_route=\/wp\/v2\/posts\/7628"}],"collection":[{"href":"http:\/\/tvalaire.com\/index.php?rest_route=\/wp\/v2\/posts"}],"about":[{"href":"http:\/\/tvalaire.com\/index.php?rest_route=\/wp\/v2\/types\/post"}],"author":[{"embeddable":true,"href":"http:\/\/tvalaire.com\/index.php?rest_route=\/wp\/v2\/users\/1"}],"replies":[{"embeddable":true,"href":"http:\/\/tvalaire.com\/index.php?rest_route=%2Fwp%2Fv2%2Fcomments&post=7628"}],"version-history":[{"count":1,"href":"http:\/\/tvalaire.com\/index.php?rest_route=\/wp\/v2\/posts\/7628\/revisions"}],"predecessor-version":[{"id":7630,"href":"http:\/\/tvalaire.com\/index.php?rest_route=\/wp\/v2\/posts\/7628\/revisions\/7630"}],"wp:featuredmedia":[{"embeddable":true,"href":"http:\/\/tvalaire.com\/index.php?rest_route=\/wp\/v2\/media\/7629"}],"wp:attachment":[{"href":"http:\/\/tvalaire.com\/index.php?rest_route=%2Fwp%2Fv2%2Fmedia&parent=7628"}],"wp:term":[{"taxonomy":"category","embeddable":true,"href":"http:\/\/tvalaire.com\/index.php?rest_route=%2Fwp%2Fv2%2Fcategories&post=7628"},{"taxonomy":"post_tag","embeddable":true,"href":"http:\/\/tvalaire.com\/index.php?rest_route=%2Fwp%2Fv2%2Ftags&post=7628"}],"curies":[{"name":"wp","href":"https:\/\/api.w.org\/{rel}","templated":true}]}}