{"id":7622,"date":"2020-08-11T17:36:00","date_gmt":"2020-08-11T22:36:00","guid":{"rendered":"http:\/\/tvalaire.com\/?p=7622"},"modified":"2020-08-17T17:37:50","modified_gmt":"2020-08-17T22:37:50","slug":"inaugura-alcalde-tramo-de-calle-en-comunidad-de-rio-grande","status":"publish","type":"post","link":"http:\/\/tvalaire.com\/?p=7622","title":{"rendered":"INAUGURA ALCALDE TRAMO DE CALLE EN COMUNIDAD DE R\u00cdO GRANDE"},"content":{"rendered":"\n<p><\/p>\n\n\n\n<ul class=\"wp-block-list\"><li><strong>Acciones\nforman parte del Programa Cemento<\/strong><\/li><li><strong>Trabajos\nse realizan entre Gobierno y beneficiados<\/strong><\/li><\/ul>\n\n\n\n<p>Nuestro presidente municipal\nAlex Espinoza inaugur\u00f3 la pavimentaci\u00f3n de un tramo de la\ncalle \u201cJos\u00e9 Mar\u00eda Morelos\u201d en la comunidad de R\u00edo Grande, obra que se realiz\u00f3 entre\nel Gobierno y los vecinos a trav\u00e9s del programa \u201cCemento\u201d.<\/p>\n\n\n\n<p>Para la realizaci\u00f3n de la\nmisma el Gobierno Municipal destinaron 50 toneladas de cemento y los vecinos\nbeneficiados de la calle, en el tramo de Jos\u00e9 Garc\u00eda del R\u00edo y la avenida\nMiguel Hidalgo, aportaron el resto de los materiales y la mano de obra.<\/p>\n\n\n\n<p>En el acto inaugural nuestro\npresidente municipal, Alex Espinoza, aplaudi\u00f3 la forma en como se trabaja en\nequipo sociedad y Gobierno, adem\u00e1s afirm\u00f3 que en la comunidad se han\npavimentado a la fecha 4 vialidades.<\/p>\n\n\n\n<p>Por ello, explic\u00f3, que este\nGobierno muestra su compromiso con las comunidades rurales y una prueba de ello\nes en R\u00edo Grande.<\/p>\n\n\n\n<p>Tambi\u00e9n se hizo el\ncompromiso para que el total de la calle sea pavimentada, una vez que los\npropios vecinos se pongan de acuerdo para continuar dentro del programa\n\u201cCemento\u201d o en otra de las modalidades.<\/p>\n\n\n\n<p>A su vez, el jefe de\ntenencia de R\u00edo Grande, Jes\u00fas Bravo Hern\u00e1ndez, agradeci\u00f3 al Presidente\nMunicipal por siempre apoyar a la comunidad, misma que ha visto obra p\u00fablica\ndurante estos estos dos \u00faltimos a\u00f1os.<\/p>\n\n\n\n<p>Durante el acto, nuestro\nAlcalde estuvo acompa\u00f1ado del director de Obras P\u00fablicas, Aurelio Melchor, as\u00ed\ncomo supervisores de esta \u00e1rea y los habitantes quienes agradecieron el apoyo\npara mejorar una vialidad m\u00e1s en esta comunidad.<\/p>\n","protected":false},"excerpt":{"rendered":"<p>Acciones forman parte del Programa Cemento Trabajos se realizan entre Gobierno y beneficiados Nuestro presidente&#8230;<\/p>\n","protected":false},"author":1,"featured_media":7623,"comment_status":"open","ping_status":"open","sticky":false,"template":"","format":"standard","meta":{"jetpack_post_was_ever_published":false,"_jetpack_newsletter_access":"","_jetpack_dont_email_post_to_subs":false,"_jetpack_newsletter_tier_id":0,"_jetpack_memberships_contains_paywalled_content":false,"_jetpack_memberships_contains_paid_content":false,"footnotes":"","jetpack_publicize_message":"","jetpack_publicize_feature_enabled":true,"jetpack_social_post_already_shared":false,"jetpack_social_options":{"image_generator_settings":{"template":"highway","enabled":false},"version":2}},"categories":[1],"tags":[15,36],"class_list":["post-7622","post","type-post","status-publish","format-standard","has-post-thumbnail","hentry","category-la-piedad","tag-la-piedad","tag-principales"],"jetpack_publicize_connections":[],"jetpack_sharing_enabled":true,"featured_image_urls":{"full":["http:\/\/tvalaire.com\/wp-content\/uploads\/2020\/08\/1-2-3-1.jpeg",1280,720,false],"thumbnail":["http:\/\/tvalaire.com\/wp-content\/uploads\/2020\/08\/1-2-3-1-150x150.jpeg",150,150,true],"medium":["http:\/\/tvalaire.com\/wp-content\/uploads\/2020\/08\/1-2-3-1-300x169.jpeg",300,169,true],"medium_large":["http:\/\/tvalaire.com\/wp-content\/uploads\/2020\/08\/1-2-3-1-768x432.jpeg",640,360,true],"large":["http:\/\/tvalaire.com\/wp-content\/uploads\/2020\/08\/1-2-3-1-1024x576.jpeg",640,360,true],"post-slider-thumb-size":["http:\/\/tvalaire.com\/wp-content\/uploads\/2020\/08\/1-2-3-1-330x190.jpeg",330,190,true],"post-category-slider-size":["http:\/\/tvalaire.com\/wp-content\/uploads\/2020\/08\/1-2-3-1.jpeg",330,186,false],"1536x1536":["http:\/\/tvalaire.com\/wp-content\/uploads\/2020\/08\/1-2-3-1.jpeg",1280,720,false],"2048x2048":["http:\/\/tvalaire.com\/wp-content\/uploads\/2020\/08\/1-2-3-1.jpeg",1280,720,false],"newsium-slider-full":["http:\/\/tvalaire.com\/wp-content\/uploads\/2020\/08\/1-2-3-1.jpeg",1280,720,false],"newsium-featured":["http:\/\/tvalaire.com\/wp-content\/uploads\/2020\/08\/1-2-3-1-1024x576.jpeg",1024,576,true],"newsium-medium":["http:\/\/tvalaire.com\/wp-content\/uploads\/2020\/08\/1-2-3-1-720x475.jpeg",720,475,true]},"author_info":{"info":["tvalairenoti"]},"category_info":"<a href=\"http:\/\/tvalaire.com\/?cat=1\" rel=\"category\">La Piedad<\/a>","tag_info":"La Piedad","comment_count":"0","jetpack_featured_media_url":"http:\/\/tvalaire.com\/wp-content\/uploads\/2020\/08\/1-2-3-1.jpeg","_links":{"self":[{"href":"http:\/\/tvalaire.com\/index.php?rest_route=\/wp\/v2\/posts\/7622"}],"collection":[{"href":"http:\/\/tvalaire.com\/index.php?rest_route=\/wp\/v2\/posts"}],"about":[{"href":"http:\/\/tvalaire.com\/index.php?rest_route=\/wp\/v2\/types\/post"}],"author":[{"embeddable":true,"href":"http:\/\/tvalaire.com\/index.php?rest_route=\/wp\/v2\/users\/1"}],"replies":[{"embeddable":true,"href":"http:\/\/tvalaire.com\/index.php?rest_route=%2Fwp%2Fv2%2Fcomments&post=7622"}],"version-history":[{"count":1,"href":"http:\/\/tvalaire.com\/index.php?rest_route=\/wp\/v2\/posts\/7622\/revisions"}],"predecessor-version":[{"id":7624,"href":"http:\/\/tvalaire.com\/index.php?rest_route=\/wp\/v2\/posts\/7622\/revisions\/7624"}],"wp:featuredmedia":[{"embeddable":true,"href":"http:\/\/tvalaire.com\/index.php?rest_route=\/wp\/v2\/media\/7623"}],"wp:attachment":[{"href":"http:\/\/tvalaire.com\/index.php?rest_route=%2Fwp%2Fv2%2Fmedia&parent=7622"}],"wp:term":[{"taxonomy":"category","embeddable":true,"href":"http:\/\/tvalaire.com\/index.php?rest_route=%2Fwp%2Fv2%2Fcategories&post=7622"},{"taxonomy":"post_tag","embeddable":true,"href":"http:\/\/tvalaire.com\/index.php?rest_route=%2Fwp%2Fv2%2Ftags&post=7622"}],"curies":[{"name":"wp","href":"https:\/\/api.w.org\/{rel}","templated":true}]}}