{"id":7601,"date":"2020-08-13T17:25:00","date_gmt":"2020-08-13T22:25:00","guid":{"rendered":"http:\/\/tvalaire.com\/?p=7601"},"modified":"2020-08-17T17:26:34","modified_gmt":"2020-08-17T22:26:34","slug":"por-terminar-pavimentacion-en-la-calle-de-rio-grande","status":"publish","type":"post","link":"http:\/\/tvalaire.com\/?p=7601","title":{"rendered":"POR TERMINAR PAVIMENTACI\u00d3N EN LA CALLE DE R\u00cdO GRANDE"},"content":{"rendered":"\n<p><\/p>\n\n\n\n<ul class=\"wp-block-list\"><li><strong>Nuestro\nalcalde Alex Espinoza supervis\u00f3 esta semana los trabajos<\/strong><\/li><li><strong>Destinan\nen la obra recursos superiores a los 2 millones de pesos<\/strong><\/li><\/ul>\n\n\n\n<p>Este fin de semana quedar\u00e1\nterminado el colado del concreto hidr\u00e1ulico de la obra de pavimentaci\u00f3n de la\ncalle Benito Ju\u00e1rez en la comunidad de R\u00edo Grande.<\/p>\n\n\n\n<p>Desde el inicio de esta\nsemana se comenz\u00f3 a poner el colado de losas de concreto hidr\u00e1ulico luego de\nhaber terminado con la renovaci\u00f3n del sistema de drenaje y agua potable, as\u00ed\ncomo la cimentaci\u00f3n y aplanado de la misma.<\/p>\n\n\n\n<p>Nuestro alcalde Alex\nEspinoza, dentro de sus recorridos de visita de obra, acudi\u00f3 al lugar a conocer\nde cerca los avances en la misma y mencion\u00f3 que este mismo fin de semana los\ntrabajos estar\u00e1n terminados.<\/p>\n\n\n\n<p>Cabe destacar que esta obra\nforma parte del programa federal Fondo III en la cual se invierten 2 millones\n245 mil pesos, en el tramo que comprende desde Corregidora a Pedro Anaya.<\/p>\n\n\n\n<p>Con esta obra, el Gobierno\nMunicipal contribuye con el mejoramiento de infraestructura vial,\nprincipalmente de la zona urbana.<\/p>\n\n\n\n<p>A decir del Presidente\nMunicipal, en la tenencia de R\u00edo Grande se le apostado a la pavimentaci\u00f3n de\ncalles. Tan s\u00f3lo en estos dos a\u00f1os, cuatro han sido las vialidades a las que se\nle han colocado concreto hidr\u00e1ulico.<\/p>\n\n\n\n<p>Se espera que en menos de 20\nd\u00edas la obra sea entregada a sus habitantes, mismos que reci\u00e9n inauguraron la\ncalle Jos\u00e9 Mar\u00eda Morelos, misma que fue pavimentada a trav\u00e9s del programa\n\u201cCemento\u201d.<\/p>\n","protected":false},"excerpt":{"rendered":"<p>Nuestro alcalde Alex Espinoza supervis\u00f3 esta semana los trabajos Destinan en la obra recursos superiores&#8230;<\/p>\n","protected":false},"author":1,"featured_media":7602,"comment_status":"open","ping_status":"open","sticky":false,"template":"","format":"standard","meta":{"jetpack_post_was_ever_published":false,"_jetpack_newsletter_access":"","_jetpack_dont_email_post_to_subs":false,"_jetpack_newsletter_tier_id":0,"_jetpack_memberships_contains_paywalled_content":false,"_jetpack_memberships_contains_paid_content":false,"footnotes":"","jetpack_publicize_message":"","jetpack_publicize_feature_enabled":true,"jetpack_social_post_already_shared":false,"jetpack_social_options":{"image_generator_settings":{"template":"highway","enabled":false},"version":2}},"categories":[1],"tags":[15],"class_list":["post-7601","post","type-post","status-publish","format-standard","has-post-thumbnail","hentry","category-la-piedad","tag-la-piedad"],"jetpack_publicize_connections":[],"jetpack_sharing_enabled":true,"featured_image_urls":{"full":["http:\/\/tvalaire.com\/wp-content\/uploads\/2020\/08\/1-9.jpeg",1080,808,false],"thumbnail":["http:\/\/tvalaire.com\/wp-content\/uploads\/2020\/08\/1-9-150x150.jpeg",150,150,true],"medium":["http:\/\/tvalaire.com\/wp-content\/uploads\/2020\/08\/1-9-300x224.jpeg",300,224,true],"medium_large":["http:\/\/tvalaire.com\/wp-content\/uploads\/2020\/08\/1-9-768x575.jpeg",640,479,true],"large":["http:\/\/tvalaire.com\/wp-content\/uploads\/2020\/08\/1-9-1024x766.jpeg",640,479,true],"post-slider-thumb-size":["http:\/\/tvalaire.com\/wp-content\/uploads\/2020\/08\/1-9-330x190.jpeg",330,190,true],"post-category-slider-size":["http:\/\/tvalaire.com\/wp-content\/uploads\/2020\/08\/1-9.jpeg",330,247,false],"1536x1536":["http:\/\/tvalaire.com\/wp-content\/uploads\/2020\/08\/1-9.jpeg",1080,808,false],"2048x2048":["http:\/\/tvalaire.com\/wp-content\/uploads\/2020\/08\/1-9.jpeg",1080,808,false],"newsium-slider-full":["http:\/\/tvalaire.com\/wp-content\/uploads\/2020\/08\/1-9.jpeg",1080,808,false],"newsium-featured":["http:\/\/tvalaire.com\/wp-content\/uploads\/2020\/08\/1-9-1024x766.jpeg",1024,766,true],"newsium-medium":["http:\/\/tvalaire.com\/wp-content\/uploads\/2020\/08\/1-9-720x475.jpeg",720,475,true]},"author_info":{"info":["tvalairenoti"]},"category_info":"<a href=\"http:\/\/tvalaire.com\/?cat=1\" rel=\"category\">La Piedad<\/a>","tag_info":"La Piedad","comment_count":"0","jetpack_featured_media_url":"http:\/\/tvalaire.com\/wp-content\/uploads\/2020\/08\/1-9.jpeg","_links":{"self":[{"href":"http:\/\/tvalaire.com\/index.php?rest_route=\/wp\/v2\/posts\/7601"}],"collection":[{"href":"http:\/\/tvalaire.com\/index.php?rest_route=\/wp\/v2\/posts"}],"about":[{"href":"http:\/\/tvalaire.com\/index.php?rest_route=\/wp\/v2\/types\/post"}],"author":[{"embeddable":true,"href":"http:\/\/tvalaire.com\/index.php?rest_route=\/wp\/v2\/users\/1"}],"replies":[{"embeddable":true,"href":"http:\/\/tvalaire.com\/index.php?rest_route=%2Fwp%2Fv2%2Fcomments&post=7601"}],"version-history":[{"count":1,"href":"http:\/\/tvalaire.com\/index.php?rest_route=\/wp\/v2\/posts\/7601\/revisions"}],"predecessor-version":[{"id":7603,"href":"http:\/\/tvalaire.com\/index.php?rest_route=\/wp\/v2\/posts\/7601\/revisions\/7603"}],"wp:featuredmedia":[{"embeddable":true,"href":"http:\/\/tvalaire.com\/index.php?rest_route=\/wp\/v2\/media\/7602"}],"wp:attachment":[{"href":"http:\/\/tvalaire.com\/index.php?rest_route=%2Fwp%2Fv2%2Fmedia&parent=7601"}],"wp:term":[{"taxonomy":"category","embeddable":true,"href":"http:\/\/tvalaire.com\/index.php?rest_route=%2Fwp%2Fv2%2Fcategories&post=7601"},{"taxonomy":"post_tag","embeddable":true,"href":"http:\/\/tvalaire.com\/index.php?rest_route=%2Fwp%2Fv2%2Ftags&post=7601"}],"curies":[{"name":"wp","href":"https:\/\/api.w.org\/{rel}","templated":true}]}}