{"id":7588,"date":"2020-08-17T17:19:04","date_gmt":"2020-08-17T22:19:04","guid":{"rendered":"http:\/\/tvalaire.com\/?p=7588"},"modified":"2020-08-17T17:19:10","modified_gmt":"2020-08-17T22:19:10","slug":"transito-municipal-celebra-dia-del-peaton-con-campana-informativa","status":"publish","type":"post","link":"http:\/\/tvalaire.com\/?p=7588","title":{"rendered":"TR\u00c1NSITO MUNICIPAL CELEBRA D\u00cdA DEL PEAT\u00d3N CON CAMPA\u00d1A INFORMATIVA"},"content":{"rendered":"\n<p><\/p>\n\n\n\n<ul class=\"wp-block-list\"><li><strong>Previamente iniciaron un programa de difusi\u00f3n por\nuna cultura vial<\/strong><\/li><li><strong>El objetivo es que los peatones conozcan sus\nobligaciones<\/strong><\/li><\/ul>\n\n\n\n<p>La direcci\u00f3n de Tr\u00e1nsito Municipal\ncelebr\u00f3 este D\u00eda Mundial del Peat\u00f3n con el reforzamiento de la campa\u00f1a por una\ncultura vial que inici\u00f3 semanas antes.<\/p>\n\n\n\n<p>Gabriel Anguiano Maga\u00f1a, director de\nla dependencia explic\u00f3 que el programa se dise\u00f1\u00f3 con el fin de generar una\ncultura vial y sobre todo para que el peat\u00f3n conozca los tipos de se\u00f1ales que\nse utilizan en las calles y avenidas de las ciudades.<\/p>\n\n\n\n<p>Dicha campa\u00f1a arranc\u00f3 hace unas\nsemanas a trav\u00e9s del Gobierno Municipal y las redes sociales, en las cuales se\ndan a conocer los tipos de se\u00f1alamientos que hay como son: los informativos,\nrestrictivos y preventivos, as\u00ed como los colores que se utilizan para cada uno\nde ellos.<\/p>\n\n\n\n<p>Gabriel Anguiano indic\u00f3 que el\npersonal de la direcci\u00f3n de Tr\u00e1nsito estar\u00e1 enfocado en apoyar al peat\u00f3n y\nhacerle ver sus derechos y obligaciones con la finalidad de que conozcan los\nespacios dise\u00f1ados para ellos y recuerden las obligaciones que implica la\ncirculaci\u00f3n a pie.<\/p>\n\n\n\n<p>Explic\u00f3 que como peatones se debe\ntomar en cuenta que tienen prioridad de cruce, pero eso no implica que lo puedan\nhacer por cualquier lado y de cualquier manera, hay que hacerlo correctamente.<\/p>\n\n\n\n<p>Por tanto, invit\u00f3 a los peatones a\nponer atenci\u00f3n a los se\u00f1alamientos y sobre todo atenderlos de manera correcta\npara su protecci\u00f3n y la de los dem\u00e1s.<\/p>\n","protected":false},"excerpt":{"rendered":"<p>Previamente iniciaron un programa de difusi\u00f3n por una cultura vial El objetivo es que los&#8230;<\/p>\n","protected":false},"author":1,"featured_media":7590,"comment_status":"open","ping_status":"open","sticky":false,"template":"","format":"standard","meta":{"jetpack_post_was_ever_published":false,"_jetpack_newsletter_access":"","_jetpack_dont_email_post_to_subs":false,"_jetpack_newsletter_tier_id":0,"_jetpack_memberships_contains_paywalled_content":false,"_jetpack_memberships_contains_paid_content":false,"footnotes":"","jetpack_publicize_message":"","jetpack_publicize_feature_enabled":true,"jetpack_social_post_already_shared":false,"jetpack_social_options":{"image_generator_settings":{"template":"highway","enabled":false},"version":2}},"categories":[1,35],"tags":[15],"class_list":["post-7588","post","type-post","status-publish","format-standard","has-post-thumbnail","hentry","category-la-piedad","category-principales","tag-la-piedad"],"jetpack_publicize_connections":[],"jetpack_sharing_enabled":true,"featured_image_urls":{"full":["http:\/\/tvalaire.com\/wp-content\/uploads\/2020\/08\/1-4-8.jpeg",1280,853,false],"thumbnail":["http:\/\/tvalaire.com\/wp-content\/uploads\/2020\/08\/1-4-8-150x150.jpeg",150,150,true],"medium":["http:\/\/tvalaire.com\/wp-content\/uploads\/2020\/08\/1-4-8-300x200.jpeg",300,200,true],"medium_large":["http:\/\/tvalaire.com\/wp-content\/uploads\/2020\/08\/1-4-8-768x512.jpeg",640,427,true],"large":["http:\/\/tvalaire.com\/wp-content\/uploads\/2020\/08\/1-4-8-1024x682.jpeg",640,426,true],"post-slider-thumb-size":["http:\/\/tvalaire.com\/wp-content\/uploads\/2020\/08\/1-4-8-330x190.jpeg",330,190,true],"post-category-slider-size":["http:\/\/tvalaire.com\/wp-content\/uploads\/2020\/08\/1-4-8.jpeg",330,220,false],"1536x1536":["http:\/\/tvalaire.com\/wp-content\/uploads\/2020\/08\/1-4-8.jpeg",1280,853,false],"2048x2048":["http:\/\/tvalaire.com\/wp-content\/uploads\/2020\/08\/1-4-8.jpeg",1280,853,false],"newsium-slider-full":["http:\/\/tvalaire.com\/wp-content\/uploads\/2020\/08\/1-4-8-1280x845.jpeg",1280,845,true],"newsium-featured":["http:\/\/tvalaire.com\/wp-content\/uploads\/2020\/08\/1-4-8-1024x682.jpeg",1024,682,true],"newsium-medium":["http:\/\/tvalaire.com\/wp-content\/uploads\/2020\/08\/1-4-8-720x475.jpeg",720,475,true]},"author_info":{"info":["tvalairenoti"]},"category_info":"<a href=\"http:\/\/tvalaire.com\/?cat=1\" rel=\"category\">La Piedad<\/a> <a href=\"http:\/\/tvalaire.com\/?cat=35\" rel=\"category\">Principales<\/a>","tag_info":"Principales","comment_count":"0","jetpack_featured_media_url":"http:\/\/tvalaire.com\/wp-content\/uploads\/2020\/08\/1-4-8.jpeg","_links":{"self":[{"href":"http:\/\/tvalaire.com\/index.php?rest_route=\/wp\/v2\/posts\/7588"}],"collection":[{"href":"http:\/\/tvalaire.com\/index.php?rest_route=\/wp\/v2\/posts"}],"about":[{"href":"http:\/\/tvalaire.com\/index.php?rest_route=\/wp\/v2\/types\/post"}],"author":[{"embeddable":true,"href":"http:\/\/tvalaire.com\/index.php?rest_route=\/wp\/v2\/users\/1"}],"replies":[{"embeddable":true,"href":"http:\/\/tvalaire.com\/index.php?rest_route=%2Fwp%2Fv2%2Fcomments&post=7588"}],"version-history":[{"count":1,"href":"http:\/\/tvalaire.com\/index.php?rest_route=\/wp\/v2\/posts\/7588\/revisions"}],"predecessor-version":[{"id":7591,"href":"http:\/\/tvalaire.com\/index.php?rest_route=\/wp\/v2\/posts\/7588\/revisions\/7591"}],"wp:featuredmedia":[{"embeddable":true,"href":"http:\/\/tvalaire.com\/index.php?rest_route=\/wp\/v2\/media\/7590"}],"wp:attachment":[{"href":"http:\/\/tvalaire.com\/index.php?rest_route=%2Fwp%2Fv2%2Fmedia&parent=7588"}],"wp:term":[{"taxonomy":"category","embeddable":true,"href":"http:\/\/tvalaire.com\/index.php?rest_route=%2Fwp%2Fv2%2Fcategories&post=7588"},{"taxonomy":"post_tag","embeddable":true,"href":"http:\/\/tvalaire.com\/index.php?rest_route=%2Fwp%2Fv2%2Ftags&post=7588"}],"curies":[{"name":"wp","href":"https:\/\/api.w.org\/{rel}","templated":true}]}}