{"id":7519,"date":"2020-07-30T11:21:00","date_gmt":"2020-07-30T16:21:00","guid":{"rendered":"http:\/\/tvalaire.com\/?p=7519"},"modified":"2020-08-01T11:22:45","modified_gmt":"2020-08-01T16:22:45","slug":"entregan-herramientas-de-trabajo-a-empleados-municipales","status":"publish","type":"post","link":"http:\/\/tvalaire.com\/?p=7519","title":{"rendered":"ENTREGAN HERRAMIENTAS DE TRABAJO A EMPLEADOS MUNICIPALES"},"content":{"rendered":"\n<p><\/p>\n\n\n\n<ul class=\"wp-block-list\"><li><strong>Pide\nAlcalde continuar con actividades en favor de la ciudadan\u00eda <\/strong><\/li><li><strong>El\nl\u00edder del SEM dijo reconocer el esfuerzo que realiza el Gobierno <\/strong><\/li><\/ul>\n\n\n\n<p>Trabajadores de las \u00e1reas de\nEcolog\u00eda, Deportes, Obras y Servicios P\u00fablicos recibieron diversas herramientas\ny uniformes que sirven para facilitar el trabajo que realizan en favor de la\npoblaci\u00f3n.<\/p>\n\n\n\n<p>Carretillas, palas,\nrastrillos, tijeras podadoras, guantes, goggles de seguridad,\nbarras, botas de hule, machetes, azadones y uniformes especiales para el\npersonal de alumbrado p\u00fablico, formaron parte del paquete de herramientas\nentregadasen el Centro Cultural Piedadense.<\/p>\n\n\n\n<p>En el acto de entrega que\nencabez\u00f3 nuestro alcalde Alex Espinoza, el secretario general del Sindicato deEmpleados\nMunicipales (SEM), Ricardo Garc\u00eda,resalt\u00f3 el trabajo y la coordinaci\u00f3n que se\ntiene con el Gobierno Municipal. Motivo por el cual, reconoci\u00f3 el buen manejo\nde las finanzas para beneficio de los trabajadores.<\/p>\n\n\n\n<p>Destac\u00f3 que el personal\nsindicalizado es institucional y cumple con lo que les corresponde hacer e hizo\nun llamado a directores y empleados para trabajar en pro de los ciudadanos.<\/p>\n\n\n\n<p>En su intervenci\u00f3n nuestro\nalcalde Alex Espinoza, destac\u00f3 se ha privilegiado,ante todo, el salario de los\ntrabajadores que son quienes laboran desde muy temprano para mantener las\ncalles limpias, arroyos desazolvados y dem\u00e1s.<\/p>\n\n\n\n<p>Indic\u00f3 que seguir\u00e1 siendo\nresponsable en el manejo del dinero e hizo un llamado a empleados municipales a\nvalorar su trabajo y seguir realizando sus actividades en pro de la ciudadan\u00eda.<\/p>\n\n\n\n<p>En el acto estuvieron\ntambi\u00e9n presentes el oficial mayor, Adri\u00e1n Jim\u00e9nez Guth; Ram\u00f3n Navarro M\u00e9ndez\nintegrante del sindicato; Mario Sevilla, secretario del gremio; as\u00ed como\ndirectores de Servicios P\u00fablicos, Ecolog\u00eda y el subdirector de Deportes.<\/p>\n","protected":false},"excerpt":{"rendered":"<p>Pide Alcalde continuar con actividades en favor de la ciudadan\u00eda El l\u00edder del SEM dijo&#8230;<\/p>\n","protected":false},"author":1,"featured_media":7520,"comment_status":"open","ping_status":"open","sticky":false,"template":"","format":"standard","meta":{"jetpack_post_was_ever_published":false,"_jetpack_newsletter_access":"","_jetpack_dont_email_post_to_subs":false,"_jetpack_newsletter_tier_id":0,"_jetpack_memberships_contains_paywalled_content":false,"_jetpack_memberships_contains_paid_content":false,"footnotes":"","jetpack_publicize_message":"","jetpack_publicize_feature_enabled":true,"jetpack_social_post_already_shared":false,"jetpack_social_options":{"image_generator_settings":{"template":"highway","enabled":false},"version":2}},"categories":[1],"tags":[],"class_list":["post-7519","post","type-post","status-publish","format-standard","has-post-thumbnail","hentry","category-la-piedad"],"jetpack_publicize_connections":[],"jetpack_sharing_enabled":true,"featured_image_urls":{"full":["http:\/\/tvalaire.com\/wp-content\/uploads\/2020\/08\/1-2-9.jpeg",1280,853,false],"thumbnail":["http:\/\/tvalaire.com\/wp-content\/uploads\/2020\/08\/1-2-9-150x150.jpeg",150,150,true],"medium":["http:\/\/tvalaire.com\/wp-content\/uploads\/2020\/08\/1-2-9-300x200.jpeg",300,200,true],"medium_large":["http:\/\/tvalaire.com\/wp-content\/uploads\/2020\/08\/1-2-9-768x512.jpeg",640,427,true],"large":["http:\/\/tvalaire.com\/wp-content\/uploads\/2020\/08\/1-2-9-1024x682.jpeg",640,426,true],"post-slider-thumb-size":["http:\/\/tvalaire.com\/wp-content\/uploads\/2020\/08\/1-2-9-330x190.jpeg",330,190,true],"post-category-slider-size":["http:\/\/tvalaire.com\/wp-content\/uploads\/2020\/08\/1-2-9.jpeg",330,220,false],"1536x1536":["http:\/\/tvalaire.com\/wp-content\/uploads\/2020\/08\/1-2-9.jpeg",1280,853,false],"2048x2048":["http:\/\/tvalaire.com\/wp-content\/uploads\/2020\/08\/1-2-9.jpeg",1280,853,false],"newsium-slider-full":["http:\/\/tvalaire.com\/wp-content\/uploads\/2020\/08\/1-2-9-1280x845.jpeg",1280,845,true],"newsium-featured":["http:\/\/tvalaire.com\/wp-content\/uploads\/2020\/08\/1-2-9-1024x682.jpeg",1024,682,true],"newsium-medium":["http:\/\/tvalaire.com\/wp-content\/uploads\/2020\/08\/1-2-9-720x475.jpeg",720,475,true]},"author_info":{"info":["tvalairenoti"]},"category_info":"<a href=\"http:\/\/tvalaire.com\/?cat=1\" rel=\"category\">La Piedad<\/a>","tag_info":"La Piedad","comment_count":"0","jetpack_featured_media_url":"http:\/\/tvalaire.com\/wp-content\/uploads\/2020\/08\/1-2-9.jpeg","_links":{"self":[{"href":"http:\/\/tvalaire.com\/index.php?rest_route=\/wp\/v2\/posts\/7519"}],"collection":[{"href":"http:\/\/tvalaire.com\/index.php?rest_route=\/wp\/v2\/posts"}],"about":[{"href":"http:\/\/tvalaire.com\/index.php?rest_route=\/wp\/v2\/types\/post"}],"author":[{"embeddable":true,"href":"http:\/\/tvalaire.com\/index.php?rest_route=\/wp\/v2\/users\/1"}],"replies":[{"embeddable":true,"href":"http:\/\/tvalaire.com\/index.php?rest_route=%2Fwp%2Fv2%2Fcomments&post=7519"}],"version-history":[{"count":1,"href":"http:\/\/tvalaire.com\/index.php?rest_route=\/wp\/v2\/posts\/7519\/revisions"}],"predecessor-version":[{"id":7521,"href":"http:\/\/tvalaire.com\/index.php?rest_route=\/wp\/v2\/posts\/7519\/revisions\/7521"}],"wp:featuredmedia":[{"embeddable":true,"href":"http:\/\/tvalaire.com\/index.php?rest_route=\/wp\/v2\/media\/7520"}],"wp:attachment":[{"href":"http:\/\/tvalaire.com\/index.php?rest_route=%2Fwp%2Fv2%2Fmedia&parent=7519"}],"wp:term":[{"taxonomy":"category","embeddable":true,"href":"http:\/\/tvalaire.com\/index.php?rest_route=%2Fwp%2Fv2%2Fcategories&post=7519"},{"taxonomy":"post_tag","embeddable":true,"href":"http:\/\/tvalaire.com\/index.php?rest_route=%2Fwp%2Fv2%2Ftags&post=7519"}],"curies":[{"name":"wp","href":"https:\/\/api.w.org\/{rel}","templated":true}]}}