{"id":751,"date":"2017-03-07T09:57:32","date_gmt":"2017-03-07T15:57:32","guid":{"rendered":"http:\/\/tvalaire.com\/?p=751"},"modified":"2017-03-07T09:57:32","modified_gmt":"2017-03-07T15:57:32","slug":"se-realiza-la-primera-feria-de-la-salud-en-janamuato","status":"publish","type":"post","link":"http:\/\/tvalaire.com\/?p=751","title":{"rendered":"SE REALIZA LA PRIMERA FERIA DE LA SALUD EN JANAMUATO"},"content":{"rendered":"<p>El IMSS (Instituto Mexicano del Seguro Social) Prospera en coordinaci\u00f3n con el Honorable Ayuntamiento, realizaron la Primera Feria de Salud en la comunidad de Janamuato, del Municipio de Puru\u00e1ndiro, en donde el Presidente Municipal V\u00edctor V\u00e1zquez agradeci\u00f3 al Delegado Regional del IMSS en el Estado Dr. Toman Acosta Rosales, por todo su apoyo de manera incondicional.<\/p>\n<p>Igualmente enfatiz\u00f3 que en el marco de la Primera Semana Nacional de Vacunaci\u00f3n, hoy nos dieron esa gran distinci\u00f3n, para que los Puruandirenses podamos gozar de esta caravana de la salud que tiene como objetivo detectar enfermedades Cr\u00f3nicas degenerativas, de c\u00e1ncer y orientaci\u00f3n en otras enfermedades.<\/p>\n<p>Por su parte el Delegado se\u00f1al\u00f3 que &#8220;en la presente administraci\u00f3n federal hemos reducido la muerte materna a m\u00e1s del 50 por ciento en el programa, de ah\u00ed la importancia de que las mujeres embarazadas asistan a sus consultas y que se les atienda oportunamente. En r\u00e9gimen ordinario en el Estado tenemos la tasa m\u00e1s baja de muerte materna, en el pa\u00eds&#8221;.<\/p>\n<p>Posteriormente de la inauguraci\u00f3n de la feria, visitaron las Unidades M\u00e9dicas del Municipio para escuchar sus necesidades y poderlas atender, ya que ya se tiene detectado el tema del medicamento, que es lo que m\u00e1s se requiere. Ante ello resalt\u00f3 el Delegado que &#8221; en este tema van a ver una gran mejora en el surtido de medicamento, en el presente a\u00f1o&#8221;.<\/p>\n<p>De la misma forma dentro del Plan Michoac\u00e1n que se hecho andar en el 2014, el Gobierno de la Rep\u00fablica, mando a Michoac\u00e1n 10 unidades m\u00f3viles con una gran inversi\u00f3n que le ha dado beneficio a muchas personas. Mismas que tienen rutas preestablecidas que les dan atenci\u00f3n m\u00e9dicas a miles de Michoacanos.<\/p>\n<p>&nbsp;<\/p>\n<p><img loading=\"lazy\" decoding=\"async\" class=\"alignnone size-medium wp-image-757\" src=\"http:\/\/tvalaire.com\/wp-content\/uploads\/2017\/03\/primera-feria-de-la-salud-6-300x199.jpg\" alt=\"\" width=\"300\" height=\"199\" srcset=\"http:\/\/tvalaire.com\/wp-content\/uploads\/2017\/03\/primera-feria-de-la-salud-6-300x199.jpg 300w, http:\/\/tvalaire.com\/wp-content\/uploads\/2017\/03\/primera-feria-de-la-salud-6-768x509.jpg 768w, http:\/\/tvalaire.com\/wp-content\/uploads\/2017\/03\/primera-feria-de-la-salud-6-1024x678.jpg 1024w\" sizes=\"(max-width: 300px) 100vw, 300px\" \/><\/p>\n<p><img loading=\"lazy\" decoding=\"async\" class=\"alignnone size-medium wp-image-756\" src=\"http:\/\/tvalaire.com\/wp-content\/uploads\/2017\/03\/primera-feria-de-la-salud-5-300x199.jpg\" alt=\"\" width=\"300\" height=\"199\" srcset=\"http:\/\/tvalaire.com\/wp-content\/uploads\/2017\/03\/primera-feria-de-la-salud-5-300x199.jpg 300w, http:\/\/tvalaire.com\/wp-content\/uploads\/2017\/03\/primera-feria-de-la-salud-5-768x509.jpg 768w, http:\/\/tvalaire.com\/wp-content\/uploads\/2017\/03\/primera-feria-de-la-salud-5-1024x678.jpg 1024w\" sizes=\"(max-width: 300px) 100vw, 300px\" \/><\/p>\n<p><img loading=\"lazy\" decoding=\"async\" class=\"alignnone size-medium wp-image-754\" src=\"http:\/\/tvalaire.com\/wp-content\/uploads\/2017\/03\/primera-feria-de-la-salud-3-300x199.jpg\" alt=\"\" width=\"300\" height=\"199\" srcset=\"http:\/\/tvalaire.com\/wp-content\/uploads\/2017\/03\/primera-feria-de-la-salud-3-300x199.jpg 300w, http:\/\/tvalaire.com\/wp-content\/uploads\/2017\/03\/primera-feria-de-la-salud-3-768x509.jpg 768w, http:\/\/tvalaire.com\/wp-content\/uploads\/2017\/03\/primera-feria-de-la-salud-3-1024x678.jpg 1024w\" sizes=\"(max-width: 300px) 100vw, 300px\" \/><\/p>\n<p><img loading=\"lazy\" decoding=\"async\" class=\"alignnone size-medium wp-image-753\" src=\"http:\/\/tvalaire.com\/wp-content\/uploads\/2017\/03\/primera-feria-de-la-salud-2-199x300.jpg\" alt=\"\" width=\"199\" height=\"300\" srcset=\"http:\/\/tvalaire.com\/wp-content\/uploads\/2017\/03\/primera-feria-de-la-salud-2-199x300.jpg 199w, http:\/\/tvalaire.com\/wp-content\/uploads\/2017\/03\/primera-feria-de-la-salud-2-768x1160.jpg 768w, http:\/\/tvalaire.com\/wp-content\/uploads\/2017\/03\/primera-feria-de-la-salud-2-678x1024.jpg 678w, http:\/\/tvalaire.com\/wp-content\/uploads\/2017\/03\/primera-feria-de-la-salud-2.jpg 1632w\" sizes=\"(max-width: 199px) 100vw, 199px\" \/> <img loading=\"lazy\" decoding=\"async\" class=\"alignnone size-medium wp-image-752\" src=\"http:\/\/tvalaire.com\/wp-content\/uploads\/2017\/03\/primera-feria-de-la-salud-1-300x199.jpg\" alt=\"\" width=\"300\" height=\"199\" srcset=\"http:\/\/tvalaire.com\/wp-content\/uploads\/2017\/03\/primera-feria-de-la-salud-1-300x199.jpg 300w, http:\/\/tvalaire.com\/wp-content\/uploads\/2017\/03\/primera-feria-de-la-salud-1-768x509.jpg 768w, http:\/\/tvalaire.com\/wp-content\/uploads\/2017\/03\/primera-feria-de-la-salud-1-1024x678.jpg 1024w\" sizes=\"(max-width: 300px) 100vw, 300px\" \/><\/p>\n","protected":false},"excerpt":{"rendered":"<p>El IMSS (Instituto Mexicano del Seguro Social) Prospera en coordinaci\u00f3n con el Honorable Ayuntamiento, realizaron&#8230;<\/p>\n","protected":false},"author":1,"featured_media":755,"comment_status":"open","ping_status":"open","sticky":false,"template":"","format":"standard","meta":{"jetpack_post_was_ever_published":false,"_jetpack_newsletter_access":"","_jetpack_dont_email_post_to_subs":false,"_jetpack_newsletter_tier_id":0,"_jetpack_memberships_contains_paywalled_content":false,"_jetpack_memberships_contains_paid_content":false,"footnotes":"","jetpack_publicize_message":"","jetpack_publicize_feature_enabled":true,"jetpack_social_post_already_shared":false,"jetpack_social_options":{"image_generator_settings":{"template":"highway","enabled":false},"version":2}},"categories":[4],"tags":[36,24],"class_list":["post-751","post","type-post","status-publish","format-standard","has-post-thumbnail","hentry","category-puruandiro","tag-principales","tag-puruandiro"],"jetpack_publicize_connections":[],"jetpack_sharing_enabled":true,"featured_image_urls":{"full":["http:\/\/tvalaire.com\/wp-content\/uploads\/2017\/03\/primera-feria-de-la-salud-4.jpg",2464,1632,false],"thumbnail":["http:\/\/tvalaire.com\/wp-content\/uploads\/2017\/03\/primera-feria-de-la-salud-4-150x150.jpg",150,150,true],"medium":["http:\/\/tvalaire.com\/wp-content\/uploads\/2017\/03\/primera-feria-de-la-salud-4-300x199.jpg",300,199,true],"medium_large":["http:\/\/tvalaire.com\/wp-content\/uploads\/2017\/03\/primera-feria-de-la-salud-4-768x509.jpg",640,424,true],"large":["http:\/\/tvalaire.com\/wp-content\/uploads\/2017\/03\/primera-feria-de-la-salud-4-1024x678.jpg",640,424,true],"post-slider-thumb-size":["http:\/\/tvalaire.com\/wp-content\/uploads\/2017\/03\/primera-feria-de-la-salud-4.jpg",287,190,false],"post-category-slider-size":["http:\/\/tvalaire.com\/wp-content\/uploads\/2017\/03\/primera-feria-de-la-salud-4.jpg",330,219,false],"1536x1536":["http:\/\/tvalaire.com\/wp-content\/uploads\/2017\/03\/primera-feria-de-la-salud-4.jpg",1536,1017,false],"2048x2048":["http:\/\/tvalaire.com\/wp-content\/uploads\/2017\/03\/primera-feria-de-la-salud-4.jpg",2048,1356,false],"newsium-slider-full":["http:\/\/tvalaire.com\/wp-content\/uploads\/2017\/03\/primera-feria-de-la-salud-4.jpg",1276,845,false],"newsium-featured":["http:\/\/tvalaire.com\/wp-content\/uploads\/2017\/03\/primera-feria-de-la-salud-4.jpg",1024,678,false],"newsium-medium":["http:\/\/tvalaire.com\/wp-content\/uploads\/2017\/03\/primera-feria-de-la-salud-4.jpg",717,475,false]},"author_info":{"info":["tvalairenoti"]},"category_info":"<a href=\"http:\/\/tvalaire.com\/?cat=4\" rel=\"category\">Puru\u00e1ndiro<\/a>","tag_info":"Puru\u00e1ndiro","comment_count":"0","jetpack_featured_media_url":"http:\/\/tvalaire.com\/wp-content\/uploads\/2017\/03\/primera-feria-de-la-salud-4.jpg","_links":{"self":[{"href":"http:\/\/tvalaire.com\/index.php?rest_route=\/wp\/v2\/posts\/751"}],"collection":[{"href":"http:\/\/tvalaire.com\/index.php?rest_route=\/wp\/v2\/posts"}],"about":[{"href":"http:\/\/tvalaire.com\/index.php?rest_route=\/wp\/v2\/types\/post"}],"author":[{"embeddable":true,"href":"http:\/\/tvalaire.com\/index.php?rest_route=\/wp\/v2\/users\/1"}],"replies":[{"embeddable":true,"href":"http:\/\/tvalaire.com\/index.php?rest_route=%2Fwp%2Fv2%2Fcomments&post=751"}],"version-history":[{"count":1,"href":"http:\/\/tvalaire.com\/index.php?rest_route=\/wp\/v2\/posts\/751\/revisions"}],"predecessor-version":[{"id":758,"href":"http:\/\/tvalaire.com\/index.php?rest_route=\/wp\/v2\/posts\/751\/revisions\/758"}],"wp:featuredmedia":[{"embeddable":true,"href":"http:\/\/tvalaire.com\/index.php?rest_route=\/wp\/v2\/media\/755"}],"wp:attachment":[{"href":"http:\/\/tvalaire.com\/index.php?rest_route=%2Fwp%2Fv2%2Fmedia&parent=751"}],"wp:term":[{"taxonomy":"category","embeddable":true,"href":"http:\/\/tvalaire.com\/index.php?rest_route=%2Fwp%2Fv2%2Fcategories&post=751"},{"taxonomy":"post_tag","embeddable":true,"href":"http:\/\/tvalaire.com\/index.php?rest_route=%2Fwp%2Fv2%2Ftags&post=751"}],"curies":[{"name":"wp","href":"https:\/\/api.w.org\/{rel}","templated":true}]}}