{"id":7507,"date":"2020-07-28T11:18:00","date_gmt":"2020-07-28T16:18:00","guid":{"rendered":"http:\/\/tvalaire.com\/?p=7507"},"modified":"2020-08-01T11:19:25","modified_gmt":"2020-08-01T16:19:25","slug":"instalan-dos-comites-de-participacion-ciudadana-en-la-piedad","status":"publish","type":"post","link":"http:\/\/tvalaire.com\/?p=7507","title":{"rendered":"INSTALAN DOS COMIT\u00c9S DE PARTICIPACI\u00d3N CIUDADANA EN LA PIEDAD"},"content":{"rendered":"\n<p><\/p>\n\n\n\n<ul class=\"wp-block-list\"><li><strong>Forman\nparte del programa FORTASEG<\/strong><\/li><li><strong>Se\ntiene previsto instalar 32 Comit\u00e9s en varias colonias <\/strong><\/li><\/ul>\n\n\n\n<p>Fueron instalados los dos\nprimeros Comit\u00e9s de Participaci\u00f3n Ciudadana del Programa de Fortalecimiento\npara la Seguridad (FORTASEG) en la localidad; de los cuales uno de ellos fue en\nel Infonavit \u201cConstituyente J. Jes\u00fas Romero Flores\u201d de Ciudad del Sol y otro en\nel Villas de la Loma.<\/p>\n\n\n\n<p>En ambos casos, nuestro\nalcalde Alex Espinoza, tom\u00f3 protesta a los integrantes de cada uno de dichos Comit\u00e9s y entreg\u00f3 los nombramientos a los integrantes.<\/p>\n\n\n\n<p>Con lo anterior, el Gobierno\nMunicipal deja precedente pues es la primera vez que en La Piedad se crean\nestos Comit\u00e9s cuyo prop\u00f3sito principal es poner en marcha un programa de\nprevenci\u00f3n de la violencia.<\/p>\n\n\n\n<p>La conformaci\u00f3n de cada comit\u00e9\nse hizo conforme a los art\u00edculos 117, 120 y 121 de la Ley Org\u00e1nica Municipal\ndel Estado y estar\u00e1n conformados por: Un Presidente, un Secretario y siete\nvocales de Seguridad P\u00fablica, Protecci\u00f3n Civil, Cultura, Servicios P\u00fablicos,\nAtenci\u00f3n a la Mujer y a la Familia, cargos que son honor\u00edficos quienes ser\u00e1n un\nenlace entre los ciudadanos y las instituciones que conforman el Gobierno\nMunicipal.<\/p>\n\n\n\n<p>La principal funci\u00f3n de\ndichos Comit\u00e9s, ser\u00e1 servir de enlace con el Gobierno Municipal y las diversas\ndependencias, para establecer accionesde mejoramiento de su entorno.<\/p>\n\n\n\n<p>Se tiene previsto instalar\naproximadamente 32 comit\u00e9s en distintas colonias de la localidad de las cuales\nse inicia con estas dos, pero ya se trabaja en la conformaci\u00f3n de los mismos en\nfraccionamientos como: El Cuitzillo, El Malec\u00f3n, El Pitallito, El Delta, El\nEnsue\u00f1o, Luis Donaldo Colosio, entre otros.<\/p>\n\n\n\n<p>Para regular el\nfuncionamiento de los integrantes, en breve integrantes del Cabildo generar\u00e1n\nun reglamento que ser\u00e1 quien rija a estos Comit\u00e9s.<\/p>\n","protected":false},"excerpt":{"rendered":"<p>Forman parte del programa FORTASEG Se tiene previsto instalar 32 Comit\u00e9s en varias colonias Fueron&#8230;<\/p>\n","protected":false},"author":1,"featured_media":7508,"comment_status":"open","ping_status":"open","sticky":false,"template":"","format":"standard","meta":{"jetpack_post_was_ever_published":false,"_jetpack_newsletter_access":"","_jetpack_dont_email_post_to_subs":false,"_jetpack_newsletter_tier_id":0,"_jetpack_memberships_contains_paywalled_content":false,"_jetpack_memberships_contains_paid_content":false,"footnotes":"","jetpack_publicize_message":"","jetpack_publicize_feature_enabled":true,"jetpack_social_post_already_shared":false,"jetpack_social_options":{"image_generator_settings":{"template":"highway","enabled":false},"version":2}},"categories":[1],"tags":[],"class_list":["post-7507","post","type-post","status-publish","format-standard","has-post-thumbnail","hentry","category-la-piedad"],"jetpack_publicize_connections":[],"jetpack_sharing_enabled":true,"featured_image_urls":{"full":["http:\/\/tvalaire.com\/wp-content\/uploads\/2020\/08\/1-3-10.jpeg",1280,720,false],"thumbnail":["http:\/\/tvalaire.com\/wp-content\/uploads\/2020\/08\/1-3-10-150x150.jpeg",150,150,true],"medium":["http:\/\/tvalaire.com\/wp-content\/uploads\/2020\/08\/1-3-10-300x169.jpeg",300,169,true],"medium_large":["http:\/\/tvalaire.com\/wp-content\/uploads\/2020\/08\/1-3-10-768x432.jpeg",640,360,true],"large":["http:\/\/tvalaire.com\/wp-content\/uploads\/2020\/08\/1-3-10-1024x576.jpeg",640,360,true],"post-slider-thumb-size":["http:\/\/tvalaire.com\/wp-content\/uploads\/2020\/08\/1-3-10-330x190.jpeg",330,190,true],"post-category-slider-size":["http:\/\/tvalaire.com\/wp-content\/uploads\/2020\/08\/1-3-10.jpeg",330,186,false],"1536x1536":["http:\/\/tvalaire.com\/wp-content\/uploads\/2020\/08\/1-3-10.jpeg",1280,720,false],"2048x2048":["http:\/\/tvalaire.com\/wp-content\/uploads\/2020\/08\/1-3-10.jpeg",1280,720,false],"newsium-slider-full":["http:\/\/tvalaire.com\/wp-content\/uploads\/2020\/08\/1-3-10.jpeg",1280,720,false],"newsium-featured":["http:\/\/tvalaire.com\/wp-content\/uploads\/2020\/08\/1-3-10-1024x576.jpeg",1024,576,true],"newsium-medium":["http:\/\/tvalaire.com\/wp-content\/uploads\/2020\/08\/1-3-10-720x475.jpeg",720,475,true]},"author_info":{"info":["tvalairenoti"]},"category_info":"<a href=\"http:\/\/tvalaire.com\/?cat=1\" rel=\"category\">La Piedad<\/a>","tag_info":"La Piedad","comment_count":"0","jetpack_featured_media_url":"http:\/\/tvalaire.com\/wp-content\/uploads\/2020\/08\/1-3-10.jpeg","_links":{"self":[{"href":"http:\/\/tvalaire.com\/index.php?rest_route=\/wp\/v2\/posts\/7507"}],"collection":[{"href":"http:\/\/tvalaire.com\/index.php?rest_route=\/wp\/v2\/posts"}],"about":[{"href":"http:\/\/tvalaire.com\/index.php?rest_route=\/wp\/v2\/types\/post"}],"author":[{"embeddable":true,"href":"http:\/\/tvalaire.com\/index.php?rest_route=\/wp\/v2\/users\/1"}],"replies":[{"embeddable":true,"href":"http:\/\/tvalaire.com\/index.php?rest_route=%2Fwp%2Fv2%2Fcomments&post=7507"}],"version-history":[{"count":1,"href":"http:\/\/tvalaire.com\/index.php?rest_route=\/wp\/v2\/posts\/7507\/revisions"}],"predecessor-version":[{"id":7509,"href":"http:\/\/tvalaire.com\/index.php?rest_route=\/wp\/v2\/posts\/7507\/revisions\/7509"}],"wp:featuredmedia":[{"embeddable":true,"href":"http:\/\/tvalaire.com\/index.php?rest_route=\/wp\/v2\/media\/7508"}],"wp:attachment":[{"href":"http:\/\/tvalaire.com\/index.php?rest_route=%2Fwp%2Fv2%2Fmedia&parent=7507"}],"wp:term":[{"taxonomy":"category","embeddable":true,"href":"http:\/\/tvalaire.com\/index.php?rest_route=%2Fwp%2Fv2%2Fcategories&post=7507"},{"taxonomy":"post_tag","embeddable":true,"href":"http:\/\/tvalaire.com\/index.php?rest_route=%2Fwp%2Fv2%2Ftags&post=7507"}],"curies":[{"name":"wp","href":"https:\/\/api.w.org\/{rel}","templated":true}]}}