{"id":7494,"date":"2020-07-24T11:14:00","date_gmt":"2020-07-24T16:14:00","guid":{"rendered":"http:\/\/tvalaire.com\/?p=7494"},"modified":"2020-08-01T11:15:20","modified_gmt":"2020-08-01T16:15:20","slug":"continua-gobierno-apoyando-al-sector-educativo","status":"publish","type":"post","link":"http:\/\/tvalaire.com\/?p=7494","title":{"rendered":"CONTIN\u00daA GOBIERNO APOYANDO AL SECTOR EDUCATIVO"},"content":{"rendered":"\n<p><\/p>\n\n\n\n<ul class=\"wp-block-list\"><li><strong>Nuestro\nalcalde Alex Espinoza, cumple a su compromiso <\/strong><\/li><li><strong>Con\nla obra se cumple meta para alcanzar una \u201cescuela ideal\u201d<\/strong><\/li><\/ul>\n\n\n\n<p>Autoridades municipales y\neducativas inauguraron esta ma\u00f1ana el muro de contenci\u00f3n colocado como talud de\nlas faldas del cerro donde se ubica la escuela Secundaria T\u00e9cnica No. 140 en\nCiudad del Sol.<\/p>\n\n\n\n<p>En el acto, nuestro alcalde\nAlex Espinoza, dijo que para \u00e9l era un gusto estar en dicha escuela, pues se\nestaba cumpliendo con su palabra empe\u00f1ada desde el inicio de la administraci\u00f3n.<\/p>\n\n\n\n<p>Afirm\u00f3 que este es un\nGobierno que ha entregado becas, pero tambi\u00e9n genera mejores condiciones en la\ninfraestructura b\u00e1sica como ocurre ahora en esta escuela que en tiempos de\nlluvias recib\u00eda grandes cantidades de lodo.<\/p>\n\n\n\n<p>Se refiri\u00f3 tambi\u00e9n a la imagen\nde \u201cescuela ideal\u201d a la que el director Arturo \u00c1lvarez V\u00e1zquez dijo aspirar\npara las y los estudiantes; agreg\u00f3 que, para \u00e9l, adem\u00e1s de las mejoras que se\nrequieran, para lograr ese sue\u00f1o, es indispensable que el alumno aproveche a\nsus maestros y sea \u00e9ste el lugar donde los j\u00f3venes se preparen d\u00eda a d\u00eda.<\/p>\n\n\n\n<p>El director de Obra P\u00fablica,\nAurelio Melchor, explic\u00f3 que los trabajos realizados consistieron en el\ndespalme y extracci\u00f3n de terreno de 231.15 metros c\u00fabicos; colocaci\u00f3n de 577.88\nmetros cuadrados de piedra bola punteada con mezcla para forjar los escalones\ncon piedra braza; construcci\u00f3n de 8 jardineras, 173 metros lineales de\nguarnici\u00f3n; 60 metros lineales de cunetas y un muro de piedra de 130 metros\nlineales, con una rampa de acceso para personas con discapacidad.<\/p>\n\n\n\n<p>Con respecto al muro, el\ndirector del plantel Arturo \u00c1lvarez dijo que esta obra forma parte de su sue\u00f1o\npor alcanzar la \u201cescuela ideal\u201d, por lo que reconoci\u00f3 el apoyo y respaldo del\nGobierno Municipal a quien agradeci\u00f3 por la obra que dijo; los dej\u00f3 muy\nsatisfechos.<\/p>\n","protected":false},"excerpt":{"rendered":"<p>Nuestro alcalde Alex Espinoza, cumple a su compromiso Con la obra se cumple meta para&#8230;<\/p>\n","protected":false},"author":1,"featured_media":7495,"comment_status":"open","ping_status":"open","sticky":false,"template":"","format":"standard","meta":{"jetpack_post_was_ever_published":false,"_jetpack_newsletter_access":"","_jetpack_dont_email_post_to_subs":false,"_jetpack_newsletter_tier_id":0,"_jetpack_memberships_contains_paywalled_content":false,"_jetpack_memberships_contains_paid_content":false,"footnotes":"","jetpack_publicize_message":"","jetpack_publicize_feature_enabled":true,"jetpack_social_post_already_shared":false,"jetpack_social_options":{"image_generator_settings":{"template":"highway","enabled":false},"version":2}},"categories":[1],"tags":[],"class_list":["post-7494","post","type-post","status-publish","format-standard","has-post-thumbnail","hentry","category-la-piedad"],"jetpack_publicize_connections":[],"jetpack_sharing_enabled":true,"featured_image_urls":{"full":["http:\/\/tvalaire.com\/wp-content\/uploads\/2020\/08\/1-5-2.jpeg",1280,853,false],"thumbnail":["http:\/\/tvalaire.com\/wp-content\/uploads\/2020\/08\/1-5-2-150x150.jpeg",150,150,true],"medium":["http:\/\/tvalaire.com\/wp-content\/uploads\/2020\/08\/1-5-2-300x200.jpeg",300,200,true],"medium_large":["http:\/\/tvalaire.com\/wp-content\/uploads\/2020\/08\/1-5-2-768x512.jpeg",640,427,true],"large":["http:\/\/tvalaire.com\/wp-content\/uploads\/2020\/08\/1-5-2-1024x682.jpeg",640,426,true],"post-slider-thumb-size":["http:\/\/tvalaire.com\/wp-content\/uploads\/2020\/08\/1-5-2-330x190.jpeg",330,190,true],"post-category-slider-size":["http:\/\/tvalaire.com\/wp-content\/uploads\/2020\/08\/1-5-2.jpeg",330,220,false],"1536x1536":["http:\/\/tvalaire.com\/wp-content\/uploads\/2020\/08\/1-5-2.jpeg",1280,853,false],"2048x2048":["http:\/\/tvalaire.com\/wp-content\/uploads\/2020\/08\/1-5-2.jpeg",1280,853,false],"newsium-slider-full":["http:\/\/tvalaire.com\/wp-content\/uploads\/2020\/08\/1-5-2-1280x845.jpeg",1280,845,true],"newsium-featured":["http:\/\/tvalaire.com\/wp-content\/uploads\/2020\/08\/1-5-2-1024x682.jpeg",1024,682,true],"newsium-medium":["http:\/\/tvalaire.com\/wp-content\/uploads\/2020\/08\/1-5-2-720x475.jpeg",720,475,true]},"author_info":{"info":["tvalairenoti"]},"category_info":"<a href=\"http:\/\/tvalaire.com\/?cat=1\" rel=\"category\">La Piedad<\/a>","tag_info":"La Piedad","comment_count":"0","jetpack_featured_media_url":"http:\/\/tvalaire.com\/wp-content\/uploads\/2020\/08\/1-5-2.jpeg","_links":{"self":[{"href":"http:\/\/tvalaire.com\/index.php?rest_route=\/wp\/v2\/posts\/7494"}],"collection":[{"href":"http:\/\/tvalaire.com\/index.php?rest_route=\/wp\/v2\/posts"}],"about":[{"href":"http:\/\/tvalaire.com\/index.php?rest_route=\/wp\/v2\/types\/post"}],"author":[{"embeddable":true,"href":"http:\/\/tvalaire.com\/index.php?rest_route=\/wp\/v2\/users\/1"}],"replies":[{"embeddable":true,"href":"http:\/\/tvalaire.com\/index.php?rest_route=%2Fwp%2Fv2%2Fcomments&post=7494"}],"version-history":[{"count":1,"href":"http:\/\/tvalaire.com\/index.php?rest_route=\/wp\/v2\/posts\/7494\/revisions"}],"predecessor-version":[{"id":7496,"href":"http:\/\/tvalaire.com\/index.php?rest_route=\/wp\/v2\/posts\/7494\/revisions\/7496"}],"wp:featuredmedia":[{"embeddable":true,"href":"http:\/\/tvalaire.com\/index.php?rest_route=\/wp\/v2\/media\/7495"}],"wp:attachment":[{"href":"http:\/\/tvalaire.com\/index.php?rest_route=%2Fwp%2Fv2%2Fmedia&parent=7494"}],"wp:term":[{"taxonomy":"category","embeddable":true,"href":"http:\/\/tvalaire.com\/index.php?rest_route=%2Fwp%2Fv2%2Fcategories&post=7494"},{"taxonomy":"post_tag","embeddable":true,"href":"http:\/\/tvalaire.com\/index.php?rest_route=%2Fwp%2Fv2%2Ftags&post=7494"}],"curies":[{"name":"wp","href":"https:\/\/api.w.org\/{rel}","templated":true}]}}