{"id":7473,"date":"2020-07-21T11:08:00","date_gmt":"2020-07-21T16:08:00","guid":{"rendered":"http:\/\/tvalaire.com\/?p=7473"},"modified":"2020-08-01T11:09:36","modified_gmt":"2020-08-01T16:09:36","slug":"abren-a-la-circulacion-la-calle-aquiles-serdan","status":"publish","type":"post","link":"http:\/\/tvalaire.com\/?p=7473","title":{"rendered":"ABREN A LA CIRCULACI\u00d3N LA CALLE AQUILES SERD\u00c1N"},"content":{"rendered":"\n<p><\/p>\n\n\n\n<ul class=\"wp-block-list\"><li><strong>Permiten\nel estacionamiento del mercado \u201cGildardo Maga\u00f1a\u201d<\/strong><\/li><li><strong>La\nacera de enfrente seguir\u00e1 prohibida para estacionamiento<\/strong><\/li><\/ul>\n\n\n\n<p>Por acuerdo del Comit\u00e9\nMunicipal de Salud, desde la tarde de este lunes fue liberado el acceso\nvehicular y \u00e1rea de estacionamiento de la calle Aquiles Serd\u00e1n pero \u00fanicamente\nen la acera pegada al mercado \u201cGildardo Maga\u00f1a\u201d.<\/p>\n\n\n\n<p>En el caso de la acera de\nenfrente seguir\u00e1 prohibida para estacionamiento con el fin de evitar\naglomeraciones de banqueta en las afueras de reconocida tienda departamental.<\/p>\n\n\n\n<p>Gabriel Anguiano Maga\u00f1a,\ndirector de Tr\u00e1nsito Municipal, inform\u00f3 por tanto que desde el lunes por la\ntarde ya hubo circulaci\u00f3n desde la calle 25 de Julio con salida por Aquiles\nSerd\u00e1n para tomar el bulevar L\u00e1zaro C\u00e1rdenas, con el fin de dar mayor fluidez a\nesta zona de la ciudad.<\/p>\n\n\n\n<p>Indic\u00f3 que en la calle 25 de\nJulio con direcci\u00f3n al bulevar se mantendr\u00e1 \u00fanicamente de salida, por tanto los\ncamiones de pasaje que ingresaban a esa zona del Mercado Municipal, continuar\u00e1n\ncirculando sobre el bulevar L\u00e1zaro C\u00e1rdenas y retornar por el sem\u00e1foro del\npuente Morelos.<\/p>\n\n\n\n<p>El funcionario municipal,\nse\u00f1al\u00f3 que si la situaci\u00f3n sanitaria se mantiene y no suben los casos de m\u00e1s\ninfectados por el COVID-19, podr\u00e1n permitir el ingreso de la 25 de Julio por el\nbulevar L\u00e1zaro C\u00e1rdenas o cerrar de nueva cuenta si la situaci\u00f3n lejos de\nmejorar empeora.<\/p>\n\n\n\n<p>Por lo que invit\u00f3 a la\nciudadan\u00eda a continuar con las medidas de sanidad y manteniendo la sana\ndistancia.<\/p>\n","protected":false},"excerpt":{"rendered":"<p>Permiten el estacionamiento del mercado \u201cGildardo Maga\u00f1a\u201d La acera de enfrente seguir\u00e1 prohibida para estacionamiento&#8230;<\/p>\n","protected":false},"author":1,"featured_media":7474,"comment_status":"open","ping_status":"open","sticky":false,"template":"","format":"standard","meta":{"jetpack_post_was_ever_published":false,"_jetpack_newsletter_access":"","_jetpack_dont_email_post_to_subs":false,"_jetpack_newsletter_tier_id":0,"_jetpack_memberships_contains_paywalled_content":false,"_jetpack_memberships_contains_paid_content":false,"footnotes":"","jetpack_publicize_message":"","jetpack_publicize_feature_enabled":true,"jetpack_social_post_already_shared":false,"jetpack_social_options":{"image_generator_settings":{"template":"highway","enabled":false},"version":2}},"categories":[1],"tags":[],"class_list":["post-7473","post","type-post","status-publish","format-standard","has-post-thumbnail","hentry","category-la-piedad"],"jetpack_publicize_connections":[],"jetpack_sharing_enabled":true,"featured_image_urls":{"full":["http:\/\/tvalaire.com\/wp-content\/uploads\/2020\/08\/1-3-6.jpeg",1280,853,false],"thumbnail":["http:\/\/tvalaire.com\/wp-content\/uploads\/2020\/08\/1-3-6-150x150.jpeg",150,150,true],"medium":["http:\/\/tvalaire.com\/wp-content\/uploads\/2020\/08\/1-3-6-300x200.jpeg",300,200,true],"medium_large":["http:\/\/tvalaire.com\/wp-content\/uploads\/2020\/08\/1-3-6-768x512.jpeg",640,427,true],"large":["http:\/\/tvalaire.com\/wp-content\/uploads\/2020\/08\/1-3-6-1024x682.jpeg",640,426,true],"post-slider-thumb-size":["http:\/\/tvalaire.com\/wp-content\/uploads\/2020\/08\/1-3-6-330x190.jpeg",330,190,true],"post-category-slider-size":["http:\/\/tvalaire.com\/wp-content\/uploads\/2020\/08\/1-3-6.jpeg",330,220,false],"1536x1536":["http:\/\/tvalaire.com\/wp-content\/uploads\/2020\/08\/1-3-6.jpeg",1280,853,false],"2048x2048":["http:\/\/tvalaire.com\/wp-content\/uploads\/2020\/08\/1-3-6.jpeg",1280,853,false],"newsium-slider-full":["http:\/\/tvalaire.com\/wp-content\/uploads\/2020\/08\/1-3-6-1280x845.jpeg",1280,845,true],"newsium-featured":["http:\/\/tvalaire.com\/wp-content\/uploads\/2020\/08\/1-3-6-1024x682.jpeg",1024,682,true],"newsium-medium":["http:\/\/tvalaire.com\/wp-content\/uploads\/2020\/08\/1-3-6-720x475.jpeg",720,475,true]},"author_info":{"info":["tvalairenoti"]},"category_info":"<a href=\"http:\/\/tvalaire.com\/?cat=1\" rel=\"category\">La Piedad<\/a>","tag_info":"La Piedad","comment_count":"0","jetpack_featured_media_url":"http:\/\/tvalaire.com\/wp-content\/uploads\/2020\/08\/1-3-6.jpeg","_links":{"self":[{"href":"http:\/\/tvalaire.com\/index.php?rest_route=\/wp\/v2\/posts\/7473"}],"collection":[{"href":"http:\/\/tvalaire.com\/index.php?rest_route=\/wp\/v2\/posts"}],"about":[{"href":"http:\/\/tvalaire.com\/index.php?rest_route=\/wp\/v2\/types\/post"}],"author":[{"embeddable":true,"href":"http:\/\/tvalaire.com\/index.php?rest_route=\/wp\/v2\/users\/1"}],"replies":[{"embeddable":true,"href":"http:\/\/tvalaire.com\/index.php?rest_route=%2Fwp%2Fv2%2Fcomments&post=7473"}],"version-history":[{"count":1,"href":"http:\/\/tvalaire.com\/index.php?rest_route=\/wp\/v2\/posts\/7473\/revisions"}],"predecessor-version":[{"id":7475,"href":"http:\/\/tvalaire.com\/index.php?rest_route=\/wp\/v2\/posts\/7473\/revisions\/7475"}],"wp:featuredmedia":[{"embeddable":true,"href":"http:\/\/tvalaire.com\/index.php?rest_route=\/wp\/v2\/media\/7474"}],"wp:attachment":[{"href":"http:\/\/tvalaire.com\/index.php?rest_route=%2Fwp%2Fv2%2Fmedia&parent=7473"}],"wp:term":[{"taxonomy":"category","embeddable":true,"href":"http:\/\/tvalaire.com\/index.php?rest_route=%2Fwp%2Fv2%2Fcategories&post=7473"},{"taxonomy":"post_tag","embeddable":true,"href":"http:\/\/tvalaire.com\/index.php?rest_route=%2Fwp%2Fv2%2Ftags&post=7473"}],"curies":[{"name":"wp","href":"https:\/\/api.w.org\/{rel}","templated":true}]}}