{"id":7470,"date":"2020-07-21T11:07:00","date_gmt":"2020-07-21T16:07:00","guid":{"rendered":"http:\/\/tvalaire.com\/?p=7470"},"modified":"2020-08-01T11:08:39","modified_gmt":"2020-08-01T16:08:39","slug":"acuerdan-la-piedad-y-penjamo-ir-por-retiro-de-caseta-de-cobro","status":"publish","type":"post","link":"http:\/\/tvalaire.com\/?p=7470","title":{"rendered":"ACUERDAN LA PIEDAD Y P\u00c9NJAMO IR POR RETIRO DE CASETA DE COBRO"},"content":{"rendered":"\n<p><\/p>\n\n\n\n<ul class=\"wp-block-list\"><li><strong>Se re\u00fanen\nediles de la Zona Metropolitana P\u00e9njamo-La Piedad<\/strong><\/li><li><strong>Entrega\npunto de acuerdo emitido por Cabildo La Piedad <\/strong><\/li><\/ul>\n\n\n\n<p>Con el fin de dar\nseguimiento al Punto de Acuerdo del Cabildo y lograr la aceptaci\u00f3n de las\npartes para pedir a Caminos y Puentes Federales de Ingresos y Servicios Conexos\n(CAPUFE), la eliminaci\u00f3n de la caseta de cobro entre Santa Ana y La Piedad,\nnuestro alcalde Alex Espinoza, se reuni\u00f3 este d\u00eda con su hom\u00f3logo de P\u00e9njamo,\nJuan Jos\u00e9 Garc\u00eda L\u00f3pez,para plantear la idea.<\/p>\n\n\n\n<p>A la reuni\u00f3n, nuestro\nAlcalde asisti\u00f3 acompa\u00f1ado de la s\u00edndico Esther Naranjo, como segunda autoridad\ndel municipio y el regidor Luis L\u00f3pez quien present\u00f3 la iniciativa ante la\nComisi\u00f3n de Zonas Metropolitanas.<\/p>\n\n\n\n<p>Como respaldo, entregaron aJuan\nJos\u00e9 Garc\u00eda L\u00f3pez,la certificaci\u00f3n del Punto de Acuerdo emitido por el Cabildo\npiedadenseen la pasada sesi\u00f3n ordinaria de Ayuntamiento celebrada el 15 de\njulio del presente a\u00f1o, el cual fue aprobado por unanimidad.<\/p>\n\n\n\n<p>Con esta reuni\u00f3n, se da\nseguimiento al acuerdo de Cabildo y se busca obtener el respaldo del\nAyuntamiento de P\u00e9njamo y que \u00e9ste a su vez haga lo propio con el Gobierno del\nestado de Guanajuato, para acudir a las oficinas de CAPUFE a hacer el\nplanteamiento, ya que, en el caso de Michoac\u00e1n, el jefe del ejecutivo estatal,\nSilvano Aureoles Conejo, ha mostrado todo su respaldo e inter\u00e9s sobre en el\ntema.<\/p>\n\n\n\n<p>Con esto, nuestro presidente\nmunicipal, Alex Espinoza, afirm\u00f3 que se sigue trabajando a favor de la\nciudadan\u00eda, pues dicha caseta ya se encuentra dentro de la zona urbana y es\nnecesaria su retiro.<\/p>\n","protected":false},"excerpt":{"rendered":"<p>Se re\u00fanen ediles de la Zona Metropolitana P\u00e9njamo-La Piedad Entrega punto de acuerdo emitido por&#8230;<\/p>\n","protected":false},"author":1,"featured_media":7471,"comment_status":"open","ping_status":"open","sticky":false,"template":"","format":"standard","meta":{"jetpack_post_was_ever_published":false,"_jetpack_newsletter_access":"","_jetpack_dont_email_post_to_subs":false,"_jetpack_newsletter_tier_id":0,"_jetpack_memberships_contains_paywalled_content":false,"_jetpack_memberships_contains_paid_content":false,"footnotes":"","jetpack_publicize_message":"","jetpack_publicize_feature_enabled":true,"jetpack_social_post_already_shared":false,"jetpack_social_options":{"image_generator_settings":{"template":"highway","enabled":false},"version":2}},"categories":[1],"tags":[15,36],"class_list":["post-7470","post","type-post","status-publish","format-standard","has-post-thumbnail","hentry","category-la-piedad","tag-la-piedad","tag-principales"],"jetpack_publicize_connections":[],"jetpack_sharing_enabled":true,"featured_image_urls":{"full":["http:\/\/tvalaire.com\/wp-content\/uploads\/2020\/08\/1-2-8.jpeg",1280,960,false],"thumbnail":["http:\/\/tvalaire.com\/wp-content\/uploads\/2020\/08\/1-2-8-150x150.jpeg",150,150,true],"medium":["http:\/\/tvalaire.com\/wp-content\/uploads\/2020\/08\/1-2-8-300x225.jpeg",300,225,true],"medium_large":["http:\/\/tvalaire.com\/wp-content\/uploads\/2020\/08\/1-2-8-768x576.jpeg",640,480,true],"large":["http:\/\/tvalaire.com\/wp-content\/uploads\/2020\/08\/1-2-8-1024x768.jpeg",640,480,true],"post-slider-thumb-size":["http:\/\/tvalaire.com\/wp-content\/uploads\/2020\/08\/1-2-8-330x190.jpeg",330,190,true],"post-category-slider-size":["http:\/\/tvalaire.com\/wp-content\/uploads\/2020\/08\/1-2-8.jpeg",330,248,false],"1536x1536":["http:\/\/tvalaire.com\/wp-content\/uploads\/2020\/08\/1-2-8.jpeg",1280,960,false],"2048x2048":["http:\/\/tvalaire.com\/wp-content\/uploads\/2020\/08\/1-2-8.jpeg",1280,960,false],"newsium-slider-full":["http:\/\/tvalaire.com\/wp-content\/uploads\/2020\/08\/1-2-8-1280x845.jpeg",1280,845,true],"newsium-featured":["http:\/\/tvalaire.com\/wp-content\/uploads\/2020\/08\/1-2-8-1024x768.jpeg",1024,768,true],"newsium-medium":["http:\/\/tvalaire.com\/wp-content\/uploads\/2020\/08\/1-2-8-720x475.jpeg",720,475,true]},"author_info":{"info":["tvalairenoti"]},"category_info":"<a href=\"http:\/\/tvalaire.com\/?cat=1\" rel=\"category\">La Piedad<\/a>","tag_info":"La Piedad","comment_count":"0","jetpack_featured_media_url":"http:\/\/tvalaire.com\/wp-content\/uploads\/2020\/08\/1-2-8.jpeg","_links":{"self":[{"href":"http:\/\/tvalaire.com\/index.php?rest_route=\/wp\/v2\/posts\/7470"}],"collection":[{"href":"http:\/\/tvalaire.com\/index.php?rest_route=\/wp\/v2\/posts"}],"about":[{"href":"http:\/\/tvalaire.com\/index.php?rest_route=\/wp\/v2\/types\/post"}],"author":[{"embeddable":true,"href":"http:\/\/tvalaire.com\/index.php?rest_route=\/wp\/v2\/users\/1"}],"replies":[{"embeddable":true,"href":"http:\/\/tvalaire.com\/index.php?rest_route=%2Fwp%2Fv2%2Fcomments&post=7470"}],"version-history":[{"count":1,"href":"http:\/\/tvalaire.com\/index.php?rest_route=\/wp\/v2\/posts\/7470\/revisions"}],"predecessor-version":[{"id":7472,"href":"http:\/\/tvalaire.com\/index.php?rest_route=\/wp\/v2\/posts\/7470\/revisions\/7472"}],"wp:featuredmedia":[{"embeddable":true,"href":"http:\/\/tvalaire.com\/index.php?rest_route=\/wp\/v2\/media\/7471"}],"wp:attachment":[{"href":"http:\/\/tvalaire.com\/index.php?rest_route=%2Fwp%2Fv2%2Fmedia&parent=7470"}],"wp:term":[{"taxonomy":"category","embeddable":true,"href":"http:\/\/tvalaire.com\/index.php?rest_route=%2Fwp%2Fv2%2Fcategories&post=7470"},{"taxonomy":"post_tag","embeddable":true,"href":"http:\/\/tvalaire.com\/index.php?rest_route=%2Fwp%2Fv2%2Ftags&post=7470"}],"curies":[{"name":"wp","href":"https:\/\/api.w.org\/{rel}","templated":true}]}}