{"id":7464,"date":"2020-07-21T11:05:00","date_gmt":"2020-07-21T16:05:00","guid":{"rendered":"http:\/\/tvalaire.com\/?p=7464"},"modified":"2020-08-01T11:06:29","modified_gmt":"2020-08-01T16:06:29","slug":"impartiran-curso-semillero-de-ninas-lideres-de-manera-virtual","status":"publish","type":"post","link":"http:\/\/tvalaire.com\/?p=7464","title":{"rendered":"IMPARTIR\u00c1N CURSO SEMILLERO DE NI\u00d1AS L\u00cdDERES DE MANERA VIRTUAL"},"content":{"rendered":"\n<p><\/p>\n\n\n\n<ul class=\"wp-block-list\"><li><strong>Dirigido\na las ni\u00f1as entre 10 a 12 a\u00f1os<\/strong><\/li><li><strong>Las\ninscripciones pueden hacerlas al tel\u00e9fono 52 278 52 extensi\u00f3n 2<\/strong><\/li><\/ul>\n\n\n\n<p>La directora del Instituto\nMunicipal de la Mujer (IMM), Claudia Eugenia Buenrostro D\u00edaz, anunci\u00f3 una\nemisi\u00f3n m\u00e1s del Semillero de Ni\u00f1as L\u00edderes, que, debido a la pandemia en esta\nocasi\u00f3n, el curso ser\u00e1 virtual.<\/p>\n\n\n\n<p>Para ello invit\u00f3 a los\npadres de familia con ni\u00f1as de 10 a 12 a\u00f1os, a que inscriban a sus adolescentes\na esta aventura cuyo prop\u00f3sito es empoderar a las jovencitas y formarlas en\notros aspectos que ser\u00e1n de mucha utilidad dentro de su formaci\u00f3n educativa.<\/p>\n\n\n\n<p>El curso virtual dar\u00e1\ncomienzo el 27 de julio al 7 de agosto en horario de las 09:00 a las 11:00 de\nla ma\u00f1ana y es totalmente gratuito.Las inscripciones ya est\u00e1n siendo recibidas\nal tel\u00e9fono 52 278 52 extensi\u00f3n 2; el \u00fanico requisito que se pide es contar con\nuna conexi\u00f3n a Internet.<\/p>\n\n\n\n<p>En esta ocasi\u00f3n, las ni\u00f1as\ntendr\u00e1n un viaje virtual a pa\u00edses como Argentina, Colombia e Islas Canarias;\nhuella ecol\u00f3gica, h\u00eddrica y de oc\u00e9ano; proyecto de vida; plan de vida; plan de\ncarrera; teatro; taller de coaching sobre cambio en la pre y la adolescencia,\nimagen personal y riesgos en Internet; cursos sobre c\u00f3mo sobrevivir a una tarea\nsin Wikipedia; c\u00f3mo ser gestor de una segunda o tercera lengua; curso craft\npara que desarrollen destrezas o habilidades para el arte; entre otros temas.<\/p>\n","protected":false},"excerpt":{"rendered":"<p>Dirigido a las ni\u00f1as entre 10 a 12 a\u00f1os Las inscripciones pueden hacerlas al tel\u00e9fono&#8230;<\/p>\n","protected":false},"author":1,"featured_media":7465,"comment_status":"open","ping_status":"open","sticky":false,"template":"","format":"standard","meta":{"jetpack_post_was_ever_published":false,"_jetpack_newsletter_access":"","_jetpack_dont_email_post_to_subs":false,"_jetpack_newsletter_tier_id":0,"_jetpack_memberships_contains_paywalled_content":false,"_jetpack_memberships_contains_paid_content":false,"footnotes":"","jetpack_publicize_message":"","jetpack_publicize_feature_enabled":true,"jetpack_social_post_already_shared":false,"jetpack_social_options":{"image_generator_settings":{"template":"highway","enabled":false},"version":2}},"categories":[1],"tags":[],"class_list":["post-7464","post","type-post","status-publish","format-standard","has-post-thumbnail","hentry","category-la-piedad"],"jetpack_publicize_connections":[],"jetpack_sharing_enabled":true,"featured_image_urls":{"full":["http:\/\/tvalaire.com\/wp-content\/uploads\/2020\/08\/2-1.jpeg",1280,960,false],"thumbnail":["http:\/\/tvalaire.com\/wp-content\/uploads\/2020\/08\/2-1-150x150.jpeg",150,150,true],"medium":["http:\/\/tvalaire.com\/wp-content\/uploads\/2020\/08\/2-1-300x225.jpeg",300,225,true],"medium_large":["http:\/\/tvalaire.com\/wp-content\/uploads\/2020\/08\/2-1-768x576.jpeg",640,480,true],"large":["http:\/\/tvalaire.com\/wp-content\/uploads\/2020\/08\/2-1-1024x768.jpeg",640,480,true],"post-slider-thumb-size":["http:\/\/tvalaire.com\/wp-content\/uploads\/2020\/08\/2-1-330x190.jpeg",330,190,true],"post-category-slider-size":["http:\/\/tvalaire.com\/wp-content\/uploads\/2020\/08\/2-1.jpeg",330,248,false],"1536x1536":["http:\/\/tvalaire.com\/wp-content\/uploads\/2020\/08\/2-1.jpeg",1280,960,false],"2048x2048":["http:\/\/tvalaire.com\/wp-content\/uploads\/2020\/08\/2-1.jpeg",1280,960,false],"newsium-slider-full":["http:\/\/tvalaire.com\/wp-content\/uploads\/2020\/08\/2-1-1280x845.jpeg",1280,845,true],"newsium-featured":["http:\/\/tvalaire.com\/wp-content\/uploads\/2020\/08\/2-1-1024x768.jpeg",1024,768,true],"newsium-medium":["http:\/\/tvalaire.com\/wp-content\/uploads\/2020\/08\/2-1-720x475.jpeg",720,475,true]},"author_info":{"info":["tvalairenoti"]},"category_info":"<a href=\"http:\/\/tvalaire.com\/?cat=1\" rel=\"category\">La Piedad<\/a>","tag_info":"La Piedad","comment_count":"0","jetpack_featured_media_url":"http:\/\/tvalaire.com\/wp-content\/uploads\/2020\/08\/2-1.jpeg","_links":{"self":[{"href":"http:\/\/tvalaire.com\/index.php?rest_route=\/wp\/v2\/posts\/7464"}],"collection":[{"href":"http:\/\/tvalaire.com\/index.php?rest_route=\/wp\/v2\/posts"}],"about":[{"href":"http:\/\/tvalaire.com\/index.php?rest_route=\/wp\/v2\/types\/post"}],"author":[{"embeddable":true,"href":"http:\/\/tvalaire.com\/index.php?rest_route=\/wp\/v2\/users\/1"}],"replies":[{"embeddable":true,"href":"http:\/\/tvalaire.com\/index.php?rest_route=%2Fwp%2Fv2%2Fcomments&post=7464"}],"version-history":[{"count":1,"href":"http:\/\/tvalaire.com\/index.php?rest_route=\/wp\/v2\/posts\/7464\/revisions"}],"predecessor-version":[{"id":7466,"href":"http:\/\/tvalaire.com\/index.php?rest_route=\/wp\/v2\/posts\/7464\/revisions\/7466"}],"wp:featuredmedia":[{"embeddable":true,"href":"http:\/\/tvalaire.com\/index.php?rest_route=\/wp\/v2\/media\/7465"}],"wp:attachment":[{"href":"http:\/\/tvalaire.com\/index.php?rest_route=%2Fwp%2Fv2%2Fmedia&parent=7464"}],"wp:term":[{"taxonomy":"category","embeddable":true,"href":"http:\/\/tvalaire.com\/index.php?rest_route=%2Fwp%2Fv2%2Fcategories&post=7464"},{"taxonomy":"post_tag","embeddable":true,"href":"http:\/\/tvalaire.com\/index.php?rest_route=%2Fwp%2Fv2%2Ftags&post=7464"}],"curies":[{"name":"wp","href":"https:\/\/api.w.org\/{rel}","templated":true}]}}