{"id":7458,"date":"2020-07-20T11:03:00","date_gmt":"2020-07-20T16:03:00","guid":{"rendered":"http:\/\/tvalaire.com\/?p=7458"},"modified":"2020-08-01T11:04:43","modified_gmt":"2020-08-01T16:04:43","slug":"continua-reactivacion-de-actividades-locales-dentro-de-la-nueva-normalidad","status":"publish","type":"post","link":"http:\/\/tvalaire.com\/?p=7458","title":{"rendered":"CONTIN\u00daA REACTIVACI\u00d3N DE ACTIVIDADES LOCALES DENTRO DE LA NUEVA NORMALIDAD"},"content":{"rendered":"\n<p><\/p>\n\n\n\n<ul class=\"wp-block-list\"><li><strong>Retoman\nservicios de saluden el DIF y Centros Comunitarios<\/strong><\/li><li><strong>Las\nfiestas patronales seguir\u00e1n restringidas <\/strong><\/li><\/ul>\n\n\n\n<p>Integrantes del Comit\u00e9 Local\nde Salud, acordaron la reapertura de servicios de atenci\u00f3n m\u00e9dica y terapias que\nproporciona el Gobierno Municipal a trav\u00e9s delSistema DIF, y en los Centros\nComunitarios.<\/p>\n\n\n\n<p>Lo anterior bajo la\naplicaci\u00f3n de medidas de seguridad sanitaria establecida en la Nueva Modalidad,\nlas cuales contemplan un n\u00famero restringido de personas para evitar\naglomeraciones, uso de cubrebocas, gel antibacterial y marcar los espacios de\nSana Distancia.<\/p>\n\n\n\n<p>El acuerdo qued\u00f3 establecido\nesta ma\u00f1ana en la reuni\u00f3n ordinaria de trabajo del Comit\u00e9 Municipal de Salud\nque encabeza nuestro alcalde Alex Espinoza; el jefe de la jurisdicci\u00f3n\nSanitaria No. 6, Luis Alberto Arriaga Belman; el secretario del Ayuntamiento,\nSamuel Hidalgo; directores de las distintas \u00e1reas del Gobierno Municipal,\nProtecci\u00f3n Civil e instituciones educativas.<\/p>\n\n\n\n<p>En la reuni\u00f3n realizada en\nla Escuela de Artes, tambi\u00e9n se acord\u00f3 la reapertura del \u00e1rea de\nestacionamiento frente al Mercado Municipal con el fin de dar mayor fluidez a\neste espacio; mantener el exhort\u00f3 al comercio local en general tanto fijo como\nsemifijo, para continuar con las medidas de seguridad sanitaria y el uso de\ncubrebocas.<\/p>\n\n\n\n<p>La restricci\u00f3n de fiestas\npatronales se mantendr\u00e1 hasta nuevo aviso, ya que se busca evitar\naglomeraciones de personas que puedan poner en riesgo su salud.<\/p>\n\n\n\n<p>Por otro lado, se inform\u00f3\nque, a partir de este lunes, la direcci\u00f3n de Servicios P\u00fablicos y el Sector Salud,\narrancaron la campa\u00f1a de descacharrizaci\u00f3npara evitar la reproducci\u00f3n del\nmosquito portador del Dengue mediante la fumigaci\u00f3n en distintos puntos de la ciudad.<\/p>\n\n\n\n<p>Para ello, se pidi\u00f3 el apoyo\nde la ciudadan\u00eda para permanecer atento al perifoneo que se har\u00e1 en las\ncolonias, en donde se avisar\u00e1n los tiempos y los puntos donde deber\u00e1n sacar sus\ncacharros.<\/p>\n","protected":false},"excerpt":{"rendered":"<p>Retoman servicios de saluden el DIF y Centros Comunitarios Las fiestas patronales seguir\u00e1n restringidas Integrantes&#8230;<\/p>\n","protected":false},"author":1,"featured_media":7459,"comment_status":"open","ping_status":"open","sticky":false,"template":"","format":"standard","meta":{"jetpack_post_was_ever_published":false,"_jetpack_newsletter_access":"","_jetpack_dont_email_post_to_subs":false,"_jetpack_newsletter_tier_id":0,"_jetpack_memberships_contains_paywalled_content":false,"_jetpack_memberships_contains_paid_content":false,"footnotes":"","jetpack_publicize_message":"","jetpack_publicize_feature_enabled":true,"jetpack_social_post_already_shared":false,"jetpack_social_options":{"image_generator_settings":{"template":"highway","enabled":false},"version":2}},"categories":[1],"tags":[],"class_list":["post-7458","post","type-post","status-publish","format-standard","has-post-thumbnail","hentry","category-la-piedad"],"jetpack_publicize_connections":[],"jetpack_sharing_enabled":true,"featured_image_urls":{"full":["http:\/\/tvalaire.com\/wp-content\/uploads\/2020\/08\/1-3-3.jpeg",1280,853,false],"thumbnail":["http:\/\/tvalaire.com\/wp-content\/uploads\/2020\/08\/1-3-3-150x150.jpeg",150,150,true],"medium":["http:\/\/tvalaire.com\/wp-content\/uploads\/2020\/08\/1-3-3-300x200.jpeg",300,200,true],"medium_large":["http:\/\/tvalaire.com\/wp-content\/uploads\/2020\/08\/1-3-3-768x512.jpeg",640,427,true],"large":["http:\/\/tvalaire.com\/wp-content\/uploads\/2020\/08\/1-3-3-1024x682.jpeg",640,426,true],"post-slider-thumb-size":["http:\/\/tvalaire.com\/wp-content\/uploads\/2020\/08\/1-3-3-330x190.jpeg",330,190,true],"post-category-slider-size":["http:\/\/tvalaire.com\/wp-content\/uploads\/2020\/08\/1-3-3.jpeg",330,220,false],"1536x1536":["http:\/\/tvalaire.com\/wp-content\/uploads\/2020\/08\/1-3-3.jpeg",1280,853,false],"2048x2048":["http:\/\/tvalaire.com\/wp-content\/uploads\/2020\/08\/1-3-3.jpeg",1280,853,false],"newsium-slider-full":["http:\/\/tvalaire.com\/wp-content\/uploads\/2020\/08\/1-3-3-1280x845.jpeg",1280,845,true],"newsium-featured":["http:\/\/tvalaire.com\/wp-content\/uploads\/2020\/08\/1-3-3-1024x682.jpeg",1024,682,true],"newsium-medium":["http:\/\/tvalaire.com\/wp-content\/uploads\/2020\/08\/1-3-3-720x475.jpeg",720,475,true]},"author_info":{"info":["tvalairenoti"]},"category_info":"<a href=\"http:\/\/tvalaire.com\/?cat=1\" rel=\"category\">La Piedad<\/a>","tag_info":"La Piedad","comment_count":"0","jetpack_featured_media_url":"http:\/\/tvalaire.com\/wp-content\/uploads\/2020\/08\/1-3-3.jpeg","_links":{"self":[{"href":"http:\/\/tvalaire.com\/index.php?rest_route=\/wp\/v2\/posts\/7458"}],"collection":[{"href":"http:\/\/tvalaire.com\/index.php?rest_route=\/wp\/v2\/posts"}],"about":[{"href":"http:\/\/tvalaire.com\/index.php?rest_route=\/wp\/v2\/types\/post"}],"author":[{"embeddable":true,"href":"http:\/\/tvalaire.com\/index.php?rest_route=\/wp\/v2\/users\/1"}],"replies":[{"embeddable":true,"href":"http:\/\/tvalaire.com\/index.php?rest_route=%2Fwp%2Fv2%2Fcomments&post=7458"}],"version-history":[{"count":1,"href":"http:\/\/tvalaire.com\/index.php?rest_route=\/wp\/v2\/posts\/7458\/revisions"}],"predecessor-version":[{"id":7460,"href":"http:\/\/tvalaire.com\/index.php?rest_route=\/wp\/v2\/posts\/7458\/revisions\/7460"}],"wp:featuredmedia":[{"embeddable":true,"href":"http:\/\/tvalaire.com\/index.php?rest_route=\/wp\/v2\/media\/7459"}],"wp:attachment":[{"href":"http:\/\/tvalaire.com\/index.php?rest_route=%2Fwp%2Fv2%2Fmedia&parent=7458"}],"wp:term":[{"taxonomy":"category","embeddable":true,"href":"http:\/\/tvalaire.com\/index.php?rest_route=%2Fwp%2Fv2%2Fcategories&post=7458"},{"taxonomy":"post_tag","embeddable":true,"href":"http:\/\/tvalaire.com\/index.php?rest_route=%2Fwp%2Fv2%2Ftags&post=7458"}],"curies":[{"name":"wp","href":"https:\/\/api.w.org\/{rel}","templated":true}]}}