{"id":7434,"date":"2020-07-13T10:56:00","date_gmt":"2020-07-13T15:56:00","guid":{"rendered":"http:\/\/tvalaire.com\/?p=7434"},"modified":"2020-08-01T10:57:34","modified_gmt":"2020-08-01T15:57:34","slug":"inicia-segunda-etapa-de-la-campana-de-descacharrizacion-en-la-piedad","status":"publish","type":"post","link":"http:\/\/tvalaire.com\/?p=7434","title":{"rendered":"INICIA SEGUNDA ETAPA DE LA CAMPA\u00d1A DE DESCACHARRIZACI\u00d3N EN LA PIEDAD"},"content":{"rendered":"\n<p><\/p>\n\n\n\n<ul class=\"wp-block-list\"><li><strong>Colaboran\nautoridades municipales y Jurisdicci\u00f3n Sanitaria No. 6<\/strong><\/li><li><strong>El\nd\u00eda 20 un cami\u00f3n recolector pasar\u00e1 por colonias de la ciudad <\/strong><\/li><\/ul>\n\n\n\n<p>El Gobierno Municipal en\ncoordinaci\u00f3n con la Jurisdicci\u00f3n Sanitaria No. 6, anunci\u00f3 el arranque de la\nSegunda etapa de la campa\u00f1a de descacharrizaci\u00f3n en la ciudad, con el fin de\nevitar la propagaci\u00f3n del mosquito transmisor del Dengue.<\/p>\n\n\n\n<p>El anuncio fue dado esta\nma\u00f1ana en rueda de prensa por nuestro alcalde Alex Espinoza, quien estuvo\nacompa\u00f1ado del jefe de la Jurisdicci\u00f3n Sanitaria, Luis Alberto ArrigaBelm\u00e1n y\nel director de Servicios P\u00fablicos, Ram\u00f3n Romero Ram\u00edrez, entre otros.<\/p>\n\n\n\n<p>Alex Espinoza dej\u00f3 en claro\nque prevenir es como podr\u00e1n reducir posibles contagios de Dengue y evitar pasar\nlas dificultades por las que atraviesan otras regiones donde hay varios casos\nde esta enfermedad.<\/p>\n\n\n\n<p>Luis Alberto Arriaga,\nexplic\u00f3 que las acciones de combate del mosquito Aedes\nAegypti que es el principal portador del Dengue, se iniciaron durante los meses\nde abril y mayo con la eliminaci\u00f3n de criaderos de los mosquitos, mediante la\nrealizaci\u00f3n de la primera etapa de la campa\u00f1a de descacharrizaci\u00f3n en diversas\ncolonias, en las que lograron obtener 10 toneladas de cacharros.<\/p>\n\n\n\n<p>Campa\u00f1a que se complementar\u00e1\ncon la segunda etapa que se realizar\u00e1 del 20 al 25 de julio en la que volver\u00e1n\na recorrer las colonias en donde el a\u00f1o pasado se registr\u00f3 la mayor presencia\nde mosquitos. Se pide a la poblaci\u00f3nsacar todos los cacharros como son: botes,\ntambos, tinacos, juguetes viejos, entre otros que no les sirvan y estar\npendientes para cuando pase el cami\u00f3n recolector.<\/p>\n\n\n\n<p>Anticip\u00f3 que el cami\u00f3n\nrecolector pasar\u00e1 el 20 de julio a las colonias Ju\u00e1rez, San Rafael, Tres\nEstrellas y M\u00e9xico. El 21 de julio visitar\u00e1n la Santa Fe, Obrera y Arboledas.\nEl 22 de julio, fraccionamiento Pe\u00f1a y Las Colonias y el 23 de julio la zona centro\nentre otras.<\/p>\n\n\n\n<p>Una vez que se haya\nrealizado la descacharrizaci\u00f3n, personal del \u00e1rea de vectores de la\nJurisdicci\u00f3n Sanitaria realizar\u00e1 acciones de nebulizaci\u00f3n para acabar con el\nmosquito en su fase adulta en esas colonias.<\/p>\n\n\n\n<p>Nuestro Alcalde, resalt\u00f3 que,\npara mitigar los posibles criaderos de las larvas de los mosquitos, el Gobierno\nMunicipal realiz\u00f3 acciones en el \u00e1rea del pante\u00f3n local mediante el llenado de\narena de todos los floreros, con el fin de acabar con estos espacios que\nalmacenaban agua en donde se proliferaban los moscos.<\/p>\n","protected":false},"excerpt":{"rendered":"<p>Colaboran autoridades municipales y Jurisdicci\u00f3n Sanitaria No. 6 El d\u00eda 20 un cami\u00f3n recolector pasar\u00e1&#8230;<\/p>\n","protected":false},"author":1,"featured_media":7435,"comment_status":"open","ping_status":"open","sticky":false,"template":"","format":"standard","meta":{"jetpack_post_was_ever_published":false,"_jetpack_newsletter_access":"","_jetpack_dont_email_post_to_subs":false,"_jetpack_newsletter_tier_id":0,"_jetpack_memberships_contains_paywalled_content":false,"_jetpack_memberships_contains_paid_content":false,"footnotes":"","jetpack_publicize_message":"","jetpack_publicize_feature_enabled":true,"jetpack_social_post_already_shared":false,"jetpack_social_options":{"image_generator_settings":{"template":"highway","enabled":false},"version":2}},"categories":[1],"tags":[],"class_list":["post-7434","post","type-post","status-publish","format-standard","has-post-thumbnail","hentry","category-la-piedad"],"jetpack_publicize_connections":[],"jetpack_sharing_enabled":true,"featured_image_urls":{"full":["http:\/\/tvalaire.com\/wp-content\/uploads\/2020\/08\/1-1-5.jpeg",656,401,false],"thumbnail":["http:\/\/tvalaire.com\/wp-content\/uploads\/2020\/08\/1-1-5-150x150.jpeg",150,150,true],"medium":["http:\/\/tvalaire.com\/wp-content\/uploads\/2020\/08\/1-1-5-300x183.jpeg",300,183,true],"medium_large":["http:\/\/tvalaire.com\/wp-content\/uploads\/2020\/08\/1-1-5.jpeg",640,391,false],"large":["http:\/\/tvalaire.com\/wp-content\/uploads\/2020\/08\/1-1-5.jpeg",640,391,false],"post-slider-thumb-size":["http:\/\/tvalaire.com\/wp-content\/uploads\/2020\/08\/1-1-5-330x190.jpeg",330,190,true],"post-category-slider-size":["http:\/\/tvalaire.com\/wp-content\/uploads\/2020\/08\/1-1-5.jpeg",330,202,false],"1536x1536":["http:\/\/tvalaire.com\/wp-content\/uploads\/2020\/08\/1-1-5.jpeg",656,401,false],"2048x2048":["http:\/\/tvalaire.com\/wp-content\/uploads\/2020\/08\/1-1-5.jpeg",656,401,false],"newsium-slider-full":["http:\/\/tvalaire.com\/wp-content\/uploads\/2020\/08\/1-1-5.jpeg",656,401,false],"newsium-featured":["http:\/\/tvalaire.com\/wp-content\/uploads\/2020\/08\/1-1-5.jpeg",656,401,false],"newsium-medium":["http:\/\/tvalaire.com\/wp-content\/uploads\/2020\/08\/1-1-5.jpeg",656,401,false]},"author_info":{"info":["tvalairenoti"]},"category_info":"<a href=\"http:\/\/tvalaire.com\/?cat=1\" rel=\"category\">La Piedad<\/a>","tag_info":"La Piedad","comment_count":"0","jetpack_featured_media_url":"http:\/\/tvalaire.com\/wp-content\/uploads\/2020\/08\/1-1-5.jpeg","_links":{"self":[{"href":"http:\/\/tvalaire.com\/index.php?rest_route=\/wp\/v2\/posts\/7434"}],"collection":[{"href":"http:\/\/tvalaire.com\/index.php?rest_route=\/wp\/v2\/posts"}],"about":[{"href":"http:\/\/tvalaire.com\/index.php?rest_route=\/wp\/v2\/types\/post"}],"author":[{"embeddable":true,"href":"http:\/\/tvalaire.com\/index.php?rest_route=\/wp\/v2\/users\/1"}],"replies":[{"embeddable":true,"href":"http:\/\/tvalaire.com\/index.php?rest_route=%2Fwp%2Fv2%2Fcomments&post=7434"}],"version-history":[{"count":1,"href":"http:\/\/tvalaire.com\/index.php?rest_route=\/wp\/v2\/posts\/7434\/revisions"}],"predecessor-version":[{"id":7436,"href":"http:\/\/tvalaire.com\/index.php?rest_route=\/wp\/v2\/posts\/7434\/revisions\/7436"}],"wp:featuredmedia":[{"embeddable":true,"href":"http:\/\/tvalaire.com\/index.php?rest_route=\/wp\/v2\/media\/7435"}],"wp:attachment":[{"href":"http:\/\/tvalaire.com\/index.php?rest_route=%2Fwp%2Fv2%2Fmedia&parent=7434"}],"wp:term":[{"taxonomy":"category","embeddable":true,"href":"http:\/\/tvalaire.com\/index.php?rest_route=%2Fwp%2Fv2%2Fcategories&post=7434"},{"taxonomy":"post_tag","embeddable":true,"href":"http:\/\/tvalaire.com\/index.php?rest_route=%2Fwp%2Fv2%2Ftags&post=7434"}],"curies":[{"name":"wp","href":"https:\/\/api.w.org\/{rel}","templated":true}]}}