{"id":7408,"date":"2020-07-08T10:48:00","date_gmt":"2020-07-08T15:48:00","guid":{"rendered":"http:\/\/tvalaire.com\/?p=7408"},"modified":"2020-08-01T10:50:03","modified_gmt":"2020-08-01T15:50:03","slug":"cerraran-a-la-circulacion-calles-del-primer-cuadro-por-inicio-de-obras","status":"publish","type":"post","link":"http:\/\/tvalaire.com\/?p=7408","title":{"rendered":"CERRAR\u00c1N A LA CIRCULACI\u00d3N CALLES DEL PRIMER CUADRO POR INICIO DE OBRAS"},"content":{"rendered":"\n<p><\/p>\n\n\n\n<ul class=\"wp-block-list\"><li><strong>Tr\u00e1nsito\nMunicipal pide atender las recomendaciones en v\u00edas alternas <\/strong><\/li><li><strong>Se\npide la comprensi\u00f3n de la poblaci\u00f3n por las labores a realizar <\/strong><\/li><\/ul>\n\n\n\n<p>Tr\u00e1nsito Municipal tiene\nprogramados por lo menos tres cortes de circulaci\u00f3n vial en el Primer Cuadro\npor el arranque de las obras de rehabilitaci\u00f3n en las calles: 5 de Mayo,\nJu\u00e1rez, Sim\u00f3n Bol\u00edvar y Madero.<\/p>\n\n\n\n<p>Las obras incluir\u00e1n la\nrehabilitaci\u00f3n de la red de agua potable y pavimentaci\u00f3n con concreto\nhidr\u00e1ulico, que el Gobierno Municipal a trav\u00e9s del Sistema de Agua Potable\nAlcantarillado y Saneamiento (SAPAS), con apoyo de la Comisi\u00f3n Nacional del\nAgua (CONAGUA) y la Comisi\u00f3n Estatal de Aguas y Gesti\u00f3n de Cuencas (CEAC),\nllevar\u00e1 a cabo en esta ciudad.<\/p>\n\n\n\n<p>Los tramos de las calles a\nreparar a trav\u00e9s de este programa son: 5 de Mayo entre Leona Vicario y Narciso\nMendoza; Ju\u00e1rez entre Ocampo y Mariano Silva y Aceves; Sim\u00f3n Bol\u00edvar entre 16\nde Septiembre y Mariano Silva y Aceves, as\u00ed como Madero entre Matamoros y\nMariano Jim\u00e9nez.<\/p>\n\n\n\n<p>Por lo anterior, el director\nde Tr\u00e1nsito Gabriel Anguiano Maga\u00f1a, inform\u00f3 que los primeros cortes ser\u00e1n los\nsiguientes: <\/p>\n\n\n\n<p>El primer cierre ser\u00e1 en la\ncalle Ju\u00e1rez a la altura de la farmacia del Dr. Simi, ya que la circulaci\u00f3n vehicular\nse desviar\u00e1 por la calle Ocampo para seguir por Matamoros.<\/p>\n\n\n\n<p>El segundo cierre ser\u00e1 en la\ncalle Sim\u00f3n Bol\u00edvar a partir de la 16 de Septiembre a Mariano Silva y Aceves y\nel tercer cierre ser\u00e1 sobre la calle 5 de Mayo a partir de Leona Vicario.<\/p>\n\n\n\n<p>Mencion\u00f3 que, para evitar\nproblemas de vialidad al centro, la calle Madero se cerrar\u00e1 hasta que se hayan\nterminado de pavimentar las tres primeras, aunque el corte que se tiene\nprevisto en \u00e9sta ser\u00e1 a partir de la Juan \u00c1lvarez.<\/p>\n\n\n\n<p>En estos puntos, se colocar\u00e1n se\u00f1ales o habr\u00e1 agentes de Tr\u00e1nsito para facilitar el acceso vehicular al Primer Cuadro de la ciudad.Por lo que pidi\u00f3 la comprensi\u00f3n de los conductores a quienes pidi\u00f3 seguir las indicaciones que se dar\u00e1n para evitar aglomeraciones.<\/p>\n\n\n\n<figure class=\"wp-block-gallery columns-3 is-cropped wp-block-gallery-1 is-layout-flex wp-block-gallery-is-layout-flex\"><ul class=\"blocks-gallery-grid\"><li class=\"blocks-gallery-item\"><figure><img loading=\"lazy\" decoding=\"async\" width=\"1024\" height=\"1024\" src=\"http:\/\/tvalaire.com\/wp-content\/uploads\/2020\/08\/1-3-1-1024x1024.jpeg\" alt=\"\" data-id=\"7410\" data-full-url=\"http:\/\/tvalaire.com\/wp-content\/uploads\/2020\/08\/1-3-1.jpeg\" data-link=\"http:\/\/tvalaire.com\/?attachment_id=7410\" class=\"wp-image-7410\" srcset=\"http:\/\/tvalaire.com\/wp-content\/uploads\/2020\/08\/1-3-1-1024x1024.jpeg 1024w, http:\/\/tvalaire.com\/wp-content\/uploads\/2020\/08\/1-3-1-300x300.jpeg 300w, http:\/\/tvalaire.com\/wp-content\/uploads\/2020\/08\/1-3-1-150x150.jpeg 150w, http:\/\/tvalaire.com\/wp-content\/uploads\/2020\/08\/1-3-1-768x768.jpeg 768w, http:\/\/tvalaire.com\/wp-content\/uploads\/2020\/08\/1-3-1.jpeg 1280w\" sizes=\"(max-width: 1024px) 100vw, 1024px\" \/><\/figure><\/li><li class=\"blocks-gallery-item\"><figure><img loading=\"lazy\" decoding=\"async\" width=\"1024\" height=\"1024\" src=\"http:\/\/tvalaire.com\/wp-content\/uploads\/2020\/08\/1-2-2-1024x1024.jpeg\" alt=\"\" data-id=\"7409\" data-full-url=\"http:\/\/tvalaire.com\/wp-content\/uploads\/2020\/08\/1-2-2.jpeg\" data-link=\"http:\/\/tvalaire.com\/?attachment_id=7409\" class=\"wp-image-7409\" srcset=\"http:\/\/tvalaire.com\/wp-content\/uploads\/2020\/08\/1-2-2-1024x1023.jpeg 1024w, http:\/\/tvalaire.com\/wp-content\/uploads\/2020\/08\/1-2-2-300x300.jpeg 300w, http:\/\/tvalaire.com\/wp-content\/uploads\/2020\/08\/1-2-2-150x150.jpeg 150w, http:\/\/tvalaire.com\/wp-content\/uploads\/2020\/08\/1-2-2-768x767.jpeg 768w, http:\/\/tvalaire.com\/wp-content\/uploads\/2020\/08\/1-2-2.jpeg 1280w\" sizes=\"(max-width: 1024px) 100vw, 1024px\" \/><\/figure><\/li><li class=\"blocks-gallery-item\"><figure><img loading=\"lazy\" decoding=\"async\" width=\"1024\" height=\"1024\" src=\"http:\/\/tvalaire.com\/wp-content\/uploads\/2020\/08\/1-1-2-1024x1024.jpeg\" alt=\"\" data-id=\"7411\" data-full-url=\"http:\/\/tvalaire.com\/wp-content\/uploads\/2020\/08\/1-1-2.jpeg\" data-link=\"http:\/\/tvalaire.com\/?attachment_id=7411\" class=\"wp-image-7411\" srcset=\"http:\/\/tvalaire.com\/wp-content\/uploads\/2020\/08\/1-1-2-1024x1024.jpeg 1024w, http:\/\/tvalaire.com\/wp-content\/uploads\/2020\/08\/1-1-2-300x300.jpeg 300w, http:\/\/tvalaire.com\/wp-content\/uploads\/2020\/08\/1-1-2-150x150.jpeg 150w, http:\/\/tvalaire.com\/wp-content\/uploads\/2020\/08\/1-1-2-768x768.jpeg 768w, http:\/\/tvalaire.com\/wp-content\/uploads\/2020\/08\/1-1-2.jpeg 1280w\" sizes=\"(max-width: 1024px) 100vw, 1024px\" \/><\/figure><\/li><\/ul><\/figure>\n","protected":false},"excerpt":{"rendered":"<p>Tr\u00e1nsito Municipal pide atender las recomendaciones en v\u00edas alternas Se pide la comprensi\u00f3n de la&#8230;<\/p>\n","protected":false},"author":1,"featured_media":7409,"comment_status":"open","ping_status":"open","sticky":false,"template":"","format":"standard","meta":{"jetpack_post_was_ever_published":false,"_jetpack_newsletter_access":"","_jetpack_dont_email_post_to_subs":false,"_jetpack_newsletter_tier_id":0,"_jetpack_memberships_contains_paywalled_content":false,"_jetpack_memberships_contains_paid_content":false,"footnotes":"","jetpack_publicize_message":"","jetpack_publicize_feature_enabled":true,"jetpack_social_post_already_shared":false,"jetpack_social_options":{"image_generator_settings":{"template":"highway","enabled":false},"version":2}},"categories":[1],"tags":[],"class_list":["post-7408","post","type-post","status-publish","format-standard","has-post-thumbnail","hentry","category-la-piedad"],"jetpack_publicize_connections":[],"jetpack_sharing_enabled":true,"featured_image_urls":{"full":["http:\/\/tvalaire.com\/wp-content\/uploads\/2020\/08\/1-2-2.jpeg",1280,1279,false],"thumbnail":["http:\/\/tvalaire.com\/wp-content\/uploads\/2020\/08\/1-2-2-150x150.jpeg",150,150,true],"medium":["http:\/\/tvalaire.com\/wp-content\/uploads\/2020\/08\/1-2-2-300x300.jpeg",300,300,true],"medium_large":["http:\/\/tvalaire.com\/wp-content\/uploads\/2020\/08\/1-2-2-768x767.jpeg",640,639,true],"large":["http:\/\/tvalaire.com\/wp-content\/uploads\/2020\/08\/1-2-2-1024x1024.jpeg",640,640,true],"post-slider-thumb-size":["http:\/\/tvalaire.com\/wp-content\/uploads\/2020\/08\/1-2-2-330x190.jpeg",330,190,true],"post-category-slider-size":["http:\/\/tvalaire.com\/wp-content\/uploads\/2020\/08\/1-2-2.jpeg",330,330,false],"1536x1536":["http:\/\/tvalaire.com\/wp-content\/uploads\/2020\/08\/1-2-2.jpeg",1280,1279,false],"2048x2048":["http:\/\/tvalaire.com\/wp-content\/uploads\/2020\/08\/1-2-2.jpeg",1280,1279,false],"newsium-slider-full":["http:\/\/tvalaire.com\/wp-content\/uploads\/2020\/08\/1-2-2-1280x845.jpeg",1280,845,true],"newsium-featured":["http:\/\/tvalaire.com\/wp-content\/uploads\/2020\/08\/1-2-2-1024x1023.jpeg",1024,1023,true],"newsium-medium":["http:\/\/tvalaire.com\/wp-content\/uploads\/2020\/08\/1-2-2-720x475.jpeg",720,475,true]},"author_info":{"info":["tvalairenoti"]},"category_info":"<a href=\"http:\/\/tvalaire.com\/?cat=1\" rel=\"category\">La Piedad<\/a>","tag_info":"La Piedad","comment_count":"0","jetpack_featured_media_url":"http:\/\/tvalaire.com\/wp-content\/uploads\/2020\/08\/1-2-2.jpeg","_links":{"self":[{"href":"http:\/\/tvalaire.com\/index.php?rest_route=\/wp\/v2\/posts\/7408"}],"collection":[{"href":"http:\/\/tvalaire.com\/index.php?rest_route=\/wp\/v2\/posts"}],"about":[{"href":"http:\/\/tvalaire.com\/index.php?rest_route=\/wp\/v2\/types\/post"}],"author":[{"embeddable":true,"href":"http:\/\/tvalaire.com\/index.php?rest_route=\/wp\/v2\/users\/1"}],"replies":[{"embeddable":true,"href":"http:\/\/tvalaire.com\/index.php?rest_route=%2Fwp%2Fv2%2Fcomments&post=7408"}],"version-history":[{"count":1,"href":"http:\/\/tvalaire.com\/index.php?rest_route=\/wp\/v2\/posts\/7408\/revisions"}],"predecessor-version":[{"id":7412,"href":"http:\/\/tvalaire.com\/index.php?rest_route=\/wp\/v2\/posts\/7408\/revisions\/7412"}],"wp:featuredmedia":[{"embeddable":true,"href":"http:\/\/tvalaire.com\/index.php?rest_route=\/wp\/v2\/media\/7409"}],"wp:attachment":[{"href":"http:\/\/tvalaire.com\/index.php?rest_route=%2Fwp%2Fv2%2Fmedia&parent=7408"}],"wp:term":[{"taxonomy":"category","embeddable":true,"href":"http:\/\/tvalaire.com\/index.php?rest_route=%2Fwp%2Fv2%2Fcategories&post=7408"},{"taxonomy":"post_tag","embeddable":true,"href":"http:\/\/tvalaire.com\/index.php?rest_route=%2Fwp%2Fv2%2Ftags&post=7408"}],"curies":[{"name":"wp","href":"https:\/\/api.w.org\/{rel}","templated":true}]}}